{"id":25587,"date":"2026-03-02T15:22:56","date_gmt":"2026-03-02T14:22:56","guid":{"rendered":"https:\/\/www.investincotedazur.com\/?p=25587"},"modified":"2026-03-03T10:45:17","modified_gmt":"2026-03-03T09:45:17","slug":"cork-nice-direct-aer-lingus-service-from-may-2026","status":"publish","type":"post","link":"https:\/\/www.investincotedazur.com\/en\/cork-nice-direct-aer-lingus-service-from-may-2026\/","title":{"rendered":"Cork\u2013Nice: Direct Aer Lingus service from May 2026"},"content":{"rendered":"\n<div class=\"wp-container-3 wp-block-columns\">\n<div class=\"wp-container-1 wp-block-column\" style=\"flex-basis:33.33%\">\n<figure class=\"wp-block-image size-full\"><img width=\"700\" height=\"700\" src=\"https:\/\/www.investincotedazur.com\/wp-content\/uploads\/2026\/03\/nice-cork-2026.jpg\" alt=\"cork nice 2026\" class=\"wp-image-25578\" srcset=\"https:\/\/www.investincotedazur.com\/wp-content\/uploads\/2026\/03\/nice-cork-2026.jpg 700w, https:\/\/www.investincotedazur.com\/wp-content\/uploads\/2026\/03\/nice-cork-2026-300x300.jpg 300w, https:\/\/www.investincotedazur.com\/wp-content\/uploads\/2026\/03\/nice-cork-2026-150x150.jpg 150w\" sizes=\"(max-width: 700px) 100vw, 700px\" \/><figcaption><em><sup>(c) All rights reserved \u2013 Aer Lingus<\/sup><\/em><\/figcaption><\/figure>\n<\/div>\n\n\n\n<div class=\"wp-container-2 wp-block-column\" style=\"flex-basis:66.66%\">\n<ul class=\"has-medium-font-size\"><li><strong><a href=\"https:\/\/www.aerlingus.com\/\" target=\"_blank\" rel=\"noreferrer noopener nofollow\">Aer Lingus<\/a> has announced the launch of a new route connecting Cork, Ireland, with Nice C\u00f4te d\u2019Azur. <\/strong>This seasonal service will operate from <strong>2 May through 30 September 2026.<\/strong> <\/li><li><strong>Direct access for travellers from southern Ireland<\/strong><br>Cork is Ireland\u2019s second-largest airport. The new connection enables passengers from the south of the country to reach Nice without transiting through Dublin or London. As a result, it streamlines both leisure travel and business mobility between the two regions.  <\/li><li><strong>Momentum aligned with international growth recorded in 2025<\/strong><br><strong>In 2025,<\/strong> <strong><a href=\"https:\/\/www.investincotedazur.com\/en\/nice-cote-dazur-airport-closes-2025-with-record-traffic\/\">Nice recorded a 4.7% increase in international traffic, while regular long-haul services expanded by 5.8%.<\/a><\/strong> These figures confirm the continued strengthening of the airport\u2019s European and intercontinental positioning.<\/li><\/ul>\n<\/div>\n<\/div>\n\n\n\n<p>Nice C\u00f4te d\u2019Azur Airport is further expanding its European network with the introduction of this direct<strong> Cork\u2013Nice route<\/strong> effective <strong>2 May 2026<\/strong>. Operated by Aer Lingus as part of its summer programme, the service will run twice weekly. <\/p>\n\n\n\n<div style=\"height:31px\" aria-hidden=\"true\" class=\"wp-block-spacer\"><\/div>\n\n\n\n<h2>A direct connection between southern Ireland and Nice C\u00f4te d\u2019Azur<\/h2>\n\n\n\n<p>Cork serves a dynamic catchment area characterised by a strong presence of technology and pharmaceutical industries. The new route allows Irish travellers to access Nice without connecting flights via Dublin or London, improving operational efficiency for tourism and corporate travel alike. <\/p>\n\n\n\n<p>This addition forms part of Aer Lingus\u2019 broader European network expansion from Cork, alongside other newly introduced summer destinations.<\/p>\n\n\n\n<div style=\"height:31px\" aria-hidden=\"true\" class=\"wp-block-spacer\"><\/div>\n\n\n\n<h2>A lever for international attractiveness<\/h2>\n\n\n\n<p>Ireland represents a high-income market with strong outbound mobility. According to the <a href=\"https:\/\/www.cso.ie\/en\/releasesandpublications\/ep\/p-hts\/householdtravelsurveyquarter12025\/#:~:text=Irish%20residents%20spent%20a%20total,related%20travel%20made%20up%205%25.\">Central Statistics Office<\/a>, Irish residents undertake several million international trips annually, with a pronounced preference for Southern Europe.<\/p>\n\n\n\n<p>For the C\u00f4te d\u2019Azur, this new connection contributes to:<\/p>\n\n\n\n<ul><li>Broadening the geographic origin of European visitors<\/li><li>Strengthening tourism flows<\/li><li>Supporting economic exchanges between two innovation-intensive territories<\/li><\/ul>\n\n\n\n<div style=\"height:31px\" aria-hidden=\"true\" class=\"wp-block-spacer\"><\/div>\n\n\n\n<h2>2025 performance of the C\u00f4te d\u2019Azur airports<\/h2>\n\n\n\n<p>The announcement follows a year of measured growth for Nice:<\/p>\n\n\n\n<ul><li><strong>15.23 million commercial passengers<\/strong> (+3.2% compared with 2024)<\/li><li><strong>163,052 commercial aircraft movements <\/strong>(+1.9%), reflecting capacity optimisation<\/li><li><strong>International traffic up 4.7%<\/strong><\/li><\/ul>\n\n\n\n<p>In parallel, the airport became in 2025 the first in France to achieve <strong>Level 5 under the Airport Carbon Accreditation programme <\/strong>coordinated by Airports Council International, the highest standard within the framework. The group also obtained an EcoVadis gold medal, placing it within the top 1% of its sector globally. <\/p>\n\n\n\n<p><\/p>\n\n\n\n<p>Source: <a href=\"https:\/\/mediacentre.aerlingus.com\/news\/from-glasgow-to-galicia-aer-lingus-and-aer-lingus-regional-unveil-expanded-summer-schedule-from-cork\/23022026\" target=\"_blank\" rel=\"noreferrer noopener nofollow\">Aer Lingus Announcement<\/a><\/p>\n\n\n\n<hr class=\"wp-block-separator has-alpha-channel-opacity\"\/>\n\n\n\n<h2>Nice C\u00f4te d&#8217;Azur Connectivity<\/h2>\n\n\n<ul class=\"wp-block-latest-posts__list is-grid columns-2 wp-block-latest-posts\"><li><div class=\"wp-block-latest-posts__featured-image alignleft\"><img width=\"150\" height=\"150\" src=\"https:\/\/www.investincotedazur.com\/wp-content\/uploads\/2026\/04\/Twin-Jet-vols-Nice-Olbia-et-Nice-Minorque-ete-2026-150x150.png\" class=\"attachment-thumbnail size-thumbnail wp-post-image\" alt=\"Twin Jet  vols Nice-Olbia et Nice-Minorque \u00e9t\u00e9 2026\" style=\"max-width:50px;\" loading=\"lazy\" srcset=\"https:\/\/www.investincotedazur.com\/wp-content\/uploads\/2026\/04\/Twin-Jet-vols-Nice-Olbia-et-Nice-Minorque-ete-2026-150x150.png 150w, https:\/\/www.investincotedazur.com\/wp-content\/uploads\/2026\/04\/Twin-Jet-vols-Nice-Olbia-et-Nice-Minorque-ete-2026-700x700.png 700w\" sizes=\"(max-width: 150px) 100vw, 150px\" \/><\/div><a class=\"wp-block-latest-posts__post-title\" href=\"https:\/\/www.investincotedazur.com\/en\/twin-jet-new-routes-nice-olbia-and-nice-menorca-summer-2026\/\">Twin Jet new routes Nice\u2013Olbia and Nice\u2013Menorca summer 2026<\/a><\/li>\n<li><div class=\"wp-block-latest-posts__featured-image alignleft\"><img width=\"150\" height=\"150\" src=\"https:\/\/www.investincotedazur.com\/wp-content\/uploads\/2026\/04\/investincotedazur-2026-04-16T170826.346-150x150.png\" class=\"attachment-thumbnail size-thumbnail wp-post-image\" alt=\"extension t2 nice\" style=\"max-width:50px;\" loading=\"lazy\" srcset=\"https:\/\/www.investincotedazur.com\/wp-content\/uploads\/2026\/04\/investincotedazur-2026-04-16T170826.346-150x150.png 150w, https:\/\/www.investincotedazur.com\/wp-content\/uploads\/2026\/04\/investincotedazur-2026-04-16T170826.346-700x700.png 700w\" sizes=\"(max-width: 150px) 100vw, 150px\" \/><\/div><a class=\"wp-block-latest-posts__post-title\" href=\"https:\/\/www.investincotedazur.com\/en\/nice-cote-dazur-airport-terminal-2-extension-23000-sq-m-and-capacity-increased-to-18-million-passengers\/\">Nice C\u00f4te d\u2019Azur Airport Terminal 2 extension: 23,000 sq m and capacity increased to 18 million passengers<\/a><\/li>\n<li><div class=\"wp-block-latest-posts__featured-image alignleft\"><img width=\"150\" height=\"150\" src=\"https:\/\/www.investincotedazur.com\/wp-content\/uploads\/2026\/03\/aeroport-nice-cote-dazur-ete-2026-reseau-150x150.jpg\" class=\"attachment-thumbnail size-thumbnail wp-post-image\" alt=\"a\u00e9roport nice c\u00f4te d\u2019azur \u00e9t\u00e9 2026 r\u00e9seau\" style=\"max-width:50px;\" loading=\"lazy\" srcset=\"https:\/\/www.investincotedazur.com\/wp-content\/uploads\/2026\/03\/aeroport-nice-cote-dazur-ete-2026-reseau-150x150.jpg 150w, https:\/\/www.investincotedazur.com\/wp-content\/uploads\/2026\/03\/aeroport-nice-cote-dazur-ete-2026-reseau-300x300.jpg 300w, https:\/\/www.investincotedazur.com\/wp-content\/uploads\/2026\/03\/aeroport-nice-cote-dazur-ete-2026-reseau.jpg 700w\" sizes=\"(max-width: 150px) 100vw, 150px\" \/><\/div><a class=\"wp-block-latest-posts__post-title\" href=\"https:\/\/www.investincotedazur.com\/en\/nice-cote-dazur-airport-summer-2026-a-record-network-of-130-destinations\/\">Nice C\u00f4te d\u2019Azur Airport summer 2026: a record network of 130 destinations<\/a><\/li>\n<li><div class=\"wp-block-latest-posts__featured-image alignleft\"><img width=\"150\" height=\"150\" src=\"https:\/\/www.investincotedazur.com\/wp-content\/uploads\/2026\/03\/nice-cork-2026-150x150.jpg\" class=\"attachment-thumbnail size-thumbnail wp-post-image\" alt=\"nice cork 2026\" style=\"max-width:50px;\" loading=\"lazy\" srcset=\"https:\/\/www.investincotedazur.com\/wp-content\/uploads\/2026\/03\/nice-cork-2026-150x150.jpg 150w, https:\/\/www.investincotedazur.com\/wp-content\/uploads\/2026\/03\/nice-cork-2026-300x300.jpg 300w, https:\/\/www.investincotedazur.com\/wp-content\/uploads\/2026\/03\/nice-cork-2026.jpg 700w\" sizes=\"(max-width: 150px) 100vw, 150px\" \/><\/div><a class=\"wp-block-latest-posts__post-title\" href=\"https:\/\/www.investincotedazur.com\/en\/cork-nice-direct-aer-lingus-service-from-may-2026\/\">Cork\u2013Nice: Direct Aer Lingus service from May 2026<\/a><\/li>\n<li><div class=\"wp-block-latest-posts__featured-image alignleft\"><img width=\"150\" height=\"150\" src=\"https:\/\/www.investincotedazur.com\/wp-content\/uploads\/2024\/01\/aeroport-cote-azur-2023-150x150.png\" class=\"attachment-thumbnail size-thumbnail wp-post-image\" alt=\"aeroport-cote-azur-2023\" style=\"max-width:50px;\" loading=\"lazy\" srcset=\"https:\/\/www.investincotedazur.com\/wp-content\/uploads\/2024\/01\/aeroport-cote-azur-2023-150x150.png 150w, https:\/\/www.investincotedazur.com\/wp-content\/uploads\/2024\/01\/aeroport-cote-azur-2023-300x300.png 300w, https:\/\/www.investincotedazur.com\/wp-content\/uploads\/2024\/01\/aeroport-cote-azur-2023.png 700w\" sizes=\"(max-width: 150px) 100vw, 150px\" \/><\/div><a class=\"wp-block-latest-posts__post-title\" href=\"https:\/\/www.investincotedazur.com\/en\/e2-8-billion-in-economic-impact-in-2024-for-nice-cote-dazur-and-cannes-mandelieu-airports\/\">\u20ac2.8 billion in economic impact in 2024 for Nice C\u00f4te d\u2019Azur and Cannes-Mandelieu Airports<\/a><\/li>\n<li><div class=\"wp-block-latest-posts__featured-image alignleft\"><img width=\"150\" height=\"150\" src=\"https:\/\/www.investincotedazur.com\/wp-content\/uploads\/2026\/01\/mobilite-arienne-decarbonee-150x150.png\" class=\"attachment-thumbnail size-thumbnail wp-post-image\" alt=\"mobilit\u00e9 arienne decarbonee\" style=\"max-width:50px;\" loading=\"lazy\" srcset=\"https:\/\/www.investincotedazur.com\/wp-content\/uploads\/2026\/01\/mobilite-arienne-decarbonee-150x150.png 150w, https:\/\/www.investincotedazur.com\/wp-content\/uploads\/2026\/01\/mobilite-arienne-decarbonee-700x700.png 700w\" sizes=\"(max-width: 150px) 100vw, 150px\" \/><\/div><a class=\"wp-block-latest-posts__post-title\" href=\"https:\/\/www.investincotedazur.com\/en\/the-cote-dazur-is-emerging-as-a-testing-ground-for-decarbonised-air-mobility\/\">The C\u00f4te d\u2019Azur is emerging as a testing ground for decarbonised air mobility<\/a><\/li>\n<li><div class=\"wp-block-latest-posts__featured-image alignleft\"><img width=\"150\" height=\"150\" src=\"https:\/\/www.investincotedazur.com\/wp-content\/uploads\/2026\/01\/washington-nice-french-riviera-nice-2026-150x150.jpg\" class=\"attachment-thumbnail size-thumbnail wp-post-image\" alt=\"washington nice french riviera nice 2026\" style=\"max-width:50px;\" loading=\"lazy\" srcset=\"https:\/\/www.investincotedazur.com\/wp-content\/uploads\/2026\/01\/washington-nice-french-riviera-nice-2026-150x150.jpg 150w, https:\/\/www.investincotedazur.com\/wp-content\/uploads\/2026\/01\/washington-nice-french-riviera-nice-2026-300x300.jpg 300w, https:\/\/www.investincotedazur.com\/wp-content\/uploads\/2026\/01\/washington-nice-french-riviera-nice-2026.jpg 700w\" sizes=\"(max-width: 150px) 100vw, 150px\" \/><\/div><a class=\"wp-block-latest-posts__post-title\" href=\"https:\/\/www.investincotedazur.com\/en\/united-airlines-washington-nice-2026\/\">United Airlines reactivates the Nice\u2013Washington route in summer 2026<\/a><\/li>\n<li><div class=\"wp-block-latest-posts__featured-image alignleft\"><img width=\"150\" height=\"150\" src=\"https:\/\/www.investincotedazur.com\/wp-content\/uploads\/2026\/01\/investincotedazur-2026-01-21T104349.359-150x150.jpg\" class=\"attachment-thumbnail size-thumbnail wp-post-image\" alt=\"barometre arthur loyd nice\" style=\"max-width:50px;\" loading=\"lazy\" srcset=\"https:\/\/www.investincotedazur.com\/wp-content\/uploads\/2026\/01\/investincotedazur-2026-01-21T104349.359-150x150.jpg 150w, https:\/\/www.investincotedazur.com\/wp-content\/uploads\/2026\/01\/investincotedazur-2026-01-21T104349.359-300x300.jpg 300w, https:\/\/www.investincotedazur.com\/wp-content\/uploads\/2026\/01\/investincotedazur-2026-01-21T104349.359.jpg 700w\" sizes=\"(max-width: 150px) 100vw, 150px\" \/><\/div><a class=\"wp-block-latest-posts__post-title\" href=\"https:\/\/www.investincotedazur.com\/en\/nice-cote-dazur-quality-of-life-arthur-loyd-2025\/\">Nice C\u00f4te d\u2019Azur: Second Place in Quality of Life Among Major French Metropolises in the 2025 Arthur Loyd Barometer<\/a><\/li>\n<\/ul>","protected":false},"excerpt":{"rendered":"<p>Aer Lingus has announced the launch of a new route connecting Cork, Ireland, with Nice C\u00f4te d\u2019Azur. This seasonal service will operate from 2 May through 30 September 2026. Direct access for travellers from southern IrelandCork is Ireland\u2019s second-largest airport. The new connection enables passengers from the south of the country to reach Nice without [&hellip;]<\/p>\n","protected":false},"author":14,"featured_media":25579,"comment_status":"closed","ping_status":"open","sticky":false,"template":"","format":"standard","meta":{"_mi_skip_tracking":false,"_monsterinsights_sitenote_active":false,"_monsterinsights_sitenote_note":"","_monsterinsights_sitenote_category":0},"categories":[153,135],"tags":[],"acf":[],"yoast_head":"<!-- This site is optimized with the Yoast SEO plugin v19.12 - https:\/\/yoast.com\/wordpress\/plugins\/seo\/ -->\n<title>Cork\u2013Nice: Direct Aer Lingus service from May 2026 - Invest in C\u00f4te d&#039;Azur<\/title>\n<meta name=\"description\" content=\"Cork-Nice 2026: launch of a direct Aer Lingus flight from 2 May 2026. A new strategic route for Nice C\u00f4te d\u2019Azur Airport, extending the momentum of record traffic in 2025.\" \/>\n<meta name=\"robots\" content=\"index, follow, max-snippet:-1, max-image-preview:large, max-video-preview:-1\" \/>\n<link rel=\"canonical\" href=\"https:\/\/www.investincotedazur.com\/en\/cork-nice-direct-aer-lingus-service-from-may-2026\/\" \/>\n<meta property=\"og:locale\" content=\"en_US\" \/>\n<meta property=\"og:type\" content=\"article\" \/>\n<meta property=\"og:title\" content=\"Cork\u2013Nice: Direct Aer Lingus service from May 2026 - Invest in C\u00f4te d&#039;Azur\" \/>\n<meta property=\"og:description\" content=\"Cork-Nice 2026: launch of a direct Aer Lingus flight from 2 May 2026. A new strategic route for Nice C\u00f4te d\u2019Azur Airport, extending the momentum of record traffic in 2025.\" \/>\n<meta property=\"og:url\" content=\"https:\/\/www.investincotedazur.com\/en\/cork-nice-direct-aer-lingus-service-from-may-2026\/\" \/>\n<meta property=\"og:site_name\" content=\"Invest in C\u00f4te d&#039;Azur\" \/>\n<meta property=\"article:published_time\" content=\"2026-03-02T14:22:56+00:00\" \/>\n<meta property=\"article:modified_time\" content=\"2026-03-03T09:45:17+00:00\" \/>\n<meta property=\"og:image\" content=\"https:\/\/www.investincotedazur.com\/wp-content\/uploads\/2026\/03\/nice-cork-2026.jpg\" \/>\n\t<meta property=\"og:image:width\" content=\"700\" \/>\n\t<meta property=\"og:image:height\" content=\"700\" \/>\n\t<meta property=\"og:image:type\" content=\"image\/jpeg\" \/>\n<meta name=\"author\" content=\"Jose Perez Gabarron\" \/>\n<meta name=\"twitter:card\" content=\"summary_large_image\" \/>\n<meta name=\"twitter:creator\" content=\"@Investcotedazur\" \/>\n<meta name=\"twitter:site\" content=\"@Investcotedazur\" \/>\n<meta name=\"twitter:label1\" content=\"Written by\" \/>\n\t<meta name=\"twitter:data1\" content=\"Jose Perez Gabarron\" \/>\n\t<meta name=\"twitter:label2\" content=\"Est. reading time\" \/>\n\t<meta name=\"twitter:data2\" content=\"3 minutes\" \/>\n<script type=\"application\/ld+json\" class=\"yoast-schema-graph\">{\"@context\":\"https:\/\/schema.org\",\"@graph\":[{\"@type\":\"Article\",\"@id\":\"https:\/\/www.investincotedazur.com\/en\/cork-nice-direct-aer-lingus-service-from-may-2026\/#article\",\"isPartOf\":{\"@id\":\"https:\/\/www.investincotedazur.com\/en\/cork-nice-direct-aer-lingus-service-from-may-2026\/\"},\"author\":{\"name\":\"Jose Perez Gabarron\",\"@id\":\"https:\/\/www.investincotedazur.com\/en\/#\/schema\/person\/ebbeede4229d29e0861488f2bd1036d9\"},\"headline\":\"Cork\u2013Nice: Direct Aer Lingus service from May 2026\",\"datePublished\":\"2026-03-02T14:22:56+00:00\",\"dateModified\":\"2026-03-03T09:45:17+00:00\",\"mainEntityOfPage\":{\"@id\":\"https:\/\/www.investincotedazur.com\/en\/cork-nice-direct-aer-lingus-service-from-may-2026\/\"},\"wordCount\":387,\"publisher\":{\"@id\":\"https:\/\/www.investincotedazur.com\/en\/#organization\"},\"articleSection\":[\"Connectivity\",\"International\"],\"inLanguage\":\"en-US\"},{\"@type\":\"WebPage\",\"@id\":\"https:\/\/www.investincotedazur.com\/en\/cork-nice-direct-aer-lingus-service-from-may-2026\/\",\"url\":\"https:\/\/www.investincotedazur.com\/en\/cork-nice-direct-aer-lingus-service-from-may-2026\/\",\"name\":\"Cork\u2013Nice: Direct Aer Lingus service from May 2026 - Invest in C\u00f4te d&#039;Azur\",\"isPartOf\":{\"@id\":\"https:\/\/www.investincotedazur.com\/en\/#website\"},\"datePublished\":\"2026-03-02T14:22:56+00:00\",\"dateModified\":\"2026-03-03T09:45:17+00:00\",\"description\":\"Cork-Nice 2026: launch of a direct Aer Lingus flight from 2 May 2026. A new strategic route for Nice C\u00f4te d\u2019Azur Airport, extending the momentum of record traffic in 2025.\",\"inLanguage\":\"en-US\",\"potentialAction\":[{\"@type\":\"ReadAction\",\"target\":[\"https:\/\/www.investincotedazur.com\/en\/cork-nice-direct-aer-lingus-service-from-may-2026\/\"]}]},{\"@type\":\"WebSite\",\"@id\":\"https:\/\/www.investincotedazur.com\/en\/#website\",\"url\":\"https:\/\/www.investincotedazur.com\/en\/\",\"name\":\"Invest in C\u00f4te d'Azur\",\"description\":\"\",\"publisher\":{\"@id\":\"https:\/\/www.investincotedazur.com\/en\/#organization\"},\"alternateName\":\"Invest in C\u00f4te d'Azur\",\"potentialAction\":[{\"@type\":\"SearchAction\",\"target\":{\"@type\":\"EntryPoint\",\"urlTemplate\":\"https:\/\/www.investincotedazur.com\/en\/?s={search_term_string}\"},\"query-input\":\"required name=search_term_string\"}],\"inLanguage\":\"en-US\"},{\"@type\":\"Organization\",\"@id\":\"https:\/\/www.investincotedazur.com\/en\/#organization\",\"name\":\"Invest in C\u00f4te d'Azur\",\"alternateName\":\"Invest in C\u00f4te d'Azur\",\"url\":\"https:\/\/www.investincotedazur.com\/en\/\",\"logo\":{\"@type\":\"ImageObject\",\"inLanguage\":\"en-US\",\"@id\":\"https:\/\/www.investincotedazur.com\/en\/#\/schema\/logo\/image\/\",\"url\":\"https:\/\/www.investincotedazur.com\/wp-content\/uploads\/2023\/05\/cropped-New-missions-3.png\",\"contentUrl\":\"https:\/\/www.investincotedazur.com\/wp-content\/uploads\/2023\/05\/cropped-New-missions-3.png\",\"width\":512,\"height\":512,\"caption\":\"Invest in C\u00f4te d'Azur\"},\"image\":{\"@id\":\"https:\/\/www.investincotedazur.com\/en\/#\/schema\/logo\/image\/\"},\"sameAs\":[\"https:\/\/www.linkedin.com\/company\/investincotedazur\/\",\"https:\/\/twitter.com\/Investcotedazur\"]},{\"@type\":\"Person\",\"@id\":\"https:\/\/www.investincotedazur.com\/en\/#\/schema\/person\/ebbeede4229d29e0861488f2bd1036d9\",\"name\":\"Jose Perez Gabarron\",\"image\":{\"@type\":\"ImageObject\",\"inLanguage\":\"en-US\",\"@id\":\"https:\/\/www.investincotedazur.com\/en\/#\/schema\/person\/image\/\",\"url\":\"https:\/\/secure.gravatar.com\/avatar\/20ec9e74f48620b8ee4253da6b114950?s=96&d=mm&r=g\",\"contentUrl\":\"https:\/\/secure.gravatar.com\/avatar\/20ec9e74f48620b8ee4253da6b114950?s=96&d=mm&r=g\",\"caption\":\"Jose Perez Gabarron\"}}]}<\/script>\n<!-- \/ Yoast SEO plugin. -->","yoast_head_json":{"title":"Cork\u2013Nice: Direct Aer Lingus service from May 2026 - Invest in C\u00f4te d&#039;Azur","description":"Cork-Nice 2026: launch of a direct Aer Lingus flight from 2 May 2026. A new strategic route for Nice C\u00f4te d\u2019Azur Airport, extending the momentum of record traffic in 2025.","robots":{"index":"index","follow":"follow","max-snippet":"max-snippet:-1","max-image-preview":"max-image-preview:large","max-video-preview":"max-video-preview:-1"},"canonical":"https:\/\/www.investincotedazur.com\/en\/cork-nice-direct-aer-lingus-service-from-may-2026\/","og_locale":"en_US","og_type":"article","og_title":"Cork\u2013Nice: Direct Aer Lingus service from May 2026 - Invest in C\u00f4te d&#039;Azur","og_description":"Cork-Nice 2026: launch of a direct Aer Lingus flight from 2 May 2026. A new strategic route for Nice C\u00f4te d\u2019Azur Airport, extending the momentum of record traffic in 2025.","og_url":"https:\/\/www.investincotedazur.com\/en\/cork-nice-direct-aer-lingus-service-from-may-2026\/","og_site_name":"Invest in C\u00f4te d&#039;Azur","article_published_time":"2026-03-02T14:22:56+00:00","article_modified_time":"2026-03-03T09:45:17+00:00","og_image":[{"width":700,"height":700,"url":"https:\/\/www.investincotedazur.com\/wp-content\/uploads\/2026\/03\/nice-cork-2026.jpg","type":"image\/jpeg"}],"author":"Jose Perez Gabarron","twitter_card":"summary_large_image","twitter_creator":"@Investcotedazur","twitter_site":"@Investcotedazur","twitter_misc":{"Written by":"Jose Perez Gabarron","Est. reading time":"3 minutes"},"schema":{"@context":"https:\/\/schema.org","@graph":[{"@type":"Article","@id":"https:\/\/www.investincotedazur.com\/en\/cork-nice-direct-aer-lingus-service-from-may-2026\/#article","isPartOf":{"@id":"https:\/\/www.investincotedazur.com\/en\/cork-nice-direct-aer-lingus-service-from-may-2026\/"},"author":{"name":"Jose Perez Gabarron","@id":"https:\/\/www.investincotedazur.com\/en\/#\/schema\/person\/ebbeede4229d29e0861488f2bd1036d9"},"headline":"Cork\u2013Nice: Direct Aer Lingus service from May 2026","datePublished":"2026-03-02T14:22:56+00:00","dateModified":"2026-03-03T09:45:17+00:00","mainEntityOfPage":{"@id":"https:\/\/www.investincotedazur.com\/en\/cork-nice-direct-aer-lingus-service-from-may-2026\/"},"wordCount":387,"publisher":{"@id":"https:\/\/www.investincotedazur.com\/en\/#organization"},"articleSection":["Connectivity","International"],"inLanguage":"en-US"},{"@type":"WebPage","@id":"https:\/\/www.investincotedazur.com\/en\/cork-nice-direct-aer-lingus-service-from-may-2026\/","url":"https:\/\/www.investincotedazur.com\/en\/cork-nice-direct-aer-lingus-service-from-may-2026\/","name":"Cork\u2013Nice: Direct Aer Lingus service from May 2026 - Invest in C\u00f4te d&#039;Azur","isPartOf":{"@id":"https:\/\/www.investincotedazur.com\/en\/#website"},"datePublished":"2026-03-02T14:22:56+00:00","dateModified":"2026-03-03T09:45:17+00:00","description":"Cork-Nice 2026: launch of a direct Aer Lingus flight from 2 May 2026. A new strategic route for Nice C\u00f4te d\u2019Azur Airport, extending the momentum of record traffic in 2025.","inLanguage":"en-US","potentialAction":[{"@type":"ReadAction","target":["https:\/\/www.investincotedazur.com\/en\/cork-nice-direct-aer-lingus-service-from-may-2026\/"]}]},{"@type":"WebSite","@id":"https:\/\/www.investincotedazur.com\/en\/#website","url":"https:\/\/www.investincotedazur.com\/en\/","name":"Invest in C\u00f4te d'Azur","description":"","publisher":{"@id":"https:\/\/www.investincotedazur.com\/en\/#organization"},"alternateName":"Invest in C\u00f4te d'Azur","potentialAction":[{"@type":"SearchAction","target":{"@type":"EntryPoint","urlTemplate":"https:\/\/www.investincotedazur.com\/en\/?s={search_term_string}"},"query-input":"required name=search_term_string"}],"inLanguage":"en-US"},{"@type":"Organization","@id":"https:\/\/www.investincotedazur.com\/en\/#organization","name":"Invest in C\u00f4te d'Azur","alternateName":"Invest in C\u00f4te d'Azur","url":"https:\/\/www.investincotedazur.com\/en\/","logo":{"@type":"ImageObject","inLanguage":"en-US","@id":"https:\/\/www.investincotedazur.com\/en\/#\/schema\/logo\/image\/","url":"https:\/\/www.investincotedazur.com\/wp-content\/uploads\/2023\/05\/cropped-New-missions-3.png","contentUrl":"https:\/\/www.investincotedazur.com\/wp-content\/uploads\/2023\/05\/cropped-New-missions-3.png","width":512,"height":512,"caption":"Invest in C\u00f4te d'Azur"},"image":{"@id":"https:\/\/www.investincotedazur.com\/en\/#\/schema\/logo\/image\/"},"sameAs":["https:\/\/www.linkedin.com\/company\/investincotedazur\/","https:\/\/twitter.com\/Investcotedazur"]},{"@type":"Person","@id":"https:\/\/www.investincotedazur.com\/en\/#\/schema\/person\/ebbeede4229d29e0861488f2bd1036d9","name":"Jose Perez Gabarron","image":{"@type":"ImageObject","inLanguage":"en-US","@id":"https:\/\/www.investincotedazur.com\/en\/#\/schema\/person\/image\/","url":"https:\/\/secure.gravatar.com\/avatar\/20ec9e74f48620b8ee4253da6b114950?s=96&d=mm&r=g","contentUrl":"https:\/\/secure.gravatar.com\/avatar\/20ec9e74f48620b8ee4253da6b114950?s=96&d=mm&r=g","caption":"Jose Perez Gabarron"}}]}},"_links":{"self":[{"href":"https:\/\/www.investincotedazur.com\/en\/wp-json\/wp\/v2\/posts\/25587"}],"collection":[{"href":"https:\/\/www.investincotedazur.com\/en\/wp-json\/wp\/v2\/posts"}],"about":[{"href":"https:\/\/www.investincotedazur.com\/en\/wp-json\/wp\/v2\/types\/post"}],"author":[{"embeddable":true,"href":"https:\/\/www.investincotedazur.com\/en\/wp-json\/wp\/v2\/users\/14"}],"replies":[{"embeddable":true,"href":"https:\/\/www.investincotedazur.com\/en\/wp-json\/wp\/v2\/comments?post=25587"}],"version-history":[{"count":2,"href":"https:\/\/www.investincotedazur.com\/en\/wp-json\/wp\/v2\/posts\/25587\/revisions"}],"predecessor-version":[{"id":25589,"href":"https:\/\/www.investincotedazur.com\/en\/wp-json\/wp\/v2\/posts\/25587\/revisions\/25589"}],"wp:featuredmedia":[{"embeddable":true,"href":"https:\/\/www.investincotedazur.com\/en\/wp-json\/wp\/v2\/media\/25579"}],"wp:attachment":[{"href":"https:\/\/www.investincotedazur.com\/en\/wp-json\/wp\/v2\/media?parent=25587"}],"wp:term":[{"taxonomy":"category","embeddable":true,"href":"https:\/\/www.investincotedazur.com\/en\/wp-json\/wp\/v2\/categories?post=25587"},{"taxonomy":"post_tag","embeddable":true,"href":"https:\/\/www.investincotedazur.com\/en\/wp-json\/wp\/v2\/tags?post=25587"}],"curies":[{"name":"wp","href":"https:\/\/api.w.org\/{rel}","templated":true}]}}