{"id":25296,"date":"2026-01-12T10:00:21","date_gmt":"2026-01-12T09:00:21","guid":{"rendered":"https:\/\/www.investincotedazur.com\/?p=25296"},"modified":"2026-01-12T10:11:26","modified_gmt":"2026-01-12T09:11:26","slug":"easyjet-launches-a-direct-nice-madeira-route-from-6-june-2026","status":"publish","type":"post","link":"https:\/\/www.investincotedazur.com\/en\/easyjet-launches-a-direct-nice-madeira-route-from-6-june-2026\/","title":{"rendered":"easyJet launches a direct Nice\u2013Madeira route from 6 June 2026"},"content":{"rendered":"\n<div class=\"wp-container-3 wp-block-columns\">\n<div class=\"wp-container-1 wp-block-column\" style=\"flex-basis:33.33%\">\n<figure class=\"wp-block-image size-full\"><img width=\"700\" height=\"700\" src=\"https:\/\/www.investincotedazur.com\/wp-content\/uploads\/2026\/01\/investincotedazur-2026-01-12T094706.406.jpg\" alt=\"NICE MADEIRA FUNCHAL JUNE 2026\" class=\"wp-image-25291\" srcset=\"https:\/\/www.investincotedazur.com\/wp-content\/uploads\/2026\/01\/investincotedazur-2026-01-12T094706.406.jpg 700w, https:\/\/www.investincotedazur.com\/wp-content\/uploads\/2026\/01\/investincotedazur-2026-01-12T094706.406-300x300.jpg 300w, https:\/\/www.investincotedazur.com\/wp-content\/uploads\/2026\/01\/investincotedazur-2026-01-12T094706.406-150x150.jpg 150w\" sizes=\"(max-width: 700px) 100vw, 700px\" \/><\/figure>\n<\/div>\n\n\n\n<div class=\"wp-container-2 wp-block-column\" style=\"flex-basis:66.66%\">\n<p class=\"has-medium-font-size\"><strong>easyJet will open a direct route<\/strong> between Nice and Funchal from <strong>6 June 2026<\/strong>. The service will connect Nice C\u00f4te d\u2019Azur Airport with the capital of Madeira. <a href=\"https:\/\/www.easyjet.com\/fr\/vols-pas-chers\/nice\/madere-funchal\" target=\"_blank\" rel=\"noreferrer noopener nofollow\">Flights are already available for booking.<\/a> <\/p>\n\n\n\n<p class=\"has-medium-font-size\"><strong>Two flights per week<\/strong> will operate between Nice and Funchal. The start of operations is scheduled for the summer 2026 season. This launch expands the portfolio of destinations served from Nice.  <\/p>\n\n\n\n<p class=\"has-medium-font-size\"><strong>Funchal will join the destinations served from Nice C\u00f4te d\u2019Azur<\/strong>. Madeira is a Portuguese archipelago whose capital is Funchal. The route is announced as a direct, non-stop service.  <\/p>\n\n\n\n<p class=\"has-medium-font-size\"><strong>Nice C\u00f4te d\u2019Azur confirms its role as a well-connected European gateway<\/strong>. In 2024, the airport offered 122 destinations across <strong>45 countries <\/strong>and welcomed <strong>14.8 million passengers <\/strong>that year.  <\/p>\n<\/div>\n<\/div>\n\n\n\n<h2>A direct Nice\u2013Funchal route announced for June 2026<\/h2>\n\n\n\n<p>In January 2026, easyJet announced the opening of a direct route between <strong>Nice C\u00f4te d\u2019Azur<\/strong> and <strong><a href=\"https:\/\/fr.wikipedia.org\/wiki\/Funchal\" target=\"_blank\" rel=\"noreferrer noopener nofollow\">Funchal, the capital of the Portuguese archipelago of Madeira<\/a><\/strong>. The service is scheduled to start from <strong>6 June 2026<\/strong>,<strong> with two flights<\/strong> <strong>per week<\/strong>. Ticket sales are already live.  <\/p>\n\n\n\n<p>This new route broadens the range of destinations accessible from the Nice platform by adding a direct connection to a Portuguese island territory. It aligns with the ongoing expansion of air services from Nice, regularly strengthened through new route launches. <\/p>\n\n\n\n<div style=\"height:48px\" aria-hidden=\"true\" class=\"wp-block-spacer\"><\/div>\n\n\n\n<h2>Enhanced connectivity supporting territorial visibility<\/h2>\n\n\n\n<p>By linking Nice to Funchal, easyJet contributes to diversifying the direct connections available from Nice C\u00f4te d\u2019Azur Airport. Air connectivity is a key factor in territorial accessibility: it links an economic and tourism hub to other European regions, facilitates mobility, and strengthens a destination\u2019s international profile. <\/p>\n\n\n\n<p>From this perspective, the opening of Nice\u2013Madeira adds to the existing network and reinforces the continuity of direct routes from the C\u00f4te d\u2019Azur, supporting the territory\u2019s attractiveness and visibility.<\/p>\n\n\n\n<div style=\"height:48px\" aria-hidden=\"true\" class=\"wp-block-spacer\"><\/div>\n\n\n\n<h2>Continuity of easyJet announcements<\/h2>\n\n\n\n<p>The launch of Nice\u2013Funchal follows on from an announcement made in <strong>November 2025,<\/strong> when easyJet communicated the opening of a <strong><a href=\"https:\/\/www.investincotedazur.com\/en\/easyjet-to-launch-nice-birmingham-route-starting-may-2026\/\">Nice\u2013Birmingham<\/a><\/strong> route from <strong>1 May 2026<\/strong>, with <strong>two flights per week<\/strong>, as part of strengthened routes between France and the United Kingdom.<\/p>\n\n\n\n<p>In addition, several recent route launches have been announced from Nice, including <strong><a href=\"https:\/\/www.investincotedazur.com\/en\/easyjet-connects-newcastle-to-nice-from-march-2026\/\">Newcastle (from March 2026)<\/a><\/strong>, as well as routes such as <strong><a href=\"https:\/\/www.investincotedazur.com\/en\/easyjet-inaugurates-its-direct-route-between-nice-and-dusseldorf\/\">D\u00fcsseldorf<\/a><\/strong>, <strong><a href=\"https:\/\/www.investincotedazur.com\/en\/easyjet-expands-its-network-at-nice-cote-dazur-airport\/\">Madrid<\/a><\/strong>, Lamezia Terme and Santorini. The Hurghada (Egypt) service is also listed among network additions. <\/p>\n\n\n\n<p>These route launches add new connections to the network from Nice C\u00f4te d\u2019Azur and help strengthen the airport\u2019s direct accessibility across multiple markets.<\/p>\n\n\n\n<div style=\"height:48px\" aria-hidden=\"true\" class=\"wp-block-spacer\"><\/div>\n\n\n\n<h2>Nice C\u00f4te d\u2019Azur: a growing international platform<\/h2>\n\n\n\n<p>The opening of regular routes takes place within the context of an airport with strong international reach. In 2024, Nice C\u00f4te d\u2019Azur Airport welcomed <strong>14.8 million passengers<\/strong> and offered a network of 122 destinations across <strong>45 countries<\/strong>. These figures position the airport as a major entry and exit point for European and international mobility linked to the territory.  <\/p>\n\n\n\n<p>In this context, the announcement of the Nice\u2013Funchal route represents a concrete addition to the network, strengthening the territory\u2019s accessibility and connectivity with other destinations.<\/p>\n\n\n\n<p><\/p>\n\n\n\n<p>Sources: <\/p>\n\n\n\n<ul><li><a href=\"https:\/\/www.air-journal.fr\/2026-01-06-easyjet-ouvre-une-nouvelle-liaison-entre-nice-et-funchal-des-juin-2026-5271735.html\" target=\"_blank\" rel=\"noreferrer noopener nofollow\">Air Journal \u2014 \u00ab easyJet ouvre une nouvelle liaison entre Nice et Funchal d\u00e8s juin 2026 \u00bb (6 janvier 2026)<\/a><\/li><li><a href=\"https:\/\/www.tourmag.com\/easyjet-va-relier-Nice-a-Madere-_a129916.html\" target=\"_blank\" rel=\"noreferrer noopener nofollow\">TourMag \u2014 \u00ab easyjet va relier Nice \u00e0 Mad\u00e8re ! \u00bb (6 janvier 2026)<\/a><\/li><\/ul>\n\n\n\n<div style=\"height:25px\" aria-hidden=\"true\" class=\"wp-block-spacer\"><\/div>\n\n\n\n<hr class=\"wp-block-separator has-alpha-channel-opacity\"\/>\n\n\n\n<h2>Nice C\u00f4te d&#8217;Azur Connectivity<\/h2>\n\n\n<ul class=\"wp-block-latest-posts__list is-grid columns-2 wp-block-latest-posts\"><li><div class=\"wp-block-latest-posts__featured-image alignleft\"><img width=\"150\" height=\"150\" src=\"https:\/\/www.investincotedazur.com\/wp-content\/uploads\/2026\/04\/Twin-Jet-vols-Nice-Olbia-et-Nice-Minorque-ete-2026-150x150.png\" class=\"attachment-thumbnail size-thumbnail wp-post-image\" alt=\"Twin Jet  vols Nice-Olbia et Nice-Minorque \u00e9t\u00e9 2026\" style=\"max-width:50px;\" loading=\"lazy\" srcset=\"https:\/\/www.investincotedazur.com\/wp-content\/uploads\/2026\/04\/Twin-Jet-vols-Nice-Olbia-et-Nice-Minorque-ete-2026-150x150.png 150w, https:\/\/www.investincotedazur.com\/wp-content\/uploads\/2026\/04\/Twin-Jet-vols-Nice-Olbia-et-Nice-Minorque-ete-2026-700x700.png 700w\" sizes=\"(max-width: 150px) 100vw, 150px\" \/><\/div><a class=\"wp-block-latest-posts__post-title\" href=\"https:\/\/www.investincotedazur.com\/en\/twin-jet-new-routes-nice-olbia-and-nice-menorca-summer-2026\/\">Twin Jet new routes Nice\u2013Olbia and Nice\u2013Menorca summer 2026<\/a><\/li>\n<li><div class=\"wp-block-latest-posts__featured-image alignleft\"><img width=\"150\" height=\"150\" src=\"https:\/\/www.investincotedazur.com\/wp-content\/uploads\/2026\/04\/investincotedazur-2026-04-16T170826.346-150x150.png\" class=\"attachment-thumbnail size-thumbnail wp-post-image\" alt=\"extension t2 nice\" style=\"max-width:50px;\" loading=\"lazy\" srcset=\"https:\/\/www.investincotedazur.com\/wp-content\/uploads\/2026\/04\/investincotedazur-2026-04-16T170826.346-150x150.png 150w, https:\/\/www.investincotedazur.com\/wp-content\/uploads\/2026\/04\/investincotedazur-2026-04-16T170826.346-700x700.png 700w\" sizes=\"(max-width: 150px) 100vw, 150px\" \/><\/div><a class=\"wp-block-latest-posts__post-title\" href=\"https:\/\/www.investincotedazur.com\/en\/nice-cote-dazur-airport-terminal-2-extension-23000-sq-m-and-capacity-increased-to-18-million-passengers\/\">Nice C\u00f4te d\u2019Azur Airport Terminal 2 extension: 23,000 sq m and capacity increased to 18 million passengers<\/a><\/li>\n<li><div class=\"wp-block-latest-posts__featured-image alignleft\"><img width=\"150\" height=\"150\" src=\"https:\/\/www.investincotedazur.com\/wp-content\/uploads\/2026\/03\/aeroport-nice-cote-dazur-ete-2026-reseau-150x150.jpg\" class=\"attachment-thumbnail size-thumbnail wp-post-image\" alt=\"a\u00e9roport nice c\u00f4te d\u2019azur \u00e9t\u00e9 2026 r\u00e9seau\" style=\"max-width:50px;\" loading=\"lazy\" srcset=\"https:\/\/www.investincotedazur.com\/wp-content\/uploads\/2026\/03\/aeroport-nice-cote-dazur-ete-2026-reseau-150x150.jpg 150w, https:\/\/www.investincotedazur.com\/wp-content\/uploads\/2026\/03\/aeroport-nice-cote-dazur-ete-2026-reseau-300x300.jpg 300w, https:\/\/www.investincotedazur.com\/wp-content\/uploads\/2026\/03\/aeroport-nice-cote-dazur-ete-2026-reseau.jpg 700w\" sizes=\"(max-width: 150px) 100vw, 150px\" \/><\/div><a class=\"wp-block-latest-posts__post-title\" href=\"https:\/\/www.investincotedazur.com\/en\/nice-cote-dazur-airport-summer-2026-a-record-network-of-130-destinations\/\">Nice C\u00f4te d\u2019Azur Airport summer 2026: a record network of 130 destinations<\/a><\/li>\n<li><div class=\"wp-block-latest-posts__featured-image alignleft\"><img width=\"150\" height=\"150\" src=\"https:\/\/www.investincotedazur.com\/wp-content\/uploads\/2026\/03\/nice-cork-2026-150x150.jpg\" class=\"attachment-thumbnail size-thumbnail wp-post-image\" alt=\"nice cork 2026\" style=\"max-width:50px;\" loading=\"lazy\" srcset=\"https:\/\/www.investincotedazur.com\/wp-content\/uploads\/2026\/03\/nice-cork-2026-150x150.jpg 150w, https:\/\/www.investincotedazur.com\/wp-content\/uploads\/2026\/03\/nice-cork-2026-300x300.jpg 300w, https:\/\/www.investincotedazur.com\/wp-content\/uploads\/2026\/03\/nice-cork-2026.jpg 700w\" sizes=\"(max-width: 150px) 100vw, 150px\" \/><\/div><a class=\"wp-block-latest-posts__post-title\" href=\"https:\/\/www.investincotedazur.com\/en\/cork-nice-direct-aer-lingus-service-from-may-2026\/\">Cork\u2013Nice: Direct Aer Lingus service from May 2026<\/a><\/li>\n<li><div class=\"wp-block-latest-posts__featured-image alignleft\"><img width=\"150\" height=\"150\" src=\"https:\/\/www.investincotedazur.com\/wp-content\/uploads\/2024\/01\/aeroport-cote-azur-2023-150x150.png\" class=\"attachment-thumbnail size-thumbnail wp-post-image\" alt=\"aeroport-cote-azur-2023\" style=\"max-width:50px;\" loading=\"lazy\" srcset=\"https:\/\/www.investincotedazur.com\/wp-content\/uploads\/2024\/01\/aeroport-cote-azur-2023-150x150.png 150w, https:\/\/www.investincotedazur.com\/wp-content\/uploads\/2024\/01\/aeroport-cote-azur-2023-300x300.png 300w, https:\/\/www.investincotedazur.com\/wp-content\/uploads\/2024\/01\/aeroport-cote-azur-2023.png 700w\" sizes=\"(max-width: 150px) 100vw, 150px\" \/><\/div><a class=\"wp-block-latest-posts__post-title\" href=\"https:\/\/www.investincotedazur.com\/en\/e2-8-billion-in-economic-impact-in-2024-for-nice-cote-dazur-and-cannes-mandelieu-airports\/\">\u20ac2.8 billion in economic impact in 2024 for Nice C\u00f4te d\u2019Azur and Cannes-Mandelieu Airports<\/a><\/li>\n<li><div class=\"wp-block-latest-posts__featured-image alignleft\"><img width=\"150\" height=\"150\" src=\"https:\/\/www.investincotedazur.com\/wp-content\/uploads\/2026\/01\/mobilite-arienne-decarbonee-150x150.png\" class=\"attachment-thumbnail size-thumbnail wp-post-image\" alt=\"mobilit\u00e9 arienne decarbonee\" style=\"max-width:50px;\" loading=\"lazy\" srcset=\"https:\/\/www.investincotedazur.com\/wp-content\/uploads\/2026\/01\/mobilite-arienne-decarbonee-150x150.png 150w, https:\/\/www.investincotedazur.com\/wp-content\/uploads\/2026\/01\/mobilite-arienne-decarbonee-700x700.png 700w\" sizes=\"(max-width: 150px) 100vw, 150px\" \/><\/div><a class=\"wp-block-latest-posts__post-title\" href=\"https:\/\/www.investincotedazur.com\/en\/the-cote-dazur-is-emerging-as-a-testing-ground-for-decarbonised-air-mobility\/\">The C\u00f4te d\u2019Azur is emerging as a testing ground for decarbonised air mobility<\/a><\/li>\n<li><div class=\"wp-block-latest-posts__featured-image alignleft\"><img width=\"150\" height=\"150\" src=\"https:\/\/www.investincotedazur.com\/wp-content\/uploads\/2026\/01\/washington-nice-french-riviera-nice-2026-150x150.jpg\" class=\"attachment-thumbnail size-thumbnail wp-post-image\" alt=\"washington nice french riviera nice 2026\" style=\"max-width:50px;\" loading=\"lazy\" srcset=\"https:\/\/www.investincotedazur.com\/wp-content\/uploads\/2026\/01\/washington-nice-french-riviera-nice-2026-150x150.jpg 150w, https:\/\/www.investincotedazur.com\/wp-content\/uploads\/2026\/01\/washington-nice-french-riviera-nice-2026-300x300.jpg 300w, https:\/\/www.investincotedazur.com\/wp-content\/uploads\/2026\/01\/washington-nice-french-riviera-nice-2026.jpg 700w\" sizes=\"(max-width: 150px) 100vw, 150px\" \/><\/div><a class=\"wp-block-latest-posts__post-title\" href=\"https:\/\/www.investincotedazur.com\/en\/united-airlines-washington-nice-2026\/\">United Airlines reactivates the Nice\u2013Washington route in summer 2026<\/a><\/li>\n<li><div class=\"wp-block-latest-posts__featured-image alignleft\"><img width=\"150\" height=\"150\" src=\"https:\/\/www.investincotedazur.com\/wp-content\/uploads\/2026\/01\/investincotedazur-2026-01-21T104349.359-150x150.jpg\" class=\"attachment-thumbnail size-thumbnail wp-post-image\" alt=\"barometre arthur loyd nice\" style=\"max-width:50px;\" loading=\"lazy\" srcset=\"https:\/\/www.investincotedazur.com\/wp-content\/uploads\/2026\/01\/investincotedazur-2026-01-21T104349.359-150x150.jpg 150w, https:\/\/www.investincotedazur.com\/wp-content\/uploads\/2026\/01\/investincotedazur-2026-01-21T104349.359-300x300.jpg 300w, https:\/\/www.investincotedazur.com\/wp-content\/uploads\/2026\/01\/investincotedazur-2026-01-21T104349.359.jpg 700w\" sizes=\"(max-width: 150px) 100vw, 150px\" \/><\/div><a class=\"wp-block-latest-posts__post-title\" href=\"https:\/\/www.investincotedazur.com\/en\/nice-cote-dazur-quality-of-life-arthur-loyd-2025\/\">Nice C\u00f4te d\u2019Azur: Second Place in Quality of Life Among Major French Metropolises in the 2025 Arthur Loyd Barometer<\/a><\/li>\n<\/ul>","protected":false},"excerpt":{"rendered":"<p>easyJet will open a direct route between Nice and Funchal from 6 June 2026. The service will connect Nice C\u00f4te d\u2019Azur Airport with the capital of Madeira. Flights are already available for booking. Two flights per week will operate between Nice and Funchal. The start of operations is scheduled for the summer 2026 season. This [&hellip;]<\/p>\n","protected":false},"author":14,"featured_media":25292,"comment_status":"closed","ping_status":"open","sticky":false,"template":"","format":"standard","meta":{"_mi_skip_tracking":false,"_monsterinsights_sitenote_active":false,"_monsterinsights_sitenote_note":"","_monsterinsights_sitenote_category":0},"categories":[153,135],"tags":[],"acf":[],"yoast_head":"<!-- This site is optimized with the Yoast SEO plugin v19.12 - https:\/\/yoast.com\/wordpress\/plugins\/seo\/ -->\n<title>easyJet launches a direct Nice\u2013Madeira route from 6 June 2026 - Invest in C\u00f4te d&#039;Azur<\/title>\n<meta name=\"description\" content=\"Nice\u2013Madeira flight: easyJet launches Nice\u2013Funchal from 6 June 2026, with two flights per week departing from Nice C\u00f4te d\u2019Azur Airport.\" \/>\n<meta name=\"robots\" content=\"index, follow, max-snippet:-1, max-image-preview:large, max-video-preview:-1\" \/>\n<link rel=\"canonical\" href=\"https:\/\/www.investincotedazur.com\/en\/easyjet-launches-a-direct-nice-madeira-route-from-6-june-2026\/\" \/>\n<meta property=\"og:locale\" content=\"en_US\" \/>\n<meta property=\"og:type\" content=\"article\" \/>\n<meta property=\"og:title\" content=\"easyJet launches a direct Nice\u2013Madeira route from 6 June 2026 - Invest in C\u00f4te d&#039;Azur\" \/>\n<meta property=\"og:description\" content=\"Nice\u2013Madeira flight: easyJet launches Nice\u2013Funchal from 6 June 2026, with two flights per week departing from Nice C\u00f4te d\u2019Azur Airport.\" \/>\n<meta property=\"og:url\" content=\"https:\/\/www.investincotedazur.com\/en\/easyjet-launches-a-direct-nice-madeira-route-from-6-june-2026\/\" \/>\n<meta property=\"og:site_name\" content=\"Invest in C\u00f4te d&#039;Azur\" \/>\n<meta property=\"article:published_time\" content=\"2026-01-12T09:00:21+00:00\" \/>\n<meta property=\"article:modified_time\" content=\"2026-01-12T09:11:26+00:00\" \/>\n<meta property=\"og:image\" content=\"https:\/\/www.investincotedazur.com\/wp-content\/uploads\/2026\/01\/investincotedazur-2026-01-12T094706.406.jpg\" \/>\n\t<meta property=\"og:image:width\" content=\"700\" \/>\n\t<meta property=\"og:image:height\" content=\"700\" \/>\n\t<meta property=\"og:image:type\" content=\"image\/jpeg\" \/>\n<meta name=\"author\" content=\"Jose Perez Gabarron\" \/>\n<meta name=\"twitter:card\" content=\"summary_large_image\" \/>\n<meta name=\"twitter:creator\" content=\"@Investcotedazur\" \/>\n<meta name=\"twitter:site\" content=\"@Investcotedazur\" \/>\n<meta name=\"twitter:label1\" content=\"Written by\" \/>\n\t<meta name=\"twitter:data1\" content=\"Jose Perez Gabarron\" \/>\n\t<meta name=\"twitter:label2\" content=\"Est. reading time\" \/>\n\t<meta name=\"twitter:data2\" content=\"3 minutes\" \/>\n<script type=\"application\/ld+json\" class=\"yoast-schema-graph\">{\"@context\":\"https:\/\/schema.org\",\"@graph\":[{\"@type\":\"Article\",\"@id\":\"https:\/\/www.investincotedazur.com\/en\/easyjet-launches-a-direct-nice-madeira-route-from-6-june-2026\/#article\",\"isPartOf\":{\"@id\":\"https:\/\/www.investincotedazur.com\/en\/easyjet-launches-a-direct-nice-madeira-route-from-6-june-2026\/\"},\"author\":{\"name\":\"Jose Perez Gabarron\",\"@id\":\"https:\/\/www.investincotedazur.com\/en\/#\/schema\/person\/ebbeede4229d29e0861488f2bd1036d9\"},\"headline\":\"easyJet launches a direct Nice\u2013Madeira route from 6 June 2026\",\"datePublished\":\"2026-01-12T09:00:21+00:00\",\"dateModified\":\"2026-01-12T09:11:26+00:00\",\"mainEntityOfPage\":{\"@id\":\"https:\/\/www.investincotedazur.com\/en\/easyjet-launches-a-direct-nice-madeira-route-from-6-june-2026\/\"},\"wordCount\":537,\"publisher\":{\"@id\":\"https:\/\/www.investincotedazur.com\/en\/#organization\"},\"articleSection\":[\"Connectivity\",\"International\"],\"inLanguage\":\"en-US\"},{\"@type\":\"WebPage\",\"@id\":\"https:\/\/www.investincotedazur.com\/en\/easyjet-launches-a-direct-nice-madeira-route-from-6-june-2026\/\",\"url\":\"https:\/\/www.investincotedazur.com\/en\/easyjet-launches-a-direct-nice-madeira-route-from-6-june-2026\/\",\"name\":\"easyJet launches a direct Nice\u2013Madeira route from 6 June 2026 - Invest in C\u00f4te d&#039;Azur\",\"isPartOf\":{\"@id\":\"https:\/\/www.investincotedazur.com\/en\/#website\"},\"datePublished\":\"2026-01-12T09:00:21+00:00\",\"dateModified\":\"2026-01-12T09:11:26+00:00\",\"description\":\"Nice\u2013Madeira flight: easyJet launches Nice\u2013Funchal from 6 June 2026, with two flights per week departing from Nice C\u00f4te d\u2019Azur Airport.\",\"inLanguage\":\"en-US\",\"potentialAction\":[{\"@type\":\"ReadAction\",\"target\":[\"https:\/\/www.investincotedazur.com\/en\/easyjet-launches-a-direct-nice-madeira-route-from-6-june-2026\/\"]}]},{\"@type\":\"WebSite\",\"@id\":\"https:\/\/www.investincotedazur.com\/en\/#website\",\"url\":\"https:\/\/www.investincotedazur.com\/en\/\",\"name\":\"Invest in C\u00f4te d'Azur\",\"description\":\"\",\"publisher\":{\"@id\":\"https:\/\/www.investincotedazur.com\/en\/#organization\"},\"alternateName\":\"Invest in C\u00f4te d'Azur\",\"potentialAction\":[{\"@type\":\"SearchAction\",\"target\":{\"@type\":\"EntryPoint\",\"urlTemplate\":\"https:\/\/www.investincotedazur.com\/en\/?s={search_term_string}\"},\"query-input\":\"required name=search_term_string\"}],\"inLanguage\":\"en-US\"},{\"@type\":\"Organization\",\"@id\":\"https:\/\/www.investincotedazur.com\/en\/#organization\",\"name\":\"Invest in C\u00f4te d'Azur\",\"alternateName\":\"Invest in C\u00f4te d'Azur\",\"url\":\"https:\/\/www.investincotedazur.com\/en\/\",\"logo\":{\"@type\":\"ImageObject\",\"inLanguage\":\"en-US\",\"@id\":\"https:\/\/www.investincotedazur.com\/en\/#\/schema\/logo\/image\/\",\"url\":\"https:\/\/www.investincotedazur.com\/wp-content\/uploads\/2023\/05\/cropped-New-missions-3.png\",\"contentUrl\":\"https:\/\/www.investincotedazur.com\/wp-content\/uploads\/2023\/05\/cropped-New-missions-3.png\",\"width\":512,\"height\":512,\"caption\":\"Invest in C\u00f4te d'Azur\"},\"image\":{\"@id\":\"https:\/\/www.investincotedazur.com\/en\/#\/schema\/logo\/image\/\"},\"sameAs\":[\"https:\/\/www.linkedin.com\/company\/investincotedazur\/\",\"https:\/\/twitter.com\/Investcotedazur\"]},{\"@type\":\"Person\",\"@id\":\"https:\/\/www.investincotedazur.com\/en\/#\/schema\/person\/ebbeede4229d29e0861488f2bd1036d9\",\"name\":\"Jose Perez Gabarron\",\"image\":{\"@type\":\"ImageObject\",\"inLanguage\":\"en-US\",\"@id\":\"https:\/\/www.investincotedazur.com\/en\/#\/schema\/person\/image\/\",\"url\":\"https:\/\/secure.gravatar.com\/avatar\/20ec9e74f48620b8ee4253da6b114950?s=96&d=mm&r=g\",\"contentUrl\":\"https:\/\/secure.gravatar.com\/avatar\/20ec9e74f48620b8ee4253da6b114950?s=96&d=mm&r=g\",\"caption\":\"Jose Perez Gabarron\"}}]}<\/script>\n<!-- \/ Yoast SEO plugin. -->","yoast_head_json":{"title":"easyJet launches a direct Nice\u2013Madeira route from 6 June 2026 - Invest in C\u00f4te d&#039;Azur","description":"Nice\u2013Madeira flight: easyJet launches Nice\u2013Funchal from 6 June 2026, with two flights per week departing from Nice C\u00f4te d\u2019Azur Airport.","robots":{"index":"index","follow":"follow","max-snippet":"max-snippet:-1","max-image-preview":"max-image-preview:large","max-video-preview":"max-video-preview:-1"},"canonical":"https:\/\/www.investincotedazur.com\/en\/easyjet-launches-a-direct-nice-madeira-route-from-6-june-2026\/","og_locale":"en_US","og_type":"article","og_title":"easyJet launches a direct Nice\u2013Madeira route from 6 June 2026 - Invest in C\u00f4te d&#039;Azur","og_description":"Nice\u2013Madeira flight: easyJet launches Nice\u2013Funchal from 6 June 2026, with two flights per week departing from Nice C\u00f4te d\u2019Azur Airport.","og_url":"https:\/\/www.investincotedazur.com\/en\/easyjet-launches-a-direct-nice-madeira-route-from-6-june-2026\/","og_site_name":"Invest in C\u00f4te d&#039;Azur","article_published_time":"2026-01-12T09:00:21+00:00","article_modified_time":"2026-01-12T09:11:26+00:00","og_image":[{"width":700,"height":700,"url":"https:\/\/www.investincotedazur.com\/wp-content\/uploads\/2026\/01\/investincotedazur-2026-01-12T094706.406.jpg","type":"image\/jpeg"}],"author":"Jose Perez Gabarron","twitter_card":"summary_large_image","twitter_creator":"@Investcotedazur","twitter_site":"@Investcotedazur","twitter_misc":{"Written by":"Jose Perez Gabarron","Est. reading time":"3 minutes"},"schema":{"@context":"https:\/\/schema.org","@graph":[{"@type":"Article","@id":"https:\/\/www.investincotedazur.com\/en\/easyjet-launches-a-direct-nice-madeira-route-from-6-june-2026\/#article","isPartOf":{"@id":"https:\/\/www.investincotedazur.com\/en\/easyjet-launches-a-direct-nice-madeira-route-from-6-june-2026\/"},"author":{"name":"Jose Perez Gabarron","@id":"https:\/\/www.investincotedazur.com\/en\/#\/schema\/person\/ebbeede4229d29e0861488f2bd1036d9"},"headline":"easyJet launches a direct Nice\u2013Madeira route from 6 June 2026","datePublished":"2026-01-12T09:00:21+00:00","dateModified":"2026-01-12T09:11:26+00:00","mainEntityOfPage":{"@id":"https:\/\/www.investincotedazur.com\/en\/easyjet-launches-a-direct-nice-madeira-route-from-6-june-2026\/"},"wordCount":537,"publisher":{"@id":"https:\/\/www.investincotedazur.com\/en\/#organization"},"articleSection":["Connectivity","International"],"inLanguage":"en-US"},{"@type":"WebPage","@id":"https:\/\/www.investincotedazur.com\/en\/easyjet-launches-a-direct-nice-madeira-route-from-6-june-2026\/","url":"https:\/\/www.investincotedazur.com\/en\/easyjet-launches-a-direct-nice-madeira-route-from-6-june-2026\/","name":"easyJet launches a direct Nice\u2013Madeira route from 6 June 2026 - Invest in C\u00f4te d&#039;Azur","isPartOf":{"@id":"https:\/\/www.investincotedazur.com\/en\/#website"},"datePublished":"2026-01-12T09:00:21+00:00","dateModified":"2026-01-12T09:11:26+00:00","description":"Nice\u2013Madeira flight: easyJet launches Nice\u2013Funchal from 6 June 2026, with two flights per week departing from Nice C\u00f4te d\u2019Azur Airport.","inLanguage":"en-US","potentialAction":[{"@type":"ReadAction","target":["https:\/\/www.investincotedazur.com\/en\/easyjet-launches-a-direct-nice-madeira-route-from-6-june-2026\/"]}]},{"@type":"WebSite","@id":"https:\/\/www.investincotedazur.com\/en\/#website","url":"https:\/\/www.investincotedazur.com\/en\/","name":"Invest in C\u00f4te d'Azur","description":"","publisher":{"@id":"https:\/\/www.investincotedazur.com\/en\/#organization"},"alternateName":"Invest in C\u00f4te d'Azur","potentialAction":[{"@type":"SearchAction","target":{"@type":"EntryPoint","urlTemplate":"https:\/\/www.investincotedazur.com\/en\/?s={search_term_string}"},"query-input":"required name=search_term_string"}],"inLanguage":"en-US"},{"@type":"Organization","@id":"https:\/\/www.investincotedazur.com\/en\/#organization","name":"Invest in C\u00f4te d'Azur","alternateName":"Invest in C\u00f4te d'Azur","url":"https:\/\/www.investincotedazur.com\/en\/","logo":{"@type":"ImageObject","inLanguage":"en-US","@id":"https:\/\/www.investincotedazur.com\/en\/#\/schema\/logo\/image\/","url":"https:\/\/www.investincotedazur.com\/wp-content\/uploads\/2023\/05\/cropped-New-missions-3.png","contentUrl":"https:\/\/www.investincotedazur.com\/wp-content\/uploads\/2023\/05\/cropped-New-missions-3.png","width":512,"height":512,"caption":"Invest in C\u00f4te d'Azur"},"image":{"@id":"https:\/\/www.investincotedazur.com\/en\/#\/schema\/logo\/image\/"},"sameAs":["https:\/\/www.linkedin.com\/company\/investincotedazur\/","https:\/\/twitter.com\/Investcotedazur"]},{"@type":"Person","@id":"https:\/\/www.investincotedazur.com\/en\/#\/schema\/person\/ebbeede4229d29e0861488f2bd1036d9","name":"Jose Perez Gabarron","image":{"@type":"ImageObject","inLanguage":"en-US","@id":"https:\/\/www.investincotedazur.com\/en\/#\/schema\/person\/image\/","url":"https:\/\/secure.gravatar.com\/avatar\/20ec9e74f48620b8ee4253da6b114950?s=96&d=mm&r=g","contentUrl":"https:\/\/secure.gravatar.com\/avatar\/20ec9e74f48620b8ee4253da6b114950?s=96&d=mm&r=g","caption":"Jose Perez Gabarron"}}]}},"_links":{"self":[{"href":"https:\/\/www.investincotedazur.com\/en\/wp-json\/wp\/v2\/posts\/25296"}],"collection":[{"href":"https:\/\/www.investincotedazur.com\/en\/wp-json\/wp\/v2\/posts"}],"about":[{"href":"https:\/\/www.investincotedazur.com\/en\/wp-json\/wp\/v2\/types\/post"}],"author":[{"embeddable":true,"href":"https:\/\/www.investincotedazur.com\/en\/wp-json\/wp\/v2\/users\/14"}],"replies":[{"embeddable":true,"href":"https:\/\/www.investincotedazur.com\/en\/wp-json\/wp\/v2\/comments?post=25296"}],"version-history":[{"count":2,"href":"https:\/\/www.investincotedazur.com\/en\/wp-json\/wp\/v2\/posts\/25296\/revisions"}],"predecessor-version":[{"id":25298,"href":"https:\/\/www.investincotedazur.com\/en\/wp-json\/wp\/v2\/posts\/25296\/revisions\/25298"}],"wp:featuredmedia":[{"embeddable":true,"href":"https:\/\/www.investincotedazur.com\/en\/wp-json\/wp\/v2\/media\/25292"}],"wp:attachment":[{"href":"https:\/\/www.investincotedazur.com\/en\/wp-json\/wp\/v2\/media?parent=25296"}],"wp:term":[{"taxonomy":"category","embeddable":true,"href":"https:\/\/www.investincotedazur.com\/en\/wp-json\/wp\/v2\/categories?post=25296"},{"taxonomy":"post_tag","embeddable":true,"href":"https:\/\/www.investincotedazur.com\/en\/wp-json\/wp\/v2\/tags?post=25296"}],"curies":[{"name":"wp","href":"https:\/\/api.w.org\/{rel}","templated":true}]}}