{"id":24864,"date":"2025-10-20T18:12:16","date_gmt":"2025-10-20T16:12:16","guid":{"rendered":"https:\/\/www.investincotedazur.com\/?p=24864"},"modified":"2025-10-25T13:29:00","modified_gmt":"2025-10-25T11:29:00","slug":"promenade-du-paillon-8-additional-hectares-of-green-space-opened-in-nice","status":"publish","type":"post","link":"https:\/\/www.investincotedazur.com\/en\/promenade-du-paillon-8-additional-hectares-of-green-space-opened-in-nice\/","title":{"rendered":"Promenade du Paillon: 8 Additional Hectares of Green Space Opened in Nice"},"content":{"rendered":"\n<div class=\"wp-container-3 wp-block-columns\">\n<div class=\"wp-container-1 wp-block-column\" style=\"flex-basis:33.33%\">\n<figure class=\"wp-block-image size-full\"><img width=\"700\" height=\"700\" src=\"https:\/\/www.investincotedazur.com\/wp-content\/uploads\/2025\/10\/investincotedazur-2025-10-20T140715.642.jpg\" alt=\"promenade du paillon nice\" class=\"wp-image-24848\" srcset=\"https:\/\/www.investincotedazur.com\/wp-content\/uploads\/2025\/10\/investincotedazur-2025-10-20T140715.642.jpg 700w, https:\/\/www.investincotedazur.com\/wp-content\/uploads\/2025\/10\/investincotedazur-2025-10-20T140715.642-300x300.jpg 300w, https:\/\/www.investincotedazur.com\/wp-content\/uploads\/2025\/10\/investincotedazur-2025-10-20T140715.642-150x150.jpg 150w\" sizes=\"(max-width: 700px) 100vw, 700px\" \/><\/figure>\n<\/div>\n\n\n\n<div class=\"wp-container-2 wp-block-column\" style=\"flex-basis:66.66%\">\n<p class=\"has-medium-font-size\">On October 18, 2025, 8 additional hectares were opened on the Promenade du Paillon. The development now connects the Promenade des Anglais to the Palais des Expositions. The total continuous green area reaches 20 hectares in the central zone.  <\/p>\n\n\n\n<p class=\"has-medium-font-size\">The opening was accompanied by a program of activities spread across the site and a 4 km route, on October 19, between <a href=\"https:\/\/www.investincotedazur.com\/en\/nice-convention-center-an-infrastructure-serving-international-events\/\">Oc\u00e9anice<\/a> and the Traverse Barberis.<\/p>\n\n\n\n<p class=\"has-medium-font-size\">Two other green developments had been delivered earlier: the <a href=\"https:\/\/www.investincotedazur.com\/nice-inauguration-esplanade-de-lattre-de-tassigny\/\">Esplanade De Lattre de Tassigny<\/a> in October 2024 (6,000 m\u00b2, 450 trees) and the <a href=\"https:\/\/www.investincotedazur.com\/nice-nouveaux-espaces-verts\/\">Bourgada Park <\/a>in June 2024 (5,000 m\u00b2). These openings are located in the city center. They contribute to the expansion of the urban green network in high-density areas.  <\/p>\n<\/div>\n<\/div>\n\n\n\n<p class=\"has-medium-font-size\">On October 18, 2025, 8 additional hectares of the Promenade du Paillon were opened in Nice. This new development brings the total accessible green surface to 20 hectares in continuity from the Promenade des Anglais to the Palais des Expositions. The main entrance is located at the level of the Bourgada Esplanade.  <\/p>\n\n\n\n<p class=\"has-medium-font-size\">The opening was accompanied by a program of activities: repotting workshops, activities for children, solar boat demonstrations, and a digital treasure hunt using the GeoGaming app. The following day, a 4 km sports course was organized between Oc\u00e9anice and the Traverse Barberis, with group starts of 25 people.  <\/p>\n\n\n\n<p class=\"has-medium-font-size\">This operation is part of a sequence of urban openings launched since 2024. Two other green spaces have been developed in the city center: the Esplanade De Lattre de Tassigny (6,000 m\u00b2, 450 trees) and the Bourgada Park (5,000 m\u00b2 of terraced land with Mediterranean plant species). These developments are located in areas with high residential, commercial, and business density.  <\/p>\n\n\n\n<p class=\"has-medium-font-size\">The development of these public green spaces contributes to improving the living and working environment in the central area. They offer usage conditions conducive to the quality of the urban environment, enhancing the attractiveness of the territory for working populations and supporting talent retention. These factors are considered in the processes of business establishment, relocation, or team retention strategies.  <\/p>\n\n\n\n<div style=\"height:58px\" aria-hidden=\"true\" class=\"wp-block-spacer\"><\/div>\n\n\n\n<hr class=\"wp-block-separator has-alpha-channel-opacity\"\/>\n\n\n\n<h2>Quality of Life Nice C\u00f4te d&#8217;Azur<\/h2>\n\n\n<ul class=\"wp-block-latest-posts__list is-grid columns-2 wp-block-latest-posts\"><li><div class=\"wp-block-latest-posts__featured-image alignleft\"><img width=\"150\" height=\"150\" src=\"https:\/\/www.investincotedazur.com\/wp-content\/uploads\/2026\/04\/investincotedazur-2026-04-16T170826.346-150x150.png\" class=\"attachment-thumbnail size-thumbnail wp-post-image\" alt=\"extension t2 nice\" style=\"max-width:50px;max-height:50px;\" loading=\"lazy\" srcset=\"https:\/\/www.investincotedazur.com\/wp-content\/uploads\/2026\/04\/investincotedazur-2026-04-16T170826.346-150x150.png 150w, https:\/\/www.investincotedazur.com\/wp-content\/uploads\/2026\/04\/investincotedazur-2026-04-16T170826.346-700x700.png 700w\" sizes=\"(max-width: 150px) 100vw, 150px\" \/><\/div><a class=\"wp-block-latest-posts__post-title\" href=\"https:\/\/www.investincotedazur.com\/en\/nice-cote-dazur-airport-terminal-2-extension-23000-sq-m-and-capacity-increased-to-18-million-passengers\/\">Nice C\u00f4te d\u2019Azur Airport Terminal 2 extension: 23,000 sq m and capacity increased to 18 million passengers<\/a><\/li>\n<li><div class=\"wp-block-latest-posts__featured-image alignleft\"><img width=\"150\" height=\"150\" src=\"https:\/\/www.investincotedazur.com\/wp-content\/uploads\/2024\/03\/mipim-2026-150x150.png\" class=\"attachment-thumbnail size-thumbnail wp-post-image\" alt=\"mipim 2026\" style=\"max-width:50px;max-height:50px;\" loading=\"lazy\" srcset=\"https:\/\/www.investincotedazur.com\/wp-content\/uploads\/2024\/03\/mipim-2026-150x150.png 150w, https:\/\/www.investincotedazur.com\/wp-content\/uploads\/2024\/03\/mipim-2026-700x700.png 700w\" sizes=\"(max-width: 150px) 100vw, 150px\" \/><\/div><a class=\"wp-block-latest-posts__post-title\" href=\"https:\/\/www.investincotedazur.com\/en\/mipim-nice-cote-dazur\/\">MIPIM 2026: Axelle Xerri to Represent Team Nice C\u00f4te d&#8217;Azur<\/a><\/li>\n<li><div class=\"wp-block-latest-posts__featured-image alignleft\"><img width=\"150\" height=\"150\" src=\"https:\/\/www.investincotedazur.com\/wp-content\/uploads\/2026\/01\/nice-5eme-ville-de-france-150x150.jpg\" class=\"attachment-thumbnail size-thumbnail wp-post-image\" alt=\"nice 5eme ville de france\" style=\"max-width:50px;max-height:50px;\" loading=\"lazy\" srcset=\"https:\/\/www.investincotedazur.com\/wp-content\/uploads\/2026\/01\/nice-5eme-ville-de-france-150x150.jpg 150w, https:\/\/www.investincotedazur.com\/wp-content\/uploads\/2026\/01\/nice-5eme-ville-de-france-300x300.jpg 300w, https:\/\/www.investincotedazur.com\/wp-content\/uploads\/2026\/01\/nice-5eme-ville-de-france.jpg 700w\" sizes=\"(max-width: 150px) 100vw, 150px\" \/><\/div><a class=\"wp-block-latest-posts__post-title\" href=\"https:\/\/www.investincotedazur.com\/en\/nice-5th-largest-city-in-france-by-population\/\">Nice, 5th largest city in France by population<\/a><\/li>\n<li><div class=\"wp-block-latest-posts__featured-image alignleft\"><img width=\"150\" height=\"150\" src=\"https:\/\/www.investincotedazur.com\/wp-content\/uploads\/2026\/01\/financement-feder-promenade-du-paillon-150x150.jpg\" class=\"attachment-thumbnail size-thumbnail wp-post-image\" alt=\"financement-feder-promenade-du-paillon\" style=\"max-width:50px;max-height:50px;\" loading=\"lazy\" srcset=\"https:\/\/www.investincotedazur.com\/wp-content\/uploads\/2026\/01\/financement-feder-promenade-du-paillon-150x150.jpg 150w, https:\/\/www.investincotedazur.com\/wp-content\/uploads\/2026\/01\/financement-feder-promenade-du-paillon-300x300.jpg 300w, https:\/\/www.investincotedazur.com\/wp-content\/uploads\/2026\/01\/financement-feder-promenade-du-paillon.jpg 700w\" sizes=\"(max-width: 150px) 100vw, 150px\" \/><\/div><a class=\"wp-block-latest-posts__post-title\" href=\"https:\/\/www.investincotedazur.com\/en\/extension-of-the-promenade-du-paillon-the-european-union-awards-e11-6-million-via-the-erdf\/\">Extension of the Promenade du Paillon: the European Union awards \u20ac11.6 million via the ERDF<\/a><\/li>\n<li><div class=\"wp-block-latest-posts__featured-image alignleft\"><img width=\"150\" height=\"150\" src=\"https:\/\/www.investincotedazur.com\/wp-content\/uploads\/2025\/10\/investincotedazur-2025-10-20T140715.642-150x150.jpg\" class=\"attachment-thumbnail size-thumbnail wp-post-image\" alt=\"promenade du paillon nice\" style=\"max-width:50px;max-height:50px;\" loading=\"lazy\" srcset=\"https:\/\/www.investincotedazur.com\/wp-content\/uploads\/2025\/10\/investincotedazur-2025-10-20T140715.642-150x150.jpg 150w, https:\/\/www.investincotedazur.com\/wp-content\/uploads\/2025\/10\/investincotedazur-2025-10-20T140715.642-300x300.jpg 300w, https:\/\/www.investincotedazur.com\/wp-content\/uploads\/2025\/10\/investincotedazur-2025-10-20T140715.642.jpg 700w\" sizes=\"(max-width: 150px) 100vw, 150px\" \/><\/div><a class=\"wp-block-latest-posts__post-title\" href=\"https:\/\/www.investincotedazur.com\/en\/promenade-du-paillon-8-additional-hectares-of-green-space-opened-in-nice\/\">Promenade du Paillon: 8 Additional Hectares of Green Space Opened in Nice<\/a><\/li>\n<li><div class=\"wp-block-latest-posts__featured-image alignleft\"><img width=\"150\" height=\"150\" src=\"https:\/\/www.investincotedazur.com\/wp-content\/uploads\/2025\/07\/de-labaca-bpmed-150x150.jpg\" class=\"attachment-thumbnail size-thumbnail wp-post-image\" alt=\"de labaca bpmed\" style=\"max-width:50px;max-height:50px;\" loading=\"lazy\" srcset=\"https:\/\/www.investincotedazur.com\/wp-content\/uploads\/2025\/07\/de-labaca-bpmed-150x150.jpg 150w, https:\/\/www.investincotedazur.com\/wp-content\/uploads\/2025\/07\/de-labaca-bpmed-300x300.jpg 300w, https:\/\/www.investincotedazur.com\/wp-content\/uploads\/2025\/07\/de-labaca-bpmed.jpg 700w\" sizes=\"(max-width: 150px) 100vw, 150px\" \/><\/div><a class=\"wp-block-latest-posts__post-title\" href=\"https:\/\/www.investincotedazur.com\/en\/banque-populaire-mediterranee-to-renovate-its-headquarters-in-nice-arenas\/\">Banque Populaire M\u00e9diterran\u00e9e to Renovate Its Headquarters in Nice Ar\u00e9nas<\/a><\/li>\n<li><div class=\"wp-block-latest-posts__featured-image alignleft\"><img width=\"150\" height=\"150\" src=\"https:\/\/www.investincotedazur.com\/wp-content\/uploads\/2025\/10\/investincotedazur-150x150.png\" class=\"attachment-thumbnail size-thumbnail wp-post-image\" alt=\"Troph\u00e9es BTP d&#039;Avenir 06\" style=\"max-width:50px;max-height:50px;\" loading=\"lazy\" srcset=\"https:\/\/www.investincotedazur.com\/wp-content\/uploads\/2025\/10\/investincotedazur-150x150.png 150w, https:\/\/www.investincotedazur.com\/wp-content\/uploads\/2025\/10\/investincotedazur-700x700.png 700w\" sizes=\"(max-width: 150px) 100vw, 150px\" \/><\/div><a class=\"wp-block-latest-posts__post-title\" href=\"https:\/\/www.investincotedazur.com\/en\/btp-davenir-06-awards-for-the-oceanice-convention-center-and-the-redevelopment-works-of-the-parking-des-arts\/\">BTP d\u2019Avenir 06 Awards for the Oc\u00e9aNice Convention Center and the Redevelopment Works of the Parking des Arts<\/a><\/li>\n<li><div class=\"wp-block-latest-posts__featured-image alignleft\"><img width=\"150\" height=\"150\" src=\"https:\/\/www.investincotedazur.com\/wp-content\/uploads\/2025\/09\/ecoquartier-cagnes-sur-mer-150x150.png\" class=\"attachment-thumbnail size-thumbnail wp-post-image\" alt=\"ecoquartier cagnes sur mer\" style=\"max-width:50px;max-height:50px;\" loading=\"lazy\" srcset=\"https:\/\/www.investincotedazur.com\/wp-content\/uploads\/2025\/09\/ecoquartier-cagnes-sur-mer-150x150.png 150w, https:\/\/www.investincotedazur.com\/wp-content\/uploads\/2025\/09\/ecoquartier-cagnes-sur-mer-700x700.png 700w\" sizes=\"(max-width: 150px) 100vw, 150px\" \/><\/div><a class=\"wp-block-latest-posts__post-title\" href=\"https:\/\/www.investincotedazur.com\/en\/a-demonstrator-eco-district-of-the-city-of-tomorrow-in-cagnes-sur-mer\/\">A demonstrator eco-district of the city of tomorrow in Cagnes-sur-Mer<\/a><\/li>\n<\/ul>","protected":false},"excerpt":{"rendered":"<p>On October 18, 2025, 8 additional hectares were opened on the Promenade du Paillon. The development now connects the Promenade des Anglais to the Palais des Expositions. The total continuous green area reaches 20 hectares in the central zone. The opening was accompanied by a program of activities spread across the site and a 4 [&hellip;]<\/p>\n","protected":false},"author":14,"featured_media":24849,"comment_status":"closed","ping_status":"closed","sticky":false,"template":"","format":"standard","meta":{"_mi_skip_tracking":false,"_monsterinsights_sitenote_active":false,"_monsterinsights_sitenote_note":"","_monsterinsights_sitenote_category":0},"categories":[92,102],"tags":[],"acf":[],"yoast_head":"<!-- This site is optimized with the Yoast SEO plugin v19.12 - https:\/\/yoast.com\/wordpress\/plugins\/seo\/ -->\n<title>Promenade du Paillon: 8 Additional Hectares of Green Space Opened in Nice - Invest in C\u00f4te d&#039;Azur<\/title>\n<meta name=\"description\" content=\"On October 18, 2025, 8 additional hectares were opened on the Promenade du Paillon in Nice, bringing the total continuous green space to 20 hectares.\" \/>\n<meta name=\"robots\" content=\"index, follow, max-snippet:-1, max-image-preview:large, max-video-preview:-1\" \/>\n<link rel=\"canonical\" href=\"https:\/\/www.investincotedazur.com\/en\/promenade-du-paillon-8-additional-hectares-of-green-space-opened-in-nice\/\" \/>\n<meta property=\"og:locale\" content=\"en_US\" \/>\n<meta property=\"og:type\" content=\"article\" \/>\n<meta property=\"og:title\" content=\"Promenade du Paillon: 8 Additional Hectares of Green Space Opened in Nice - Invest in C\u00f4te d&#039;Azur\" \/>\n<meta property=\"og:description\" content=\"On October 18, 2025, 8 additional hectares were opened on the Promenade du Paillon in Nice, bringing the total continuous green space to 20 hectares.\" \/>\n<meta property=\"og:url\" content=\"https:\/\/www.investincotedazur.com\/en\/promenade-du-paillon-8-additional-hectares-of-green-space-opened-in-nice\/\" \/>\n<meta property=\"og:site_name\" content=\"Invest in C\u00f4te d&#039;Azur\" \/>\n<meta property=\"article:published_time\" content=\"2025-10-20T16:12:16+00:00\" \/>\n<meta property=\"article:modified_time\" content=\"2025-10-25T11:29:00+00:00\" \/>\n<meta property=\"og:image\" content=\"https:\/\/www.investincotedazur.com\/wp-content\/uploads\/2025\/10\/investincotedazur-2025-10-20T140715.642.jpg\" \/>\n\t<meta property=\"og:image:width\" content=\"700\" \/>\n\t<meta property=\"og:image:height\" content=\"700\" \/>\n\t<meta property=\"og:image:type\" content=\"image\/jpeg\" \/>\n<meta name=\"author\" content=\"Jose Perez Gabarron\" \/>\n<meta name=\"twitter:card\" content=\"summary_large_image\" \/>\n<meta name=\"twitter:creator\" content=\"@Investcotedazur\" \/>\n<meta name=\"twitter:site\" content=\"@Investcotedazur\" \/>\n<meta name=\"twitter:label1\" content=\"Written by\" \/>\n\t<meta name=\"twitter:data1\" content=\"Jose Perez Gabarron\" \/>\n\t<meta name=\"twitter:label2\" content=\"Est. reading time\" \/>\n\t<meta name=\"twitter:data2\" content=\"2 minutes\" \/>\n<script type=\"application\/ld+json\" class=\"yoast-schema-graph\">{\"@context\":\"https:\/\/schema.org\",\"@graph\":[{\"@type\":\"Article\",\"@id\":\"https:\/\/www.investincotedazur.com\/en\/promenade-du-paillon-8-additional-hectares-of-green-space-opened-in-nice\/#article\",\"isPartOf\":{\"@id\":\"https:\/\/www.investincotedazur.com\/en\/promenade-du-paillon-8-additional-hectares-of-green-space-opened-in-nice\/\"},\"author\":{\"name\":\"Jose Perez Gabarron\",\"@id\":\"https:\/\/www.investincotedazur.com\/en\/#\/schema\/person\/ebbeede4229d29e0861488f2bd1036d9\"},\"headline\":\"Promenade du Paillon: 8 Additional Hectares of Green Space Opened in Nice\",\"datePublished\":\"2025-10-20T16:12:16+00:00\",\"dateModified\":\"2025-10-25T11:29:00+00:00\",\"mainEntityOfPage\":{\"@id\":\"https:\/\/www.investincotedazur.com\/en\/promenade-du-paillon-8-additional-hectares-of-green-space-opened-in-nice\/\"},\"wordCount\":335,\"publisher\":{\"@id\":\"https:\/\/www.investincotedazur.com\/en\/#organization\"},\"articleSection\":[\"C\u00f4te d'Azur Planning\",\"Nice C\u00f4te d'Azur Metropolis\"],\"inLanguage\":\"en-US\"},{\"@type\":\"WebPage\",\"@id\":\"https:\/\/www.investincotedazur.com\/en\/promenade-du-paillon-8-additional-hectares-of-green-space-opened-in-nice\/\",\"url\":\"https:\/\/www.investincotedazur.com\/en\/promenade-du-paillon-8-additional-hectares-of-green-space-opened-in-nice\/\",\"name\":\"Promenade du Paillon: 8 Additional Hectares of Green Space Opened in Nice - Invest in C\u00f4te d&#039;Azur\",\"isPartOf\":{\"@id\":\"https:\/\/www.investincotedazur.com\/en\/#website\"},\"datePublished\":\"2025-10-20T16:12:16+00:00\",\"dateModified\":\"2025-10-25T11:29:00+00:00\",\"description\":\"On October 18, 2025, 8 additional hectares were opened on the Promenade du Paillon in Nice, bringing the total continuous green space to 20 hectares.\",\"inLanguage\":\"en-US\",\"potentialAction\":[{\"@type\":\"ReadAction\",\"target\":[\"https:\/\/www.investincotedazur.com\/en\/promenade-du-paillon-8-additional-hectares-of-green-space-opened-in-nice\/\"]}]},{\"@type\":\"WebSite\",\"@id\":\"https:\/\/www.investincotedazur.com\/en\/#website\",\"url\":\"https:\/\/www.investincotedazur.com\/en\/\",\"name\":\"Invest in C\u00f4te d'Azur\",\"description\":\"\",\"publisher\":{\"@id\":\"https:\/\/www.investincotedazur.com\/en\/#organization\"},\"alternateName\":\"Invest in C\u00f4te d'Azur\",\"potentialAction\":[{\"@type\":\"SearchAction\",\"target\":{\"@type\":\"EntryPoint\",\"urlTemplate\":\"https:\/\/www.investincotedazur.com\/en\/?s={search_term_string}\"},\"query-input\":\"required name=search_term_string\"}],\"inLanguage\":\"en-US\"},{\"@type\":\"Organization\",\"@id\":\"https:\/\/www.investincotedazur.com\/en\/#organization\",\"name\":\"Invest in C\u00f4te d'Azur\",\"alternateName\":\"Invest in C\u00f4te d'Azur\",\"url\":\"https:\/\/www.investincotedazur.com\/en\/\",\"logo\":{\"@type\":\"ImageObject\",\"inLanguage\":\"en-US\",\"@id\":\"https:\/\/www.investincotedazur.com\/en\/#\/schema\/logo\/image\/\",\"url\":\"https:\/\/www.investincotedazur.com\/wp-content\/uploads\/2023\/05\/cropped-New-missions-3.png\",\"contentUrl\":\"https:\/\/www.investincotedazur.com\/wp-content\/uploads\/2023\/05\/cropped-New-missions-3.png\",\"width\":512,\"height\":512,\"caption\":\"Invest in C\u00f4te d'Azur\"},\"image\":{\"@id\":\"https:\/\/www.investincotedazur.com\/en\/#\/schema\/logo\/image\/\"},\"sameAs\":[\"https:\/\/www.linkedin.com\/company\/investincotedazur\/\",\"https:\/\/twitter.com\/Investcotedazur\"]},{\"@type\":\"Person\",\"@id\":\"https:\/\/www.investincotedazur.com\/en\/#\/schema\/person\/ebbeede4229d29e0861488f2bd1036d9\",\"name\":\"Jose Perez Gabarron\",\"image\":{\"@type\":\"ImageObject\",\"inLanguage\":\"en-US\",\"@id\":\"https:\/\/www.investincotedazur.com\/en\/#\/schema\/person\/image\/\",\"url\":\"https:\/\/secure.gravatar.com\/avatar\/20ec9e74f48620b8ee4253da6b114950?s=96&d=mm&r=g\",\"contentUrl\":\"https:\/\/secure.gravatar.com\/avatar\/20ec9e74f48620b8ee4253da6b114950?s=96&d=mm&r=g\",\"caption\":\"Jose Perez Gabarron\"}}]}<\/script>\n<!-- \/ Yoast SEO plugin. -->","yoast_head_json":{"title":"Promenade du Paillon: 8 Additional Hectares of Green Space Opened in Nice - Invest in C\u00f4te d&#039;Azur","description":"On October 18, 2025, 8 additional hectares were opened on the Promenade du Paillon in Nice, bringing the total continuous green space to 20 hectares.","robots":{"index":"index","follow":"follow","max-snippet":"max-snippet:-1","max-image-preview":"max-image-preview:large","max-video-preview":"max-video-preview:-1"},"canonical":"https:\/\/www.investincotedazur.com\/en\/promenade-du-paillon-8-additional-hectares-of-green-space-opened-in-nice\/","og_locale":"en_US","og_type":"article","og_title":"Promenade du Paillon: 8 Additional Hectares of Green Space Opened in Nice - Invest in C\u00f4te d&#039;Azur","og_description":"On October 18, 2025, 8 additional hectares were opened on the Promenade du Paillon in Nice, bringing the total continuous green space to 20 hectares.","og_url":"https:\/\/www.investincotedazur.com\/en\/promenade-du-paillon-8-additional-hectares-of-green-space-opened-in-nice\/","og_site_name":"Invest in C\u00f4te d&#039;Azur","article_published_time":"2025-10-20T16:12:16+00:00","article_modified_time":"2025-10-25T11:29:00+00:00","og_image":[{"width":700,"height":700,"url":"https:\/\/www.investincotedazur.com\/wp-content\/uploads\/2025\/10\/investincotedazur-2025-10-20T140715.642.jpg","type":"image\/jpeg"}],"author":"Jose Perez Gabarron","twitter_card":"summary_large_image","twitter_creator":"@Investcotedazur","twitter_site":"@Investcotedazur","twitter_misc":{"Written by":"Jose Perez Gabarron","Est. reading time":"2 minutes"},"schema":{"@context":"https:\/\/schema.org","@graph":[{"@type":"Article","@id":"https:\/\/www.investincotedazur.com\/en\/promenade-du-paillon-8-additional-hectares-of-green-space-opened-in-nice\/#article","isPartOf":{"@id":"https:\/\/www.investincotedazur.com\/en\/promenade-du-paillon-8-additional-hectares-of-green-space-opened-in-nice\/"},"author":{"name":"Jose Perez Gabarron","@id":"https:\/\/www.investincotedazur.com\/en\/#\/schema\/person\/ebbeede4229d29e0861488f2bd1036d9"},"headline":"Promenade du Paillon: 8 Additional Hectares of Green Space Opened in Nice","datePublished":"2025-10-20T16:12:16+00:00","dateModified":"2025-10-25T11:29:00+00:00","mainEntityOfPage":{"@id":"https:\/\/www.investincotedazur.com\/en\/promenade-du-paillon-8-additional-hectares-of-green-space-opened-in-nice\/"},"wordCount":335,"publisher":{"@id":"https:\/\/www.investincotedazur.com\/en\/#organization"},"articleSection":["C\u00f4te d'Azur Planning","Nice C\u00f4te d'Azur Metropolis"],"inLanguage":"en-US"},{"@type":"WebPage","@id":"https:\/\/www.investincotedazur.com\/en\/promenade-du-paillon-8-additional-hectares-of-green-space-opened-in-nice\/","url":"https:\/\/www.investincotedazur.com\/en\/promenade-du-paillon-8-additional-hectares-of-green-space-opened-in-nice\/","name":"Promenade du Paillon: 8 Additional Hectares of Green Space Opened in Nice - Invest in C\u00f4te d&#039;Azur","isPartOf":{"@id":"https:\/\/www.investincotedazur.com\/en\/#website"},"datePublished":"2025-10-20T16:12:16+00:00","dateModified":"2025-10-25T11:29:00+00:00","description":"On October 18, 2025, 8 additional hectares were opened on the Promenade du Paillon in Nice, bringing the total continuous green space to 20 hectares.","inLanguage":"en-US","potentialAction":[{"@type":"ReadAction","target":["https:\/\/www.investincotedazur.com\/en\/promenade-du-paillon-8-additional-hectares-of-green-space-opened-in-nice\/"]}]},{"@type":"WebSite","@id":"https:\/\/www.investincotedazur.com\/en\/#website","url":"https:\/\/www.investincotedazur.com\/en\/","name":"Invest in C\u00f4te d'Azur","description":"","publisher":{"@id":"https:\/\/www.investincotedazur.com\/en\/#organization"},"alternateName":"Invest in C\u00f4te d'Azur","potentialAction":[{"@type":"SearchAction","target":{"@type":"EntryPoint","urlTemplate":"https:\/\/www.investincotedazur.com\/en\/?s={search_term_string}"},"query-input":"required name=search_term_string"}],"inLanguage":"en-US"},{"@type":"Organization","@id":"https:\/\/www.investincotedazur.com\/en\/#organization","name":"Invest in C\u00f4te d'Azur","alternateName":"Invest in C\u00f4te d'Azur","url":"https:\/\/www.investincotedazur.com\/en\/","logo":{"@type":"ImageObject","inLanguage":"en-US","@id":"https:\/\/www.investincotedazur.com\/en\/#\/schema\/logo\/image\/","url":"https:\/\/www.investincotedazur.com\/wp-content\/uploads\/2023\/05\/cropped-New-missions-3.png","contentUrl":"https:\/\/www.investincotedazur.com\/wp-content\/uploads\/2023\/05\/cropped-New-missions-3.png","width":512,"height":512,"caption":"Invest in C\u00f4te d'Azur"},"image":{"@id":"https:\/\/www.investincotedazur.com\/en\/#\/schema\/logo\/image\/"},"sameAs":["https:\/\/www.linkedin.com\/company\/investincotedazur\/","https:\/\/twitter.com\/Investcotedazur"]},{"@type":"Person","@id":"https:\/\/www.investincotedazur.com\/en\/#\/schema\/person\/ebbeede4229d29e0861488f2bd1036d9","name":"Jose Perez Gabarron","image":{"@type":"ImageObject","inLanguage":"en-US","@id":"https:\/\/www.investincotedazur.com\/en\/#\/schema\/person\/image\/","url":"https:\/\/secure.gravatar.com\/avatar\/20ec9e74f48620b8ee4253da6b114950?s=96&d=mm&r=g","contentUrl":"https:\/\/secure.gravatar.com\/avatar\/20ec9e74f48620b8ee4253da6b114950?s=96&d=mm&r=g","caption":"Jose Perez Gabarron"}}]}},"_links":{"self":[{"href":"https:\/\/www.investincotedazur.com\/en\/wp-json\/wp\/v2\/posts\/24864"}],"collection":[{"href":"https:\/\/www.investincotedazur.com\/en\/wp-json\/wp\/v2\/posts"}],"about":[{"href":"https:\/\/www.investincotedazur.com\/en\/wp-json\/wp\/v2\/types\/post"}],"author":[{"embeddable":true,"href":"https:\/\/www.investincotedazur.com\/en\/wp-json\/wp\/v2\/users\/14"}],"replies":[{"embeddable":true,"href":"https:\/\/www.investincotedazur.com\/en\/wp-json\/wp\/v2\/comments?post=24864"}],"version-history":[{"count":2,"href":"https:\/\/www.investincotedazur.com\/en\/wp-json\/wp\/v2\/posts\/24864\/revisions"}],"predecessor-version":[{"id":24873,"href":"https:\/\/www.investincotedazur.com\/en\/wp-json\/wp\/v2\/posts\/24864\/revisions\/24873"}],"wp:featuredmedia":[{"embeddable":true,"href":"https:\/\/www.investincotedazur.com\/en\/wp-json\/wp\/v2\/media\/24849"}],"wp:attachment":[{"href":"https:\/\/www.investincotedazur.com\/en\/wp-json\/wp\/v2\/media?parent=24864"}],"wp:term":[{"taxonomy":"category","embeddable":true,"href":"https:\/\/www.investincotedazur.com\/en\/wp-json\/wp\/v2\/categories?post=24864"},{"taxonomy":"post_tag","embeddable":true,"href":"https:\/\/www.investincotedazur.com\/en\/wp-json\/wp\/v2\/tags?post=24864"}],"curies":[{"name":"wp","href":"https:\/\/api.w.org\/{rel}","templated":true}]}}