{"id":24860,"date":"2025-10-20T10:51:19","date_gmt":"2025-10-20T08:51:19","guid":{"rendered":"https:\/\/www.investincotedazur.com\/?p=24860"},"modified":"2025-10-25T13:29:45","modified_gmt":"2025-10-25T11:29:45","slug":"banque-populaire-mediterranee-to-renovate-its-headquarters-in-nice-arenas","status":"publish","type":"post","link":"https:\/\/www.investincotedazur.com\/en\/banque-populaire-mediterranee-to-renovate-its-headquarters-in-nice-arenas\/","title":{"rendered":"Banque Populaire M\u00e9diterran\u00e9e to Renovate Its Headquarters in Nice Ar\u00e9nas"},"content":{"rendered":"\n<div class=\"wp-container-3 wp-block-columns\">\n<div class=\"wp-container-1 wp-block-column\" style=\"flex-basis:33.33%\">\n<figure class=\"wp-block-image size-full\"><img width=\"700\" height=\"700\" src=\"https:\/\/www.investincotedazur.com\/wp-content\/uploads\/2025\/07\/de-labaca-bpmed.jpg\" alt=\"de labaca bpmed\" class=\"wp-image-23758\" srcset=\"https:\/\/www.investincotedazur.com\/wp-content\/uploads\/2025\/07\/de-labaca-bpmed.jpg 700w, https:\/\/www.investincotedazur.com\/wp-content\/uploads\/2025\/07\/de-labaca-bpmed-300x300.jpg 300w, https:\/\/www.investincotedazur.com\/wp-content\/uploads\/2025\/07\/de-labaca-bpmed-150x150.jpg 150w\" sizes=\"(max-width: 700px) 100vw, 700px\" \/><\/figure>\n<\/div>\n\n\n\n<div class=\"wp-container-2 wp-block-column\" style=\"flex-basis:66.66%\">\n<p class=\"has-medium-font-size\"><a href=\"https:\/\/www.banquepopulaire.fr\/mediterranee\/\" target=\"_blank\" rel=\"noreferrer noopener nofollow\">Banque Populaire M\u00e9diterran\u00e9e (BPMed)<\/a> is set to modernize its headquarters located in the Ar\u00e9nas business district in Nice. The renovation work will begin in January 2026. The 24,000 m\u00b2 building will eventually accommodate both bank employees and businesses.  <\/p>\n\n\n\n<p class=\"has-medium-font-size\">The west wing will be dedicated to the bank&#8217;s 300 employees, offering fully redesigned workspaces. The east wing will offer 3,700 m\u00b2 of office space for rent starting in the second quarter of 2026. The site enjoys a strategic location, close to the airport and major transport infrastructure.  <\/p>\n\n\n\n<p class=\"has-medium-font-size\">The project includes a triple environmental certification: BREEAM, HQE, and WELL. Local companies will be engaged in the construction process, reinforcing the project&#8217;s regional integration.  <\/p>\n\n\n\n<p class=\"has-medium-font-size\">The architectural competition closed on October 17, 2025. The winning design will be announced in early 2026. Design studies will begin in the first quarter.  <\/p>\n<\/div>\n<\/div>\n\n\n\n<h2>A Dual-Purpose Real Estate Project<\/h2>\n\n\n\n<p class=\"has-medium-font-size\">In a press release dated October 3, 2025, and relayed by Les Petites Affiches des Alpes-Maritimes, Banque Populaire M\u00e9diterran\u00e9e announced the upcoming renovation of its headquarters at 457 Promenade des Anglais, in the <a href=\"https:\/\/www.investincotedazur.com\/en\/grand-arenas-opening-of-the-new-multimodal-station\/\">Ar\u00e9nas business district<\/a> of Nice. Originally built in 1989, the building will be modernized to meet new commercial real estate standards and offer high-value rental office space. <\/p>\n\n\n\n<p class=\"has-medium-font-size\">The west wing will host BPMed\u2019s 300 employees in redesigned, modern work environments. From Q2 2026, the east wing will provide 3,700 m\u00b2 of office space available for lease. With its prime location next to Nice C\u00f4te d\u2019Azur Airport and major transport links, the site offers strong commercial potential.  <\/p>\n\n\n\n<div style=\"height:40px\" aria-hidden=\"true\" class=\"wp-block-spacer\"><\/div>\n\n\n\n<h2>A Sustainable and Locally Rooted Approach<\/h2>\n\n\n\n<p class=\"has-medium-font-size\">BPMed has embedded this transformation within a sustainable development strategy. The renovation aims to achieve three major certifications: BREEAM, HQE, and WELL. The project will rely on the expertise of local contractors and service providers, reinforcing its connection to the regional economy.  <\/p>\n\n\n\n<p class=\"has-medium-font-size\">The architectural competition closed on October 17, 2025. The winning design will be selected in early 2026, with planning and design studies to begin in the first quarter. <\/p>\n\n\n\n<p><strong>Sources:<\/strong> <em><a href=\"https:\/\/www.petitesaffiches.fr\/actualites,069\/economie,045\/la-banque-populaire-mediterranee,37881.html\" target=\"_blank\" rel=\"noreferrer noopener nofollow\">Les Petites Affiches des Alpes-Maritimes<\/a><\/em> &#8211; <em><a href=\"https:\/\/www.facebook.com\/bpmedfr\/posts\/pfbid02MQPvQ7g9Ag7FNQnxypXoXTqaAJ6Knv2rgCohCojg14dFp9cA4RGEMzSCJDPi43Hcl\" target=\"_blank\" rel=\"noreferrer noopener nofollow\">BPMed (Facebook)<\/a><\/em><\/p>\n\n\n\n<div style=\"height:53px\" aria-hidden=\"true\" class=\"wp-block-spacer\"><\/div>\n\n\n\n<hr class=\"wp-block-separator has-alpha-channel-opacity\"\/>\n\n\n\n<h2>Infrastructures Nice C\u00f4te d&#8217;Azur<\/h2>\n\n\n<ul class=\"wp-block-latest-posts__list is-grid columns-2 wp-block-latest-posts\"><li><div class=\"wp-block-latest-posts__featured-image alignleft\"><img width=\"150\" height=\"150\" src=\"https:\/\/www.investincotedazur.com\/wp-content\/uploads\/2026\/04\/investincotedazur-2026-04-16T170826.346-150x150.png\" class=\"attachment-thumbnail size-thumbnail wp-post-image\" alt=\"extension t2 nice\" style=\"max-width:50px;max-height:50px;\" loading=\"lazy\" srcset=\"https:\/\/www.investincotedazur.com\/wp-content\/uploads\/2026\/04\/investincotedazur-2026-04-16T170826.346-150x150.png 150w, https:\/\/www.investincotedazur.com\/wp-content\/uploads\/2026\/04\/investincotedazur-2026-04-16T170826.346-700x700.png 700w\" sizes=\"(max-width: 150px) 100vw, 150px\" \/><\/div><a class=\"wp-block-latest-posts__post-title\" href=\"https:\/\/www.investincotedazur.com\/en\/nice-cote-dazur-airport-terminal-2-extension-23000-sq-m-and-capacity-increased-to-18-million-passengers\/\">Nice C\u00f4te d\u2019Azur Airport Terminal 2 extension: 23,000 sq m and capacity increased to 18 million passengers<\/a><\/li>\n<li><div class=\"wp-block-latest-posts__featured-image alignleft\"><img width=\"150\" height=\"150\" src=\"https:\/\/www.investincotedazur.com\/wp-content\/uploads\/2024\/03\/mipim-2026-150x150.png\" class=\"attachment-thumbnail size-thumbnail wp-post-image\" alt=\"mipim 2026\" style=\"max-width:50px;max-height:50px;\" loading=\"lazy\" srcset=\"https:\/\/www.investincotedazur.com\/wp-content\/uploads\/2024\/03\/mipim-2026-150x150.png 150w, https:\/\/www.investincotedazur.com\/wp-content\/uploads\/2024\/03\/mipim-2026-700x700.png 700w\" sizes=\"(max-width: 150px) 100vw, 150px\" \/><\/div><a class=\"wp-block-latest-posts__post-title\" href=\"https:\/\/www.investincotedazur.com\/en\/mipim-nice-cote-dazur\/\">MIPIM 2026: Axelle Xerri to Represent Team Nice C\u00f4te d&#8217;Azur<\/a><\/li>\n<li><div class=\"wp-block-latest-posts__featured-image alignleft\"><img width=\"150\" height=\"150\" src=\"https:\/\/www.investincotedazur.com\/wp-content\/uploads\/2026\/01\/nice-5eme-ville-de-france-150x150.jpg\" class=\"attachment-thumbnail size-thumbnail wp-post-image\" alt=\"nice 5eme ville de france\" style=\"max-width:50px;max-height:50px;\" loading=\"lazy\" srcset=\"https:\/\/www.investincotedazur.com\/wp-content\/uploads\/2026\/01\/nice-5eme-ville-de-france-150x150.jpg 150w, https:\/\/www.investincotedazur.com\/wp-content\/uploads\/2026\/01\/nice-5eme-ville-de-france-300x300.jpg 300w, https:\/\/www.investincotedazur.com\/wp-content\/uploads\/2026\/01\/nice-5eme-ville-de-france.jpg 700w\" sizes=\"(max-width: 150px) 100vw, 150px\" \/><\/div><a class=\"wp-block-latest-posts__post-title\" href=\"https:\/\/www.investincotedazur.com\/en\/nice-5th-largest-city-in-france-by-population\/\">Nice, 5th largest city in France by population<\/a><\/li>\n<li><div class=\"wp-block-latest-posts__featured-image alignleft\"><img width=\"150\" height=\"150\" src=\"https:\/\/www.investincotedazur.com\/wp-content\/uploads\/2026\/01\/financement-feder-promenade-du-paillon-150x150.jpg\" class=\"attachment-thumbnail size-thumbnail wp-post-image\" alt=\"financement-feder-promenade-du-paillon\" style=\"max-width:50px;max-height:50px;\" loading=\"lazy\" srcset=\"https:\/\/www.investincotedazur.com\/wp-content\/uploads\/2026\/01\/financement-feder-promenade-du-paillon-150x150.jpg 150w, https:\/\/www.investincotedazur.com\/wp-content\/uploads\/2026\/01\/financement-feder-promenade-du-paillon-300x300.jpg 300w, https:\/\/www.investincotedazur.com\/wp-content\/uploads\/2026\/01\/financement-feder-promenade-du-paillon.jpg 700w\" sizes=\"(max-width: 150px) 100vw, 150px\" \/><\/div><a class=\"wp-block-latest-posts__post-title\" href=\"https:\/\/www.investincotedazur.com\/en\/extension-of-the-promenade-du-paillon-the-european-union-awards-e11-6-million-via-the-erdf\/\">Extension of the Promenade du Paillon: the European Union awards \u20ac11.6 million via the ERDF<\/a><\/li>\n<li><div class=\"wp-block-latest-posts__featured-image alignleft\"><img width=\"150\" height=\"150\" src=\"https:\/\/www.investincotedazur.com\/wp-content\/uploads\/2025\/10\/investincotedazur-2025-10-20T140715.642-150x150.jpg\" class=\"attachment-thumbnail size-thumbnail wp-post-image\" alt=\"promenade du paillon nice\" style=\"max-width:50px;max-height:50px;\" loading=\"lazy\" srcset=\"https:\/\/www.investincotedazur.com\/wp-content\/uploads\/2025\/10\/investincotedazur-2025-10-20T140715.642-150x150.jpg 150w, https:\/\/www.investincotedazur.com\/wp-content\/uploads\/2025\/10\/investincotedazur-2025-10-20T140715.642-300x300.jpg 300w, https:\/\/www.investincotedazur.com\/wp-content\/uploads\/2025\/10\/investincotedazur-2025-10-20T140715.642.jpg 700w\" sizes=\"(max-width: 150px) 100vw, 150px\" \/><\/div><a class=\"wp-block-latest-posts__post-title\" href=\"https:\/\/www.investincotedazur.com\/en\/promenade-du-paillon-8-additional-hectares-of-green-space-opened-in-nice\/\">Promenade du Paillon: 8 Additional Hectares of Green Space Opened in Nice<\/a><\/li>\n<li><div class=\"wp-block-latest-posts__featured-image alignleft\"><img width=\"150\" height=\"150\" src=\"https:\/\/www.investincotedazur.com\/wp-content\/uploads\/2025\/07\/de-labaca-bpmed-150x150.jpg\" class=\"attachment-thumbnail size-thumbnail wp-post-image\" alt=\"de labaca bpmed\" style=\"max-width:50px;max-height:50px;\" loading=\"lazy\" srcset=\"https:\/\/www.investincotedazur.com\/wp-content\/uploads\/2025\/07\/de-labaca-bpmed-150x150.jpg 150w, https:\/\/www.investincotedazur.com\/wp-content\/uploads\/2025\/07\/de-labaca-bpmed-300x300.jpg 300w, https:\/\/www.investincotedazur.com\/wp-content\/uploads\/2025\/07\/de-labaca-bpmed.jpg 700w\" sizes=\"(max-width: 150px) 100vw, 150px\" \/><\/div><a class=\"wp-block-latest-posts__post-title\" href=\"https:\/\/www.investincotedazur.com\/en\/banque-populaire-mediterranee-to-renovate-its-headquarters-in-nice-arenas\/\">Banque Populaire M\u00e9diterran\u00e9e to Renovate Its Headquarters in Nice Ar\u00e9nas<\/a><\/li>\n<li><div class=\"wp-block-latest-posts__featured-image alignleft\"><img width=\"150\" height=\"150\" src=\"https:\/\/www.investincotedazur.com\/wp-content\/uploads\/2025\/10\/investincotedazur-150x150.png\" class=\"attachment-thumbnail size-thumbnail wp-post-image\" alt=\"Troph\u00e9es BTP d&#039;Avenir 06\" style=\"max-width:50px;max-height:50px;\" loading=\"lazy\" srcset=\"https:\/\/www.investincotedazur.com\/wp-content\/uploads\/2025\/10\/investincotedazur-150x150.png 150w, https:\/\/www.investincotedazur.com\/wp-content\/uploads\/2025\/10\/investincotedazur-700x700.png 700w\" sizes=\"(max-width: 150px) 100vw, 150px\" \/><\/div><a class=\"wp-block-latest-posts__post-title\" href=\"https:\/\/www.investincotedazur.com\/en\/btp-davenir-06-awards-for-the-oceanice-convention-center-and-the-redevelopment-works-of-the-parking-des-arts\/\">BTP d\u2019Avenir 06 Awards for the Oc\u00e9aNice Convention Center and the Redevelopment Works of the Parking des Arts<\/a><\/li>\n<li><div class=\"wp-block-latest-posts__featured-image alignleft\"><img width=\"150\" height=\"150\" src=\"https:\/\/www.investincotedazur.com\/wp-content\/uploads\/2025\/09\/ecoquartier-cagnes-sur-mer-150x150.png\" class=\"attachment-thumbnail size-thumbnail wp-post-image\" alt=\"ecoquartier cagnes sur mer\" style=\"max-width:50px;max-height:50px;\" loading=\"lazy\" srcset=\"https:\/\/www.investincotedazur.com\/wp-content\/uploads\/2025\/09\/ecoquartier-cagnes-sur-mer-150x150.png 150w, https:\/\/www.investincotedazur.com\/wp-content\/uploads\/2025\/09\/ecoquartier-cagnes-sur-mer-700x700.png 700w\" sizes=\"(max-width: 150px) 100vw, 150px\" \/><\/div><a class=\"wp-block-latest-posts__post-title\" href=\"https:\/\/www.investincotedazur.com\/en\/a-demonstrator-eco-district-of-the-city-of-tomorrow-in-cagnes-sur-mer\/\">A demonstrator eco-district of the city of tomorrow in Cagnes-sur-Mer<\/a><\/li>\n<\/ul>","protected":false},"excerpt":{"rendered":"<p>Banque Populaire M\u00e9diterran\u00e9e (BPMed) is set to modernize its headquarters located in the Ar\u00e9nas business district in Nice. The renovation work will begin in January 2026. The 24,000 m\u00b2 building will eventually accommodate both bank employees and businesses. The west wing will be dedicated to the bank&#8217;s 300 employees, offering fully redesigned workspaces. The east [&hellip;]<\/p>\n","protected":false},"author":14,"featured_media":23759,"comment_status":"closed","ping_status":"closed","sticky":false,"template":"","format":"standard","meta":{"_mi_skip_tracking":false,"_monsterinsights_sitenote_active":false,"_monsterinsights_sitenote_note":"","_monsterinsights_sitenote_category":0},"categories":[92,102,134],"tags":[],"acf":[],"yoast_head":"<!-- This site is optimized with the Yoast SEO plugin v19.12 - https:\/\/yoast.com\/wordpress\/plugins\/seo\/ -->\n<title>Banque Populaire M\u00e9diterran\u00e9e to Renovate Its Headquarters in Nice Ar\u00e9nas - Invest in C\u00f4te d&#039;Azur<\/title>\n<meta name=\"description\" content=\"BPMed is renovating its Ar\u00e9nas headquarters in Nice and will offer 3,700 m\u00b2 of office space for lease starting in 2026.\" \/>\n<meta name=\"robots\" content=\"index, follow, max-snippet:-1, max-image-preview:large, max-video-preview:-1\" \/>\n<link rel=\"canonical\" href=\"https:\/\/www.investincotedazur.com\/en\/banque-populaire-mediterranee-to-renovate-its-headquarters-in-nice-arenas\/\" \/>\n<meta property=\"og:locale\" content=\"en_US\" \/>\n<meta property=\"og:type\" content=\"article\" \/>\n<meta property=\"og:title\" content=\"Banque Populaire M\u00e9diterran\u00e9e to Renovate Its Headquarters in Nice Ar\u00e9nas - Invest in C\u00f4te d&#039;Azur\" \/>\n<meta property=\"og:description\" content=\"BPMed is renovating its Ar\u00e9nas headquarters in Nice and will offer 3,700 m\u00b2 of office space for lease starting in 2026.\" \/>\n<meta property=\"og:url\" content=\"https:\/\/www.investincotedazur.com\/en\/banque-populaire-mediterranee-to-renovate-its-headquarters-in-nice-arenas\/\" \/>\n<meta property=\"og:site_name\" content=\"Invest in C\u00f4te d&#039;Azur\" \/>\n<meta property=\"article:published_time\" content=\"2025-10-20T08:51:19+00:00\" \/>\n<meta property=\"article:modified_time\" content=\"2025-10-25T11:29:45+00:00\" \/>\n<meta property=\"og:image\" content=\"https:\/\/www.investincotedazur.com\/wp-content\/uploads\/2025\/07\/de-labaca-bpmed.jpg\" \/>\n\t<meta property=\"og:image:width\" content=\"700\" \/>\n\t<meta property=\"og:image:height\" content=\"700\" \/>\n\t<meta property=\"og:image:type\" content=\"image\/jpeg\" \/>\n<meta name=\"author\" content=\"Jose Perez Gabarron\" \/>\n<meta name=\"twitter:card\" content=\"summary_large_image\" \/>\n<meta name=\"twitter:creator\" content=\"@Investcotedazur\" \/>\n<meta name=\"twitter:site\" content=\"@Investcotedazur\" \/>\n<meta name=\"twitter:label1\" content=\"Written by\" \/>\n\t<meta name=\"twitter:data1\" content=\"Jose Perez Gabarron\" \/>\n\t<meta name=\"twitter:label2\" content=\"Est. reading time\" \/>\n\t<meta name=\"twitter:data2\" content=\"2 minutes\" \/>\n<script type=\"application\/ld+json\" class=\"yoast-schema-graph\">{\"@context\":\"https:\/\/schema.org\",\"@graph\":[{\"@type\":\"Article\",\"@id\":\"https:\/\/www.investincotedazur.com\/en\/banque-populaire-mediterranee-to-renovate-its-headquarters-in-nice-arenas\/#article\",\"isPartOf\":{\"@id\":\"https:\/\/www.investincotedazur.com\/en\/banque-populaire-mediterranee-to-renovate-its-headquarters-in-nice-arenas\/\"},\"author\":{\"name\":\"Jose Perez Gabarron\",\"@id\":\"https:\/\/www.investincotedazur.com\/en\/#\/schema\/person\/ebbeede4229d29e0861488f2bd1036d9\"},\"headline\":\"Banque Populaire M\u00e9diterran\u00e9e to Renovate Its Headquarters in Nice Ar\u00e9nas\",\"datePublished\":\"2025-10-20T08:51:19+00:00\",\"dateModified\":\"2025-10-25T11:29:45+00:00\",\"mainEntityOfPage\":{\"@id\":\"https:\/\/www.investincotedazur.com\/en\/banque-populaire-mediterranee-to-renovate-its-headquarters-in-nice-arenas\/\"},\"wordCount\":344,\"publisher\":{\"@id\":\"https:\/\/www.investincotedazur.com\/en\/#organization\"},\"articleSection\":[\"C\u00f4te d'Azur Planning\",\"Nice C\u00f4te d'Azur Metropolis\",\"Nice Ecovall\u00e9e\"],\"inLanguage\":\"en-US\"},{\"@type\":\"WebPage\",\"@id\":\"https:\/\/www.investincotedazur.com\/en\/banque-populaire-mediterranee-to-renovate-its-headquarters-in-nice-arenas\/\",\"url\":\"https:\/\/www.investincotedazur.com\/en\/banque-populaire-mediterranee-to-renovate-its-headquarters-in-nice-arenas\/\",\"name\":\"Banque Populaire M\u00e9diterran\u00e9e to Renovate Its Headquarters in Nice Ar\u00e9nas - Invest in C\u00f4te d&#039;Azur\",\"isPartOf\":{\"@id\":\"https:\/\/www.investincotedazur.com\/en\/#website\"},\"datePublished\":\"2025-10-20T08:51:19+00:00\",\"dateModified\":\"2025-10-25T11:29:45+00:00\",\"description\":\"BPMed is renovating its Ar\u00e9nas headquarters in Nice and will offer 3,700 m\u00b2 of office space for lease starting in 2026.\",\"inLanguage\":\"en-US\",\"potentialAction\":[{\"@type\":\"ReadAction\",\"target\":[\"https:\/\/www.investincotedazur.com\/en\/banque-populaire-mediterranee-to-renovate-its-headquarters-in-nice-arenas\/\"]}]},{\"@type\":\"WebSite\",\"@id\":\"https:\/\/www.investincotedazur.com\/en\/#website\",\"url\":\"https:\/\/www.investincotedazur.com\/en\/\",\"name\":\"Invest in C\u00f4te d'Azur\",\"description\":\"\",\"publisher\":{\"@id\":\"https:\/\/www.investincotedazur.com\/en\/#organization\"},\"alternateName\":\"Invest in C\u00f4te d'Azur\",\"potentialAction\":[{\"@type\":\"SearchAction\",\"target\":{\"@type\":\"EntryPoint\",\"urlTemplate\":\"https:\/\/www.investincotedazur.com\/en\/?s={search_term_string}\"},\"query-input\":\"required name=search_term_string\"}],\"inLanguage\":\"en-US\"},{\"@type\":\"Organization\",\"@id\":\"https:\/\/www.investincotedazur.com\/en\/#organization\",\"name\":\"Invest in C\u00f4te d'Azur\",\"alternateName\":\"Invest in C\u00f4te d'Azur\",\"url\":\"https:\/\/www.investincotedazur.com\/en\/\",\"logo\":{\"@type\":\"ImageObject\",\"inLanguage\":\"en-US\",\"@id\":\"https:\/\/www.investincotedazur.com\/en\/#\/schema\/logo\/image\/\",\"url\":\"https:\/\/www.investincotedazur.com\/wp-content\/uploads\/2023\/05\/cropped-New-missions-3.png\",\"contentUrl\":\"https:\/\/www.investincotedazur.com\/wp-content\/uploads\/2023\/05\/cropped-New-missions-3.png\",\"width\":512,\"height\":512,\"caption\":\"Invest in C\u00f4te d'Azur\"},\"image\":{\"@id\":\"https:\/\/www.investincotedazur.com\/en\/#\/schema\/logo\/image\/\"},\"sameAs\":[\"https:\/\/www.linkedin.com\/company\/investincotedazur\/\",\"https:\/\/twitter.com\/Investcotedazur\"]},{\"@type\":\"Person\",\"@id\":\"https:\/\/www.investincotedazur.com\/en\/#\/schema\/person\/ebbeede4229d29e0861488f2bd1036d9\",\"name\":\"Jose Perez Gabarron\",\"image\":{\"@type\":\"ImageObject\",\"inLanguage\":\"en-US\",\"@id\":\"https:\/\/www.investincotedazur.com\/en\/#\/schema\/person\/image\/\",\"url\":\"https:\/\/secure.gravatar.com\/avatar\/20ec9e74f48620b8ee4253da6b114950?s=96&d=mm&r=g\",\"contentUrl\":\"https:\/\/secure.gravatar.com\/avatar\/20ec9e74f48620b8ee4253da6b114950?s=96&d=mm&r=g\",\"caption\":\"Jose Perez Gabarron\"}}]}<\/script>\n<!-- \/ Yoast SEO plugin. -->","yoast_head_json":{"title":"Banque Populaire M\u00e9diterran\u00e9e to Renovate Its Headquarters in Nice Ar\u00e9nas - Invest in C\u00f4te d&#039;Azur","description":"BPMed is renovating its Ar\u00e9nas headquarters in Nice and will offer 3,700 m\u00b2 of office space for lease starting in 2026.","robots":{"index":"index","follow":"follow","max-snippet":"max-snippet:-1","max-image-preview":"max-image-preview:large","max-video-preview":"max-video-preview:-1"},"canonical":"https:\/\/www.investincotedazur.com\/en\/banque-populaire-mediterranee-to-renovate-its-headquarters-in-nice-arenas\/","og_locale":"en_US","og_type":"article","og_title":"Banque Populaire M\u00e9diterran\u00e9e to Renovate Its Headquarters in Nice Ar\u00e9nas - Invest in C\u00f4te d&#039;Azur","og_description":"BPMed is renovating its Ar\u00e9nas headquarters in Nice and will offer 3,700 m\u00b2 of office space for lease starting in 2026.","og_url":"https:\/\/www.investincotedazur.com\/en\/banque-populaire-mediterranee-to-renovate-its-headquarters-in-nice-arenas\/","og_site_name":"Invest in C\u00f4te d&#039;Azur","article_published_time":"2025-10-20T08:51:19+00:00","article_modified_time":"2025-10-25T11:29:45+00:00","og_image":[{"width":700,"height":700,"url":"https:\/\/www.investincotedazur.com\/wp-content\/uploads\/2025\/07\/de-labaca-bpmed.jpg","type":"image\/jpeg"}],"author":"Jose Perez Gabarron","twitter_card":"summary_large_image","twitter_creator":"@Investcotedazur","twitter_site":"@Investcotedazur","twitter_misc":{"Written by":"Jose Perez Gabarron","Est. reading time":"2 minutes"},"schema":{"@context":"https:\/\/schema.org","@graph":[{"@type":"Article","@id":"https:\/\/www.investincotedazur.com\/en\/banque-populaire-mediterranee-to-renovate-its-headquarters-in-nice-arenas\/#article","isPartOf":{"@id":"https:\/\/www.investincotedazur.com\/en\/banque-populaire-mediterranee-to-renovate-its-headquarters-in-nice-arenas\/"},"author":{"name":"Jose Perez Gabarron","@id":"https:\/\/www.investincotedazur.com\/en\/#\/schema\/person\/ebbeede4229d29e0861488f2bd1036d9"},"headline":"Banque Populaire M\u00e9diterran\u00e9e to Renovate Its Headquarters in Nice Ar\u00e9nas","datePublished":"2025-10-20T08:51:19+00:00","dateModified":"2025-10-25T11:29:45+00:00","mainEntityOfPage":{"@id":"https:\/\/www.investincotedazur.com\/en\/banque-populaire-mediterranee-to-renovate-its-headquarters-in-nice-arenas\/"},"wordCount":344,"publisher":{"@id":"https:\/\/www.investincotedazur.com\/en\/#organization"},"articleSection":["C\u00f4te d'Azur Planning","Nice C\u00f4te d'Azur Metropolis","Nice Ecovall\u00e9e"],"inLanguage":"en-US"},{"@type":"WebPage","@id":"https:\/\/www.investincotedazur.com\/en\/banque-populaire-mediterranee-to-renovate-its-headquarters-in-nice-arenas\/","url":"https:\/\/www.investincotedazur.com\/en\/banque-populaire-mediterranee-to-renovate-its-headquarters-in-nice-arenas\/","name":"Banque Populaire M\u00e9diterran\u00e9e to Renovate Its Headquarters in Nice Ar\u00e9nas - Invest in C\u00f4te d&#039;Azur","isPartOf":{"@id":"https:\/\/www.investincotedazur.com\/en\/#website"},"datePublished":"2025-10-20T08:51:19+00:00","dateModified":"2025-10-25T11:29:45+00:00","description":"BPMed is renovating its Ar\u00e9nas headquarters in Nice and will offer 3,700 m\u00b2 of office space for lease starting in 2026.","inLanguage":"en-US","potentialAction":[{"@type":"ReadAction","target":["https:\/\/www.investincotedazur.com\/en\/banque-populaire-mediterranee-to-renovate-its-headquarters-in-nice-arenas\/"]}]},{"@type":"WebSite","@id":"https:\/\/www.investincotedazur.com\/en\/#website","url":"https:\/\/www.investincotedazur.com\/en\/","name":"Invest in C\u00f4te d'Azur","description":"","publisher":{"@id":"https:\/\/www.investincotedazur.com\/en\/#organization"},"alternateName":"Invest in C\u00f4te d'Azur","potentialAction":[{"@type":"SearchAction","target":{"@type":"EntryPoint","urlTemplate":"https:\/\/www.investincotedazur.com\/en\/?s={search_term_string}"},"query-input":"required name=search_term_string"}],"inLanguage":"en-US"},{"@type":"Organization","@id":"https:\/\/www.investincotedazur.com\/en\/#organization","name":"Invest in C\u00f4te d'Azur","alternateName":"Invest in C\u00f4te d'Azur","url":"https:\/\/www.investincotedazur.com\/en\/","logo":{"@type":"ImageObject","inLanguage":"en-US","@id":"https:\/\/www.investincotedazur.com\/en\/#\/schema\/logo\/image\/","url":"https:\/\/www.investincotedazur.com\/wp-content\/uploads\/2023\/05\/cropped-New-missions-3.png","contentUrl":"https:\/\/www.investincotedazur.com\/wp-content\/uploads\/2023\/05\/cropped-New-missions-3.png","width":512,"height":512,"caption":"Invest in C\u00f4te d'Azur"},"image":{"@id":"https:\/\/www.investincotedazur.com\/en\/#\/schema\/logo\/image\/"},"sameAs":["https:\/\/www.linkedin.com\/company\/investincotedazur\/","https:\/\/twitter.com\/Investcotedazur"]},{"@type":"Person","@id":"https:\/\/www.investincotedazur.com\/en\/#\/schema\/person\/ebbeede4229d29e0861488f2bd1036d9","name":"Jose Perez Gabarron","image":{"@type":"ImageObject","inLanguage":"en-US","@id":"https:\/\/www.investincotedazur.com\/en\/#\/schema\/person\/image\/","url":"https:\/\/secure.gravatar.com\/avatar\/20ec9e74f48620b8ee4253da6b114950?s=96&d=mm&r=g","contentUrl":"https:\/\/secure.gravatar.com\/avatar\/20ec9e74f48620b8ee4253da6b114950?s=96&d=mm&r=g","caption":"Jose Perez Gabarron"}}]}},"_links":{"self":[{"href":"https:\/\/www.investincotedazur.com\/en\/wp-json\/wp\/v2\/posts\/24860"}],"collection":[{"href":"https:\/\/www.investincotedazur.com\/en\/wp-json\/wp\/v2\/posts"}],"about":[{"href":"https:\/\/www.investincotedazur.com\/en\/wp-json\/wp\/v2\/types\/post"}],"author":[{"embeddable":true,"href":"https:\/\/www.investincotedazur.com\/en\/wp-json\/wp\/v2\/users\/14"}],"replies":[{"embeddable":true,"href":"https:\/\/www.investincotedazur.com\/en\/wp-json\/wp\/v2\/comments?post=24860"}],"version-history":[{"count":2,"href":"https:\/\/www.investincotedazur.com\/en\/wp-json\/wp\/v2\/posts\/24860\/revisions"}],"predecessor-version":[{"id":24875,"href":"https:\/\/www.investincotedazur.com\/en\/wp-json\/wp\/v2\/posts\/24860\/revisions\/24875"}],"wp:featuredmedia":[{"embeddable":true,"href":"https:\/\/www.investincotedazur.com\/en\/wp-json\/wp\/v2\/media\/23759"}],"wp:attachment":[{"href":"https:\/\/www.investincotedazur.com\/en\/wp-json\/wp\/v2\/media?parent=24860"}],"wp:term":[{"taxonomy":"category","embeddable":true,"href":"https:\/\/www.investincotedazur.com\/en\/wp-json\/wp\/v2\/categories?post=24860"},{"taxonomy":"post_tag","embeddable":true,"href":"https:\/\/www.investincotedazur.com\/en\/wp-json\/wp\/v2\/tags?post=24860"}],"curies":[{"name":"wp","href":"https:\/\/api.w.org\/{rel}","templated":true}]}}