{"id":23094,"date":"2025-04-15T10:15:10","date_gmt":"2025-04-15T08:15:10","guid":{"rendered":"https:\/\/www.investincotedazur.com\/?p=23094"},"modified":"2025-05-08T23:54:55","modified_gmt":"2025-05-08T21:54:55","slug":"eit-culture-creativity-innovation-forum-in-nice-when-creativity-meets-circularity","status":"publish","type":"post","link":"https:\/\/www.investincotedazur.com\/en\/eit-culture-creativity-innovation-forum-in-nice-when-creativity-meets-circularity\/","title":{"rendered":"EIT Culture &amp; Creativity Innovation Forum in Nice: when creativity meets circularity"},"content":{"rendered":"\n<div class=\"wp-container-3 wp-block-columns\">\n<div class=\"wp-container-1 wp-block-column\" style=\"flex-basis:15%\">\n<figure class=\"wp-block-image size-full\"><img width=\"700\" height=\"700\" src=\"https:\/\/www.investincotedazur.com\/wp-content\/uploads\/2025\/04\/Forum-EIT-Nice.jpg\" alt=\"EIT Forum Nice\" class=\"wp-image-22857\" srcset=\"https:\/\/www.investincotedazur.com\/wp-content\/uploads\/2025\/04\/Forum-EIT-Nice.jpg 700w, https:\/\/www.investincotedazur.com\/wp-content\/uploads\/2025\/04\/Forum-EIT-Nice-300x300.jpg 300w, https:\/\/www.investincotedazur.com\/wp-content\/uploads\/2025\/04\/Forum-EIT-Nice-150x150.jpg 150w\" sizes=\"(max-width: 700px) 100vw, 700px\" \/><\/figure>\n<\/div>\n\n\n\n<div class=\"wp-container-2 wp-block-column\" style=\"flex-basis:66.66%\">\n<ul class=\"has-medium-font-size\"><li>On April 22 and 23, 2025, <strong>Nice<\/strong> hosted the 2nd edition of the <em>EIT Culture &amp; Creativity Innovation Forum<\/em>, on the theme <strong>&#8220;Creativity meets circularity&#8221;.<\/strong><\/li><\/ul>\n\n\n\n<ul class=\"has-medium-font-size\"><li>The event marked the launch of the <strong>Resilience initiative<\/strong>, dedicated to helping CCIs adapt to social, economic and environmental transitions.<\/li><\/ul>\n\n\n\n<ul class=\"has-medium-font-size\"><li>The forum was organized in cooperation with the <strong>MIN4CI foundation<\/strong>, with the support of <strong>the City of Nice<\/strong> and <strong>Universit\u00e9 C\u00f4te d&#8217;Azur<\/strong>.<\/li><\/ul>\n<\/div>\n<\/div>\n\n\n\n<p>On April 22 and 23, 2025, <strong>Nice<\/strong> became a European focal point for exploring the links between innovation, culture and sustainability. <a href=\"https:\/\/community.eit-culture-creativity.eu\/events\/174251\" target=\"_blank\" rel=\"noreferrer noopener nofollow\">The <em>EIT Culture &amp; Creativity Innovation Forum<\/em><\/a> was held at the <strong>Th\u00e9\u00e2tre des Franciscains<\/strong> and on the <strong>Trotabas Campus<\/strong>, around the theme <strong>&#8220;Creativity meets circularity&#8221;.<\/strong><\/p>\n\n\n\n<p>This edition was co-organized with the <strong><a href=\"https:\/\/min4ci.org\/\" target=\"_blank\" rel=\"noreferrer noopener nofollow\">Mediterranean Innovative Narratives for Cultural and Creative Industries Foundation (MIN4CI)<\/a><\/strong> created by <strong>Universit\u00e9 C\u00f4te d&#8217;Azur<\/strong>, <strong>Aix-Marseille Universit\u00e9<\/strong>, <strong>Avignon Universit\u00e9<\/strong> and the <strong>Provence-Alpes-C\u00f4te d&#8217;Azur Region<\/strong>, to join forces in the field of cultural and creative activities.  <\/p>\n\n\n\n<p>The forum also benefited from the support of <strong>the City of Nice<\/strong>, a key player in the structuring of cultural industries on a local and European scale.<\/p>\n\n\n\n<div style=\"height:19px\" aria-hidden=\"true\" class=\"wp-block-spacer\"><\/div>\n\n\n\n<figure class=\"wp-block-image size-large\"><a href=\"https:\/\/community.eit-culture-creativity.eu\/events\/174251\" target=\"_blank\" rel=\"noreferrer noopener\"><img width=\"1024\" height=\"529\" src=\"https:\/\/www.investincotedazur.com\/wp-content\/uploads\/2025\/04\/image-1024x529.png\" alt=\"\" class=\"wp-image-22859\" srcset=\"https:\/\/www.investincotedazur.com\/wp-content\/uploads\/2025\/04\/image-1024x529.png 1024w, https:\/\/www.investincotedazur.com\/wp-content\/uploads\/2025\/04\/image-300x155.png 300w, https:\/\/www.investincotedazur.com\/wp-content\/uploads\/2025\/04\/image-768x397.png 768w, https:\/\/www.investincotedazur.com\/wp-content\/uploads\/2025\/04\/image.png 1200w\" sizes=\"(max-width: 1024px) 100vw, 1024px\" \/><\/a><\/figure>\n\n\n\n<div style=\"height:43px\" aria-hidden=\"true\" class=\"wp-block-spacer\"><\/div>\n\n\n\n<h2>Five cultural sectors explored<\/h2>\n\n\n\n<p>The program included panels, workshops and working groups in five key areas:<\/p>\n\n\n\n<ul><li class=\"\"><strong>mode<\/strong>,<\/li><li class=\"\"><strong>architecture<\/strong>,<\/li><li class=\"\"><strong>audiovisual<\/strong>,<\/li><li class=\"\"><strong>video game<\/strong>,<\/li><li class=\"\"><strong>cultural heritage<\/strong>.<\/li><\/ul>\n\n\n\n<div style=\"height:15px\" aria-hidden=\"true\" class=\"wp-block-spacer\"><\/div>\n\n\n\n<p>Speakers included architect <strong>Winy Maes<\/strong> and MEP <strong>Christian Elher<\/strong>. Three main questions structured the discussions: <\/p>\n\n\n\n<p><br>\ud83d\udd04 <strong>Is circularity really at the heart of innovation?<\/strong><br>\ud83d\udcc8 <strong>How can it transform value chains, markets and business models?<\/strong><br>\ud83e\udd1d <strong>How can it produce a lasting societal impact that goes beyond economic logic?<\/strong><\/p>\n\n\n\n<div style=\"height:43px\" aria-hidden=\"true\" class=\"wp-block-spacer\"><\/div>\n\n\n\n<h2>Resilience Initiative: a program to support transitions<\/h2>\n\n\n\n<p>The forum also marked the <strong>official launch of the Resilience initiative<\/strong>, spearheaded by EIT Culture &amp; Creativity. This initiative aimed to support the cultural and creative industries in their ability to adapt to ecological, social and digital transitions, by mobilizing concrete circular practices. <\/p>\n\n\n\n<p>A dedicated session brought together representatives from European institutions, the EIT, the European Intellectual Property Office and the European Parliament.<\/p>\n\n\n\n<div style=\"height:43px\" aria-hidden=\"true\" class=\"wp-block-spacer\"><\/div>\n\n\n\n<h2>CCIs in Nice: local structure and European roots<\/h2>\n\n\n\n<p>The <strong>city of Nice<\/strong> is building an ICC ecosystem that combines infrastructure <a href=\"https:\/\/www.investincotedazur.com\/en\/studios-de-la-victorine-modernization-and-resurgence\/\">(Studios de la Victorine<\/a>), training <a href=\"https:\/\/www.investincotedazur.com\/industries-creatives-et-culturelles-lexpertise-reconnue-de-la-cote-dazur\/\">(Universit\u00e9 C\u00f4te d&#8217;Azur<\/a>, <a href=\"https:\/\/www.investincotedazur.com\/en\/nice-isart-game-business-school-opens-in-2023\/\">ISART Digital<\/a>), events <a href=\"https:\/\/www.investincotedazur.com\/printemps-momes-nice-icc\/\">(Printemps des M\u00f4mes<\/a>) and international cooperation <a href=\"https:\/\/www.investincotedazur.com\/en\/team-nice-cote-dazur-italys-cultural-and-creative-industries-ecosystem\/\">(Italy, Quebec<\/a>).  <\/p>\n\n\n\n<p>The <strong><a href=\"https:\/\/cinema.nice.fr\/fr\/\" target=\"_blank\" rel=\"noreferrer noopener nofollow\">Mission Cin\u00e9ma de la Ville de Nice &#8211; CineNice<\/a><\/strong> oversees the hosting of film shoots and supports the development of the audiovisual industry.<\/p>\n\n\n\n<p>The organization of this Forum in Nice echoes this strategy of local structuring connected to European dynamics, where <strong>creation, circularity and innovation<\/strong> converge.<\/p>\n\n\n\n<div style=\"height:43px\" aria-hidden=\"true\" class=\"wp-block-spacer\"><\/div>\n\n\n\n<hr class=\"wp-block-separator has-alpha-channel-opacity\"\/>\n\n\n\n<h2>Cultural and Creative Industries in Nice C\u00f4te d&#8217;Azur<\/h2>\n\n\n<ul class=\"wp-block-latest-posts__list is-grid columns-2 wp-block-latest-posts\"><li><div class=\"wp-block-latest-posts__featured-image alignleft\"><img width=\"150\" height=\"150\" src=\"https:\/\/www.investincotedazur.com\/wp-content\/uploads\/2024\/05\/Play-Azur-festival-2025-Affiche-150x150.png\" class=\"attachment-thumbnail size-thumbnail wp-post-image\" alt=\"Play Azur festival 2025 Affiche\" style=\"max-width:50px;max-height:50px;\" loading=\"lazy\" srcset=\"https:\/\/www.investincotedazur.com\/wp-content\/uploads\/2024\/05\/Play-Azur-festival-2025-Affiche-150x150.png 150w, https:\/\/www.investincotedazur.com\/wp-content\/uploads\/2024\/05\/Play-Azur-festival-2025-Affiche-700x700.png 700w\" sizes=\"(max-width: 150px) 100vw, 150px\" \/><\/div><a class=\"wp-block-latest-posts__post-title\" href=\"https:\/\/www.investincotedazur.com\/en\/the-festival-play-azur-a-celebration-of-pop-culture-and-the-geek-world-in-nice\/\">Play Azur Festival 2026 confirms Nice as a major hub for pop culture and the cultural and creative industries<\/a><\/li>\n<li><div class=\"wp-block-latest-posts__featured-image alignleft\"><img width=\"150\" height=\"150\" src=\"https:\/\/www.investincotedazur.com\/wp-content\/uploads\/2026\/02\/cites-immersives-anthony-samama-150x150.jpg\" class=\"attachment-thumbnail size-thumbnail wp-post-image\" alt=\"\" style=\"max-width:50px;max-height:50px;\" loading=\"lazy\" srcset=\"https:\/\/www.investincotedazur.com\/wp-content\/uploads\/2026\/02\/cites-immersives-anthony-samama-150x150.jpg 150w, https:\/\/www.investincotedazur.com\/wp-content\/uploads\/2026\/02\/cites-immersives-anthony-samama-300x300.jpg 300w, https:\/\/www.investincotedazur.com\/wp-content\/uploads\/2026\/02\/cites-immersives-anthony-samama.jpg 700w\" sizes=\"(max-width: 150px) 100vw, 150px\" \/><\/div><a class=\"wp-block-latest-posts__post-title\" href=\"https:\/\/www.investincotedazur.com\/en\/cite-immersive-nice-a-unique-cultural-venue-also-designed-for-businesses\/\">Cit\u00e9 Immersive Nice: a unique cultural venue, also designed for businesses<\/a><\/li>\n<li><div class=\"wp-block-latest-posts__featured-image alignleft\"><img width=\"150\" height=\"150\" src=\"https:\/\/www.investincotedazur.com\/wp-content\/uploads\/2026\/02\/investincotedazur-72-150x150.png\" class=\"attachment-thumbnail size-thumbnail wp-post-image\" alt=\"eam Nice C\u00f4te d\u2019Azur mobilized for an AI Business Tour and WAICF 2026\" style=\"max-width:50px;max-height:50px;\" loading=\"lazy\" srcset=\"https:\/\/www.investincotedazur.com\/wp-content\/uploads\/2026\/02\/investincotedazur-72-150x150.png 150w, https:\/\/www.investincotedazur.com\/wp-content\/uploads\/2026\/02\/investincotedazur-72-700x700.png 700w\" sizes=\"(max-width: 150px) 100vw, 150px\" \/><\/div><a class=\"wp-block-latest-posts__post-title\" href=\"https:\/\/www.investincotedazur.com\/en\/team-nice-cote-dazur-showcases-ai-ecosystem-at-ai-business-tour-and-waicf-2026\/\">Artificial intelligence: Team Nice C\u00f4te d\u2019Azur mobilized for an AI Business Tour and WAICF 2026<\/a><\/li>\n<li><div class=\"wp-block-latest-posts__featured-image alignleft\"><img width=\"150\" height=\"150\" src=\"https:\/\/www.investincotedazur.com\/wp-content\/uploads\/2025\/11\/1763040336534-150x150.png\" class=\"attachment-thumbnail size-thumbnail wp-post-image\" alt=\"\" style=\"max-width:50px;max-height:50px;\" loading=\"lazy\" srcset=\"https:\/\/www.investincotedazur.com\/wp-content\/uploads\/2025\/11\/1763040336534-150x150.png 150w, https:\/\/www.investincotedazur.com\/wp-content\/uploads\/2025\/11\/1763040336534-700x700.png 700w\" sizes=\"(max-width: 150px) 100vw, 150px\" \/><\/div><a class=\"wp-block-latest-posts__post-title\" href=\"https:\/\/www.investincotedazur.com\/en\/supmode-sup-photo-inaugurate-their-campus-in-nice\/\">SUPMODE &amp; SUP-PHOTO inaugurate their campus in Nice<\/a><\/li>\n<li><div class=\"wp-block-latest-posts__featured-image alignleft\"><img width=\"150\" height=\"150\" src=\"https:\/\/www.investincotedazur.com\/wp-content\/uploads\/2025\/10\/evo-france-2025-150x150.png\" class=\"attachment-thumbnail size-thumbnail wp-post-image\" alt=\"evo france 2025\" style=\"max-width:50px;max-height:50px;\" loading=\"lazy\" \/><\/div><a class=\"wp-block-latest-posts__post-title\" href=\"https:\/\/www.investincotedazur.com\/en\/evo-france-settles-in-nice-from-october-10-to-12-2025\/\">EVO France settles in Nice from October 10 to 12, 2025<\/a><\/li>\n<li><div class=\"wp-block-latest-posts__featured-image alignleft\"><img width=\"150\" height=\"150\" src=\"https:\/\/www.investincotedazur.com\/wp-content\/uploads\/2025\/10\/investincotedazur-2025-10-01T130713.876-150x150.jpg\" class=\"attachment-thumbnail size-thumbnail wp-post-image\" alt=\"Hanna Boghanim, coordinatrice g\u00e9n\u00e9rale du r\u00e9seau Botox(s)\" style=\"max-width:50px;max-height:50px;\" loading=\"lazy\" srcset=\"https:\/\/www.investincotedazur.com\/wp-content\/uploads\/2025\/10\/investincotedazur-2025-10-01T130713.876-150x150.jpg 150w, https:\/\/www.investincotedazur.com\/wp-content\/uploads\/2025\/10\/investincotedazur-2025-10-01T130713.876-300x300.jpg 300w, https:\/\/www.investincotedazur.com\/wp-content\/uploads\/2025\/10\/investincotedazur-2025-10-01T130713.876.jpg 700w\" sizes=\"(max-width: 150px) 100vw, 150px\" \/><\/div><a class=\"wp-block-latest-posts__post-title\" href=\"https:\/\/www.investincotedazur.com\/en\/botoxs-connects-businesses-with-contemporary-creation\/\">Botox(s) Connects Businesses with Contemporary Creation<\/a><\/li>\n<li><div class=\"wp-block-latest-posts__featured-image alignleft\"><img width=\"150\" height=\"150\" src=\"https:\/\/www.investincotedazur.com\/wp-content\/uploads\/2025\/08\/evo-2026-nice-150x150.jpg\" class=\"attachment-thumbnail size-thumbnail wp-post-image\" alt=\"evo 2026 nice\" style=\"max-width:50px;max-height:50px;\" loading=\"lazy\" srcset=\"https:\/\/www.investincotedazur.com\/wp-content\/uploads\/2025\/08\/evo-2026-nice-150x150.jpg 150w, https:\/\/www.investincotedazur.com\/wp-content\/uploads\/2025\/08\/evo-2026-nice-300x300.jpg 300w, https:\/\/www.investincotedazur.com\/wp-content\/uploads\/2025\/08\/evo-2026-nice.jpg 700w\" sizes=\"(max-width: 150px) 100vw, 150px\" \/><\/div><a class=\"wp-block-latest-posts__post-title\" href=\"https:\/\/www.investincotedazur.com\/en\/evo-2026-will-be-held-in-nice\/\">EVO 2026 will take place in Nice<\/a><\/li>\n<li><div class=\"wp-block-latest-posts__featured-image alignleft\"><img width=\"150\" height=\"150\" src=\"https:\/\/www.investincotedazur.com\/wp-content\/uploads\/2025\/06\/Game-Camp-Axelle-2025-6-150x150.jpg\" class=\"attachment-thumbnail size-thumbnail wp-post-image\" alt=\"Game Camp France\" style=\"max-width:50px;max-height:50px;\" loading=\"lazy\" srcset=\"https:\/\/www.investincotedazur.com\/wp-content\/uploads\/2025\/06\/Game-Camp-Axelle-2025-6-150x150.jpg 150w, https:\/\/www.investincotedazur.com\/wp-content\/uploads\/2025\/06\/Game-Camp-Axelle-2025-6-700x700.jpg 700w\" sizes=\"(max-width: 150px) 100vw, 150px\" \/><\/div><a class=\"wp-block-latest-posts__post-title\" href=\"https:\/\/www.investincotedazur.com\/en\/the-icc-nice-cote-dazur-sector-highlighted-at-game-camp-france-by-team-nice-cote-dazur\/\">The ICC Nice C\u00f4te d\u2019Azur sector highlighted at Game Camp France by Team Nice C\u00f4te d\u2019Azur<\/a><\/li>\n<\/ul>","protected":false},"excerpt":{"rendered":"<p>On April 22 and 23, 2025, Nice hosted the 2nd edition of the EIT Culture &amp; Creativity Innovation Forum, on the theme &#8220;Creativity meets circularity&#8221;. The event marked the launch of the Resilience initiative, dedicated to helping CCIs adapt to social, economic and environmental transitions. The forum was organized in cooperation with the MIN4CI foundation, [&hellip;]<\/p>\n","protected":false},"author":14,"featured_media":22858,"comment_status":"closed","ping_status":"closed","sticky":false,"template":"","format":"standard","meta":{"_mi_skip_tracking":false,"_monsterinsights_sitenote_active":false,"_monsterinsights_sitenote_note":"","_monsterinsights_sitenote_category":0},"categories":[146,137,102],"tags":[],"acf":[],"yoast_head":"<!-- This site is optimized with the Yoast SEO plugin v19.12 - https:\/\/yoast.com\/wordpress\/plugins\/seo\/ -->\n<title>EIT Culture &amp; Creativity Innovation Forum in Nice: when creativity meets circularity - Invest in C\u00f4te d&#039;Azur<\/title>\n<meta name=\"description\" content=\"EIT Innovation Forum Culture &amp; Creativity 2025 in Nice: the cultural and creative industries meet to discuss the challenges of circularity.\" \/>\n<meta name=\"robots\" content=\"index, follow, max-snippet:-1, max-image-preview:large, max-video-preview:-1\" \/>\n<link rel=\"canonical\" href=\"https:\/\/www.investincotedazur.com\/en\/eit-culture-creativity-innovation-forum-in-nice-when-creativity-meets-circularity\/\" \/>\n<meta property=\"og:locale\" content=\"en_US\" \/>\n<meta property=\"og:type\" content=\"article\" \/>\n<meta property=\"og:title\" content=\"EIT Culture &amp; Creativity Innovation Forum in Nice: when creativity meets circularity - Invest in C\u00f4te d&#039;Azur\" \/>\n<meta property=\"og:description\" content=\"EIT Innovation Forum Culture &amp; Creativity 2025 in Nice: the cultural and creative industries meet to discuss the challenges of circularity.\" \/>\n<meta property=\"og:url\" content=\"https:\/\/www.investincotedazur.com\/en\/eit-culture-creativity-innovation-forum-in-nice-when-creativity-meets-circularity\/\" \/>\n<meta property=\"og:site_name\" content=\"Invest in C\u00f4te d&#039;Azur\" \/>\n<meta property=\"article:published_time\" content=\"2025-04-15T08:15:10+00:00\" \/>\n<meta property=\"article:modified_time\" content=\"2025-05-08T21:54:55+00:00\" \/>\n<meta property=\"og:image\" content=\"https:\/\/www.investincotedazur.com\/wp-content\/uploads\/2025\/04\/Forum-EIT-Nice.jpg\" \/>\n\t<meta property=\"og:image:width\" content=\"700\" \/>\n\t<meta property=\"og:image:height\" content=\"700\" \/>\n\t<meta property=\"og:image:type\" content=\"image\/jpeg\" \/>\n<meta name=\"author\" content=\"Jose Perez Gabarron\" \/>\n<meta name=\"twitter:card\" content=\"summary_large_image\" \/>\n<meta name=\"twitter:creator\" content=\"@Investcotedazur\" \/>\n<meta name=\"twitter:site\" content=\"@Investcotedazur\" \/>\n<meta name=\"twitter:label1\" content=\"Written by\" \/>\n\t<meta name=\"twitter:data1\" content=\"Jose Perez Gabarron\" \/>\n\t<meta name=\"twitter:label2\" content=\"Est. reading time\" \/>\n\t<meta name=\"twitter:data2\" content=\"3 minutes\" \/>\n<script type=\"application\/ld+json\" class=\"yoast-schema-graph\">{\"@context\":\"https:\/\/schema.org\",\"@graph\":[{\"@type\":\"Article\",\"@id\":\"https:\/\/www.investincotedazur.com\/en\/eit-culture-creativity-innovation-forum-in-nice-when-creativity-meets-circularity\/#article\",\"isPartOf\":{\"@id\":\"https:\/\/www.investincotedazur.com\/en\/eit-culture-creativity-innovation-forum-in-nice-when-creativity-meets-circularity\/\"},\"author\":{\"name\":\"Jose Perez Gabarron\",\"@id\":\"https:\/\/www.investincotedazur.com\/en\/#\/schema\/person\/ebbeede4229d29e0861488f2bd1036d9\"},\"headline\":\"EIT Culture &amp; Creativity Innovation Forum in Nice: when creativity meets circularity\",\"datePublished\":\"2025-04-15T08:15:10+00:00\",\"dateModified\":\"2025-05-08T21:54:55+00:00\",\"mainEntityOfPage\":{\"@id\":\"https:\/\/www.investincotedazur.com\/en\/eit-culture-creativity-innovation-forum-in-nice-when-creativity-meets-circularity\/\"},\"wordCount\":430,\"publisher\":{\"@id\":\"https:\/\/www.investincotedazur.com\/en\/#organization\"},\"articleSection\":[\"Cultural and Creative Industries\",\"Events\",\"Nice C\u00f4te d'Azur Metropolis\"],\"inLanguage\":\"en-US\"},{\"@type\":\"WebPage\",\"@id\":\"https:\/\/www.investincotedazur.com\/en\/eit-culture-creativity-innovation-forum-in-nice-when-creativity-meets-circularity\/\",\"url\":\"https:\/\/www.investincotedazur.com\/en\/eit-culture-creativity-innovation-forum-in-nice-when-creativity-meets-circularity\/\",\"name\":\"EIT Culture &amp; Creativity Innovation Forum in Nice: when creativity meets circularity - Invest in C\u00f4te d&#039;Azur\",\"isPartOf\":{\"@id\":\"https:\/\/www.investincotedazur.com\/en\/#website\"},\"datePublished\":\"2025-04-15T08:15:10+00:00\",\"dateModified\":\"2025-05-08T21:54:55+00:00\",\"description\":\"EIT Innovation Forum Culture & Creativity 2025 in Nice: the cultural and creative industries meet to discuss the challenges of circularity.\",\"inLanguage\":\"en-US\",\"potentialAction\":[{\"@type\":\"ReadAction\",\"target\":[\"https:\/\/www.investincotedazur.com\/en\/eit-culture-creativity-innovation-forum-in-nice-when-creativity-meets-circularity\/\"]}]},{\"@type\":\"WebSite\",\"@id\":\"https:\/\/www.investincotedazur.com\/en\/#website\",\"url\":\"https:\/\/www.investincotedazur.com\/en\/\",\"name\":\"Invest in C\u00f4te d'Azur\",\"description\":\"\",\"publisher\":{\"@id\":\"https:\/\/www.investincotedazur.com\/en\/#organization\"},\"alternateName\":\"Invest in C\u00f4te d'Azur\",\"potentialAction\":[{\"@type\":\"SearchAction\",\"target\":{\"@type\":\"EntryPoint\",\"urlTemplate\":\"https:\/\/www.investincotedazur.com\/en\/?s={search_term_string}\"},\"query-input\":\"required name=search_term_string\"}],\"inLanguage\":\"en-US\"},{\"@type\":\"Organization\",\"@id\":\"https:\/\/www.investincotedazur.com\/en\/#organization\",\"name\":\"Invest in C\u00f4te d'Azur\",\"alternateName\":\"Invest in C\u00f4te d'Azur\",\"url\":\"https:\/\/www.investincotedazur.com\/en\/\",\"logo\":{\"@type\":\"ImageObject\",\"inLanguage\":\"en-US\",\"@id\":\"https:\/\/www.investincotedazur.com\/en\/#\/schema\/logo\/image\/\",\"url\":\"https:\/\/www.investincotedazur.com\/wp-content\/uploads\/2023\/05\/cropped-New-missions-3.png\",\"contentUrl\":\"https:\/\/www.investincotedazur.com\/wp-content\/uploads\/2023\/05\/cropped-New-missions-3.png\",\"width\":512,\"height\":512,\"caption\":\"Invest in C\u00f4te d'Azur\"},\"image\":{\"@id\":\"https:\/\/www.investincotedazur.com\/en\/#\/schema\/logo\/image\/\"},\"sameAs\":[\"https:\/\/www.linkedin.com\/company\/investincotedazur\/\",\"https:\/\/twitter.com\/Investcotedazur\"]},{\"@type\":\"Person\",\"@id\":\"https:\/\/www.investincotedazur.com\/en\/#\/schema\/person\/ebbeede4229d29e0861488f2bd1036d9\",\"name\":\"Jose Perez Gabarron\",\"image\":{\"@type\":\"ImageObject\",\"inLanguage\":\"en-US\",\"@id\":\"https:\/\/www.investincotedazur.com\/en\/#\/schema\/person\/image\/\",\"url\":\"https:\/\/secure.gravatar.com\/avatar\/20ec9e74f48620b8ee4253da6b114950?s=96&d=mm&r=g\",\"contentUrl\":\"https:\/\/secure.gravatar.com\/avatar\/20ec9e74f48620b8ee4253da6b114950?s=96&d=mm&r=g\",\"caption\":\"Jose Perez Gabarron\"}}]}<\/script>\n<!-- \/ Yoast SEO plugin. -->","yoast_head_json":{"title":"EIT Culture &amp; Creativity Innovation Forum in Nice: when creativity meets circularity - Invest in C\u00f4te d&#039;Azur","description":"EIT Innovation Forum Culture & Creativity 2025 in Nice: the cultural and creative industries meet to discuss the challenges of circularity.","robots":{"index":"index","follow":"follow","max-snippet":"max-snippet:-1","max-image-preview":"max-image-preview:large","max-video-preview":"max-video-preview:-1"},"canonical":"https:\/\/www.investincotedazur.com\/en\/eit-culture-creativity-innovation-forum-in-nice-when-creativity-meets-circularity\/","og_locale":"en_US","og_type":"article","og_title":"EIT Culture &amp; Creativity Innovation Forum in Nice: when creativity meets circularity - Invest in C\u00f4te d&#039;Azur","og_description":"EIT Innovation Forum Culture & Creativity 2025 in Nice: the cultural and creative industries meet to discuss the challenges of circularity.","og_url":"https:\/\/www.investincotedazur.com\/en\/eit-culture-creativity-innovation-forum-in-nice-when-creativity-meets-circularity\/","og_site_name":"Invest in C\u00f4te d&#039;Azur","article_published_time":"2025-04-15T08:15:10+00:00","article_modified_time":"2025-05-08T21:54:55+00:00","og_image":[{"width":700,"height":700,"url":"https:\/\/www.investincotedazur.com\/wp-content\/uploads\/2025\/04\/Forum-EIT-Nice.jpg","type":"image\/jpeg"}],"author":"Jose Perez Gabarron","twitter_card":"summary_large_image","twitter_creator":"@Investcotedazur","twitter_site":"@Investcotedazur","twitter_misc":{"Written by":"Jose Perez Gabarron","Est. reading time":"3 minutes"},"schema":{"@context":"https:\/\/schema.org","@graph":[{"@type":"Article","@id":"https:\/\/www.investincotedazur.com\/en\/eit-culture-creativity-innovation-forum-in-nice-when-creativity-meets-circularity\/#article","isPartOf":{"@id":"https:\/\/www.investincotedazur.com\/en\/eit-culture-creativity-innovation-forum-in-nice-when-creativity-meets-circularity\/"},"author":{"name":"Jose Perez Gabarron","@id":"https:\/\/www.investincotedazur.com\/en\/#\/schema\/person\/ebbeede4229d29e0861488f2bd1036d9"},"headline":"EIT Culture &amp; Creativity Innovation Forum in Nice: when creativity meets circularity","datePublished":"2025-04-15T08:15:10+00:00","dateModified":"2025-05-08T21:54:55+00:00","mainEntityOfPage":{"@id":"https:\/\/www.investincotedazur.com\/en\/eit-culture-creativity-innovation-forum-in-nice-when-creativity-meets-circularity\/"},"wordCount":430,"publisher":{"@id":"https:\/\/www.investincotedazur.com\/en\/#organization"},"articleSection":["Cultural and Creative Industries","Events","Nice C\u00f4te d'Azur Metropolis"],"inLanguage":"en-US"},{"@type":"WebPage","@id":"https:\/\/www.investincotedazur.com\/en\/eit-culture-creativity-innovation-forum-in-nice-when-creativity-meets-circularity\/","url":"https:\/\/www.investincotedazur.com\/en\/eit-culture-creativity-innovation-forum-in-nice-when-creativity-meets-circularity\/","name":"EIT Culture &amp; Creativity Innovation Forum in Nice: when creativity meets circularity - Invest in C\u00f4te d&#039;Azur","isPartOf":{"@id":"https:\/\/www.investincotedazur.com\/en\/#website"},"datePublished":"2025-04-15T08:15:10+00:00","dateModified":"2025-05-08T21:54:55+00:00","description":"EIT Innovation Forum Culture & Creativity 2025 in Nice: the cultural and creative industries meet to discuss the challenges of circularity.","inLanguage":"en-US","potentialAction":[{"@type":"ReadAction","target":["https:\/\/www.investincotedazur.com\/en\/eit-culture-creativity-innovation-forum-in-nice-when-creativity-meets-circularity\/"]}]},{"@type":"WebSite","@id":"https:\/\/www.investincotedazur.com\/en\/#website","url":"https:\/\/www.investincotedazur.com\/en\/","name":"Invest in C\u00f4te d'Azur","description":"","publisher":{"@id":"https:\/\/www.investincotedazur.com\/en\/#organization"},"alternateName":"Invest in C\u00f4te d'Azur","potentialAction":[{"@type":"SearchAction","target":{"@type":"EntryPoint","urlTemplate":"https:\/\/www.investincotedazur.com\/en\/?s={search_term_string}"},"query-input":"required name=search_term_string"}],"inLanguage":"en-US"},{"@type":"Organization","@id":"https:\/\/www.investincotedazur.com\/en\/#organization","name":"Invest in C\u00f4te d'Azur","alternateName":"Invest in C\u00f4te d'Azur","url":"https:\/\/www.investincotedazur.com\/en\/","logo":{"@type":"ImageObject","inLanguage":"en-US","@id":"https:\/\/www.investincotedazur.com\/en\/#\/schema\/logo\/image\/","url":"https:\/\/www.investincotedazur.com\/wp-content\/uploads\/2023\/05\/cropped-New-missions-3.png","contentUrl":"https:\/\/www.investincotedazur.com\/wp-content\/uploads\/2023\/05\/cropped-New-missions-3.png","width":512,"height":512,"caption":"Invest in C\u00f4te d'Azur"},"image":{"@id":"https:\/\/www.investincotedazur.com\/en\/#\/schema\/logo\/image\/"},"sameAs":["https:\/\/www.linkedin.com\/company\/investincotedazur\/","https:\/\/twitter.com\/Investcotedazur"]},{"@type":"Person","@id":"https:\/\/www.investincotedazur.com\/en\/#\/schema\/person\/ebbeede4229d29e0861488f2bd1036d9","name":"Jose Perez Gabarron","image":{"@type":"ImageObject","inLanguage":"en-US","@id":"https:\/\/www.investincotedazur.com\/en\/#\/schema\/person\/image\/","url":"https:\/\/secure.gravatar.com\/avatar\/20ec9e74f48620b8ee4253da6b114950?s=96&d=mm&r=g","contentUrl":"https:\/\/secure.gravatar.com\/avatar\/20ec9e74f48620b8ee4253da6b114950?s=96&d=mm&r=g","caption":"Jose Perez Gabarron"}}]}},"_links":{"self":[{"href":"https:\/\/www.investincotedazur.com\/en\/wp-json\/wp\/v2\/posts\/23094"}],"collection":[{"href":"https:\/\/www.investincotedazur.com\/en\/wp-json\/wp\/v2\/posts"}],"about":[{"href":"https:\/\/www.investincotedazur.com\/en\/wp-json\/wp\/v2\/types\/post"}],"author":[{"embeddable":true,"href":"https:\/\/www.investincotedazur.com\/en\/wp-json\/wp\/v2\/users\/14"}],"replies":[{"embeddable":true,"href":"https:\/\/www.investincotedazur.com\/en\/wp-json\/wp\/v2\/comments?post=23094"}],"version-history":[{"count":3,"href":"https:\/\/www.investincotedazur.com\/en\/wp-json\/wp\/v2\/posts\/23094\/revisions"}],"predecessor-version":[{"id":23137,"href":"https:\/\/www.investincotedazur.com\/en\/wp-json\/wp\/v2\/posts\/23094\/revisions\/23137"}],"wp:featuredmedia":[{"embeddable":true,"href":"https:\/\/www.investincotedazur.com\/en\/wp-json\/wp\/v2\/media\/22858"}],"wp:attachment":[{"href":"https:\/\/www.investincotedazur.com\/en\/wp-json\/wp\/v2\/media?parent=23094"}],"wp:term":[{"taxonomy":"category","embeddable":true,"href":"https:\/\/www.investincotedazur.com\/en\/wp-json\/wp\/v2\/categories?post=23094"},{"taxonomy":"post_tag","embeddable":true,"href":"https:\/\/www.investincotedazur.com\/en\/wp-json\/wp\/v2\/tags?post=23094"}],"curies":[{"name":"wp","href":"https:\/\/api.w.org\/{rel}","templated":true}]}}