{"id":22318,"date":"2025-02-24T16:41:53","date_gmt":"2025-02-24T15:41:53","guid":{"rendered":"https:\/\/www.investincotedazur.com\/?p=22318"},"modified":"2025-08-04T18:21:34","modified_gmt":"2025-08-04T16:21:34","slug":"nice-cote-dazur-at-mobile-world-congress-2025-an-international-showcase-for-future-technologies","status":"publish","type":"post","link":"https:\/\/www.investincotedazur.com\/en\/nice-cote-dazur-at-mobile-world-congress-2025-an-international-showcase-for-future-technologies\/","title":{"rendered":"Nice C\u00f4te d\u2019Azur at the Mobile World Congress 2025: An International Showcase for Future Technologies"},"content":{"rendered":"\n<div class=\"wp-container-3 wp-block-columns\">\n<div class=\"wp-container-1 wp-block-column\">\n<figure class=\"wp-block-image size-large\"><img width=\"819\" height=\"1024\" src=\"https:\/\/www.investincotedazur.com\/wp-content\/uploads\/2025\/02\/MWC-2025-nice-cote-dazur-819x1024.png\" alt=\"\" class=\"wp-image-22310\" srcset=\"https:\/\/www.investincotedazur.com\/wp-content\/uploads\/2025\/02\/MWC-2025-nice-cote-dazur-819x1024.png 819w, https:\/\/www.investincotedazur.com\/wp-content\/uploads\/2025\/02\/MWC-2025-nice-cote-dazur-240x300.png 240w, https:\/\/www.investincotedazur.com\/wp-content\/uploads\/2025\/02\/MWC-2025-nice-cote-dazur-768x960.png 768w, https:\/\/www.investincotedazur.com\/wp-content\/uploads\/2025\/02\/MWC-2025-nice-cote-dazur.png 1080w\" sizes=\"(max-width: 819px) 100vw, 819px\" \/><\/figure>\n<\/div>\n\n\n\n<div class=\"wp-container-2 wp-block-column\" style=\"flex-basis:700px\">\n<ul class=\"has-medium-font-size\"><li>A Strategic Mission: Jean-Fran\u00e7ois Chapperon and Stefano Cimmarusti, representatives of Team Nice C\u00f4te d\u2019Azur, will attend the Mobile World Congress 2025, from March 3 to 6 in Barcelona, to promote the region\u2019s attractiveness to international businesses and investors.<\/li><\/ul>\n\n\n\n<div style=\"height:43px\" aria-hidden=\"true\" class=\"wp-block-spacer\"><\/div>\n\n\n\n<p><\/p>\n\n\n\n<ul class=\"has-medium-font-size\"><li>Two Nice-based Startups in the Spotlight: <a href=\"https:\/\/www.investincotedazur.com\/en\/firecell-and-its-partners-at-the-heart-of-an-industrial-5g-experimentation\/\">Firecell <\/a>and <a href=\"https:\/\/www.investincotedazur.com\/en\/datagreen-wins-the-greentech-award-from-dassault-systemes-at-the-business-france-awards\/\">DataGreen <\/a>will showcase their innovative solutions at the Business France Pavilion, the largest national pavilion at the event.<\/li><\/ul>\n\n\n\n<div style=\"height:43px\" aria-hidden=\"true\" class=\"wp-block-spacer\"><\/div>\n\n\n\n<p><\/p>\n\n\n\n<p><\/p>\n\n\n\n<ul class=\"has-medium-font-size\"><li>A Leading Territory in Digital Transformation: Nice C\u00f4te d\u2019Azur is establishing itself as a European hub for 5G, AI, and sustainable digital infrastructure, driven by key players such as IMREDD and <a href=\"https:\/\/www.investincotedazur.com\/en\/ai-cluster-the-3ia-cote-dazur-institute-has-been-labeled-and-will-benefit-from-an-investment-of-e20-million\/\">3IA C\u00f4te d\u2019Azur.<\/a><\/li><\/ul>\n<\/div>\n<\/div>\n\n\n\n<h2>Team Nice C\u00f4te d\u2019Azur on a Mission to Boost the Region\u2019s Attractiveness<\/h2>\n\n\n\n<p class=\"has-medium-font-size\">The Mobile World Congress is the world\u2019s leading event for telecommunications, digital infrastructure, and connectivity. Jean-Fran\u00e7ois Chapperon and Stefano Cimmarusti will use the 2025 edition as a strategic opportunity to promote the Nice C\u00f4te d\u2019Azur Metropolis and its tech ecosystem to international companies and investors. <\/p>\n\n\n\n<p class=\"has-medium-font-size\">Team Nice C\u00f4te d\u2019Azur will support businesses looking to set up in the region by connecting them with local stakeholders, identifying suitable financial and real estate opportunities, and facilitating talent recruitment. This initiative is part of a long-term strategy aimed at strengthening the region\u2019s attractiveness and positioning Nice C\u00f4te d\u2019Azur as a leading digital innovation hub in Europe. <\/p>\n\n\n\n<h2>Firecell and DataGreen: Two Rising Stars at the Business France Pavilion<\/h2>\n\n\n\n<p class=\"has-medium-font-size\">Showcasing alongside over 60 exhibitors at the Business France Pavilion, Firecell and DataGreen highlight the region\u2019s strength in connectivity and sustainable digital solutions.<\/p>\n\n\n\n<p class=\"has-medium-font-size\"><strong>Firecell (Hall 5 \u2013 Booth 5B41 \u2013 Workstation 7)<\/strong> develops open-source 4G and 5G private network solutions, designed for SMEs and mid-sized enterprises to accelerate their transition to Industry 4.0. Compact, affordable, and high-performance, these solutions offer an efficient alternative to traditional infrastructures. <\/p>\n\n\n\n<p class=\"has-medium-font-size\"><strong>DataGreen (Hall 5 \u2013 Booth 5B61 \u2013 Workstation 37)<\/strong>, already awarded two prizes at CES 2025, designs eco-friendly data centers powered by AI, reducing CO\u2082 emissions by 82% and recovering 98% of residual energy.<\/p>\n\n\n\n<h2>Aktantis Cluster Alongside R\u00e9gion Sud and Business France<\/h2>\n\n\n\n<p class=\"has-medium-font-size\">Along with Firecell and DataGreen, several companies from the R\u00e9gion Sud will exhibit at the <a href=\"https:\/\/www.investincotedazur.com\/aktantis-nouveau-nom-pole-scs\/\">Aktantis Cluster <\/a>booth, in partnership with R\u00e9gion Sud Provence-Alpes-C\u00f4te d\u2019Azur and Business France. Among them: <\/p>\n\n\n\n<ul class=\"has-medium-font-size\"><li>iQsim (mobile routers and virtual SIM cards)<\/li><li>Lillybelle (mobile network performance optimization)<\/li><li>Opale Systems (audio performance testing and measurement)<\/li><li>Optipus (OPV solar modules to reduce battery usage)<\/li><li>Smartcom (digital solutions for telecom operators and retail)<\/li><li>Spectronite (wireless transmission for 5G networks)<\/li><\/ul>\n\n\n\n<p><\/p>\n\n\n\n<p><\/p>\n\n\n\n<p><a href=\"https:\/\/www.aktantis.com\/2025\/01\/15\/les-aktantis-members-sont-au-mwc-2025\/\" target=\"_blank\" rel=\"noreferrer noopener nofollow\">Source \/ more information : Aktantis members are at MWC 2025<\/a><\/p>\n\n\n\n<p><\/p>\n\n\n\n<p class=\"has-medium-font-size\">This regional initiative showcases the expertise and innovation of local players in telecommunications and digital infrastructure.<\/p>\n\n\n\n<p class=\"has-medium-font-size\">With its cutting-edge infrastructure, AI excellence network, and strong entrepreneurial spirit, Nice C\u00f4te d\u2019Azur is reinforcing its attractiveness to digital players. IMREDD and 3IA C\u00f4te d\u2019Azur are developing integrated solutions for smart city management, cybersecurity, and energy transition. <\/p>\n\n\n\n<p class=\"has-medium-font-size\">By attending MWC 2025, Team Nice C\u00f4te d\u2019Azur aims to attract strategic projects, support innovative companies in setting up locally, and strengthen the region\u2019s integration into the global digital ecosystem.<\/p>\n\n\n\n<h2>Meet Team Nice C\u00f4te d\u2019Azur at MWC 2025<\/h2>\n\n\n\n<p class=\"has-medium-font-size\">Jean-Fran\u00e7ois Chapperon and Stefano Cimmarusti will be available throughout the event to connect with companies and investors interested in Nice C\u00f4te d\u2019Azur\u2019s tech ecosystem. Contact them on-site to explore business opportunities and collaborations. <\/p>\n\n\n\n<p class=\"has-medium-font-size\">\ud83d\udce9 Jean-Fran\u00e7ois Chapperon \u2192<a href=\"https:\/\/www.linkedin.com\/in\/jean-fran%C3%A7ois-chapperon-5789581\/\" target=\"_blank\" rel=\"noreferrer noopener nofollow\"> LinkedIn <\/a> <\/p>\n\n\n\n<p class=\"has-medium-font-size\">\ud83d\udce9 Stefano Cimmarusti \u2192<a href=\"https:\/\/www.linkedin.com\/in\/stefanocimmarusti\/\" target=\"_blank\" rel=\"noreferrer noopener nofollow\"> LinkedIn<\/a><\/p>\n\n\n\n<p class=\"has-medium-font-size\">\ud83d\udccd Mobile World Congress 2025 \u2013 Barcelona<br>\ud83d\udcc5 Du 3 au 6 mars<br>\ud83d\udccd Pavillon France \u2013 Business France (Hall 5 &#8211; Booth 5B41)<\/p>\n","protected":false},"excerpt":{"rendered":"<p>A Strategic Mission: Jean-Fran\u00e7ois Chapperon and Stefano Cimmarusti, representatives of Team Nice C\u00f4te d\u2019Azur, will attend the Mobile World Congress 2025, from March 3 to 6 in Barcelona, to promote the region\u2019s attractiveness to international businesses and investors. Two Nice-based Startups in the Spotlight: Firecell and DataGreen will showcase their innovative solutions at the Business [&hellip;]<\/p>\n","protected":false},"author":14,"featured_media":22311,"comment_status":"closed","ping_status":"closed","sticky":false,"template":"","format":"standard","meta":{"_mi_skip_tracking":false,"_monsterinsights_sitenote_active":false,"_monsterinsights_sitenote_note":"","_monsterinsights_sitenote_category":0},"categories":[101,102,138],"tags":[],"acf":[],"yoast_head":"<!-- This site is optimized with the Yoast SEO plugin v19.12 - https:\/\/yoast.com\/wordpress\/plugins\/seo\/ -->\n<title>Nice C\u00f4te d&#039;Azur at MWC 2025- Invest in C\u00f4te d&#039;Azur<\/title>\n<meta name=\"description\" content=\"Team Nice C\u00f4te d\u2019Azur will attend Mobile World Congress 2025 in Barcelona to promote the region\u2019s attractiveness and tech ecosystem.\" \/>\n<meta name=\"robots\" content=\"index, follow, max-snippet:-1, max-image-preview:large, max-video-preview:-1\" \/>\n<link rel=\"canonical\" href=\"https:\/\/www.investincotedazur.com\/en\/nice-cote-dazur-at-mobile-world-congress-2025-an-international-showcase-for-future-technologies\/\" \/>\n<meta property=\"og:locale\" content=\"en_US\" \/>\n<meta property=\"og:type\" content=\"article\" \/>\n<meta property=\"og:title\" content=\"Nice C\u00f4te d&#039;Azur at MWC 2025- Invest in C\u00f4te d&#039;Azur\" \/>\n<meta property=\"og:description\" content=\"Team Nice C\u00f4te d\u2019Azur will attend Mobile World Congress 2025 in Barcelona to promote the region\u2019s attractiveness and tech ecosystem.\" \/>\n<meta property=\"og:url\" content=\"https:\/\/www.investincotedazur.com\/en\/nice-cote-dazur-at-mobile-world-congress-2025-an-international-showcase-for-future-technologies\/\" \/>\n<meta property=\"og:site_name\" content=\"Invest in C\u00f4te d&#039;Azur\" \/>\n<meta property=\"article:published_time\" content=\"2025-02-24T15:41:53+00:00\" \/>\n<meta property=\"article:modified_time\" content=\"2025-08-04T16:21:34+00:00\" \/>\n<meta property=\"og:image\" content=\"https:\/\/www.investincotedazur.com\/wp-content\/uploads\/2025\/02\/MWC-2025-nice-cote-dazur.png\" \/>\n\t<meta property=\"og:image:width\" content=\"1080\" \/>\n\t<meta property=\"og:image:height\" content=\"1350\" \/>\n\t<meta property=\"og:image:type\" content=\"image\/png\" \/>\n<meta name=\"author\" content=\"Jose Perez Gabarron\" \/>\n<meta name=\"twitter:card\" content=\"summary_large_image\" \/>\n<meta name=\"twitter:creator\" content=\"@Investcotedazur\" \/>\n<meta name=\"twitter:site\" content=\"@Investcotedazur\" \/>\n<meta name=\"twitter:label1\" content=\"Written by\" \/>\n\t<meta name=\"twitter:data1\" content=\"Jose Perez Gabarron\" \/>\n\t<meta name=\"twitter:label2\" content=\"Est. reading time\" \/>\n\t<meta name=\"twitter:data2\" content=\"4 minutes\" \/>\n<script type=\"application\/ld+json\" class=\"yoast-schema-graph\">{\"@context\":\"https:\/\/schema.org\",\"@graph\":[{\"@type\":\"Article\",\"@id\":\"https:\/\/www.investincotedazur.com\/en\/nice-cote-dazur-at-mobile-world-congress-2025-an-international-showcase-for-future-technologies\/#article\",\"isPartOf\":{\"@id\":\"https:\/\/www.investincotedazur.com\/en\/nice-cote-dazur-at-mobile-world-congress-2025-an-international-showcase-for-future-technologies\/\"},\"author\":{\"name\":\"Jose Perez Gabarron\",\"@id\":\"https:\/\/www.investincotedazur.com\/en\/#\/schema\/person\/ebbeede4229d29e0861488f2bd1036d9\"},\"headline\":\"Nice C\u00f4te d\u2019Azur at the Mobile World Congress 2025: An International Showcase for Future Technologies\",\"datePublished\":\"2025-02-24T15:41:53+00:00\",\"dateModified\":\"2025-08-04T16:21:34+00:00\",\"mainEntityOfPage\":{\"@id\":\"https:\/\/www.investincotedazur.com\/en\/nice-cote-dazur-at-mobile-world-congress-2025-an-international-showcase-for-future-technologies\/\"},\"wordCount\":594,\"publisher\":{\"@id\":\"https:\/\/www.investincotedazur.com\/en\/#organization\"},\"articleSection\":[\"IT\",\"Nice C\u00f4te d'Azur Metropolis\",\"Team C\u00f4te d'Azur\"],\"inLanguage\":\"en-US\"},{\"@type\":\"WebPage\",\"@id\":\"https:\/\/www.investincotedazur.com\/en\/nice-cote-dazur-at-mobile-world-congress-2025-an-international-showcase-for-future-technologies\/\",\"url\":\"https:\/\/www.investincotedazur.com\/en\/nice-cote-dazur-at-mobile-world-congress-2025-an-international-showcase-for-future-technologies\/\",\"name\":\"Nice C\u00f4te d'Azur at MWC 2025- Invest in C\u00f4te d&#039;Azur\",\"isPartOf\":{\"@id\":\"https:\/\/www.investincotedazur.com\/en\/#website\"},\"datePublished\":\"2025-02-24T15:41:53+00:00\",\"dateModified\":\"2025-08-04T16:21:34+00:00\",\"description\":\"Team Nice C\u00f4te d\u2019Azur will attend Mobile World Congress 2025 in Barcelona to promote the region\u2019s attractiveness and tech ecosystem.\",\"inLanguage\":\"en-US\",\"potentialAction\":[{\"@type\":\"ReadAction\",\"target\":[\"https:\/\/www.investincotedazur.com\/en\/nice-cote-dazur-at-mobile-world-congress-2025-an-international-showcase-for-future-technologies\/\"]}]},{\"@type\":\"WebSite\",\"@id\":\"https:\/\/www.investincotedazur.com\/en\/#website\",\"url\":\"https:\/\/www.investincotedazur.com\/en\/\",\"name\":\"Invest in C\u00f4te d'Azur\",\"description\":\"\",\"publisher\":{\"@id\":\"https:\/\/www.investincotedazur.com\/en\/#organization\"},\"alternateName\":\"Invest in C\u00f4te d'Azur\",\"potentialAction\":[{\"@type\":\"SearchAction\",\"target\":{\"@type\":\"EntryPoint\",\"urlTemplate\":\"https:\/\/www.investincotedazur.com\/en\/?s={search_term_string}\"},\"query-input\":\"required name=search_term_string\"}],\"inLanguage\":\"en-US\"},{\"@type\":\"Organization\",\"@id\":\"https:\/\/www.investincotedazur.com\/en\/#organization\",\"name\":\"Invest in C\u00f4te d'Azur\",\"alternateName\":\"Invest in C\u00f4te d'Azur\",\"url\":\"https:\/\/www.investincotedazur.com\/en\/\",\"logo\":{\"@type\":\"ImageObject\",\"inLanguage\":\"en-US\",\"@id\":\"https:\/\/www.investincotedazur.com\/en\/#\/schema\/logo\/image\/\",\"url\":\"https:\/\/www.investincotedazur.com\/wp-content\/uploads\/2023\/05\/cropped-New-missions-3.png\",\"contentUrl\":\"https:\/\/www.investincotedazur.com\/wp-content\/uploads\/2023\/05\/cropped-New-missions-3.png\",\"width\":512,\"height\":512,\"caption\":\"Invest in C\u00f4te d'Azur\"},\"image\":{\"@id\":\"https:\/\/www.investincotedazur.com\/en\/#\/schema\/logo\/image\/\"},\"sameAs\":[\"https:\/\/www.linkedin.com\/company\/investincotedazur\/\",\"https:\/\/twitter.com\/Investcotedazur\"]},{\"@type\":\"Person\",\"@id\":\"https:\/\/www.investincotedazur.com\/en\/#\/schema\/person\/ebbeede4229d29e0861488f2bd1036d9\",\"name\":\"Jose Perez Gabarron\",\"image\":{\"@type\":\"ImageObject\",\"inLanguage\":\"en-US\",\"@id\":\"https:\/\/www.investincotedazur.com\/en\/#\/schema\/person\/image\/\",\"url\":\"https:\/\/secure.gravatar.com\/avatar\/20ec9e74f48620b8ee4253da6b114950?s=96&d=mm&r=g\",\"contentUrl\":\"https:\/\/secure.gravatar.com\/avatar\/20ec9e74f48620b8ee4253da6b114950?s=96&d=mm&r=g\",\"caption\":\"Jose Perez Gabarron\"}}]}<\/script>\n<!-- \/ Yoast SEO plugin. -->","yoast_head_json":{"title":"Nice C\u00f4te d'Azur at MWC 2025- Invest in C\u00f4te d&#039;Azur","description":"Team Nice C\u00f4te d\u2019Azur will attend Mobile World Congress 2025 in Barcelona to promote the region\u2019s attractiveness and tech ecosystem.","robots":{"index":"index","follow":"follow","max-snippet":"max-snippet:-1","max-image-preview":"max-image-preview:large","max-video-preview":"max-video-preview:-1"},"canonical":"https:\/\/www.investincotedazur.com\/en\/nice-cote-dazur-at-mobile-world-congress-2025-an-international-showcase-for-future-technologies\/","og_locale":"en_US","og_type":"article","og_title":"Nice C\u00f4te d'Azur at MWC 2025- Invest in C\u00f4te d&#039;Azur","og_description":"Team Nice C\u00f4te d\u2019Azur will attend Mobile World Congress 2025 in Barcelona to promote the region\u2019s attractiveness and tech ecosystem.","og_url":"https:\/\/www.investincotedazur.com\/en\/nice-cote-dazur-at-mobile-world-congress-2025-an-international-showcase-for-future-technologies\/","og_site_name":"Invest in C\u00f4te d&#039;Azur","article_published_time":"2025-02-24T15:41:53+00:00","article_modified_time":"2025-08-04T16:21:34+00:00","og_image":[{"width":1080,"height":1350,"url":"https:\/\/www.investincotedazur.com\/wp-content\/uploads\/2025\/02\/MWC-2025-nice-cote-dazur.png","type":"image\/png"}],"author":"Jose Perez Gabarron","twitter_card":"summary_large_image","twitter_creator":"@Investcotedazur","twitter_site":"@Investcotedazur","twitter_misc":{"Written by":"Jose Perez Gabarron","Est. reading time":"4 minutes"},"schema":{"@context":"https:\/\/schema.org","@graph":[{"@type":"Article","@id":"https:\/\/www.investincotedazur.com\/en\/nice-cote-dazur-at-mobile-world-congress-2025-an-international-showcase-for-future-technologies\/#article","isPartOf":{"@id":"https:\/\/www.investincotedazur.com\/en\/nice-cote-dazur-at-mobile-world-congress-2025-an-international-showcase-for-future-technologies\/"},"author":{"name":"Jose Perez Gabarron","@id":"https:\/\/www.investincotedazur.com\/en\/#\/schema\/person\/ebbeede4229d29e0861488f2bd1036d9"},"headline":"Nice C\u00f4te d\u2019Azur at the Mobile World Congress 2025: An International Showcase for Future Technologies","datePublished":"2025-02-24T15:41:53+00:00","dateModified":"2025-08-04T16:21:34+00:00","mainEntityOfPage":{"@id":"https:\/\/www.investincotedazur.com\/en\/nice-cote-dazur-at-mobile-world-congress-2025-an-international-showcase-for-future-technologies\/"},"wordCount":594,"publisher":{"@id":"https:\/\/www.investincotedazur.com\/en\/#organization"},"articleSection":["IT","Nice C\u00f4te d'Azur Metropolis","Team C\u00f4te d'Azur"],"inLanguage":"en-US"},{"@type":"WebPage","@id":"https:\/\/www.investincotedazur.com\/en\/nice-cote-dazur-at-mobile-world-congress-2025-an-international-showcase-for-future-technologies\/","url":"https:\/\/www.investincotedazur.com\/en\/nice-cote-dazur-at-mobile-world-congress-2025-an-international-showcase-for-future-technologies\/","name":"Nice C\u00f4te d'Azur at MWC 2025- Invest in C\u00f4te d&#039;Azur","isPartOf":{"@id":"https:\/\/www.investincotedazur.com\/en\/#website"},"datePublished":"2025-02-24T15:41:53+00:00","dateModified":"2025-08-04T16:21:34+00:00","description":"Team Nice C\u00f4te d\u2019Azur will attend Mobile World Congress 2025 in Barcelona to promote the region\u2019s attractiveness and tech ecosystem.","inLanguage":"en-US","potentialAction":[{"@type":"ReadAction","target":["https:\/\/www.investincotedazur.com\/en\/nice-cote-dazur-at-mobile-world-congress-2025-an-international-showcase-for-future-technologies\/"]}]},{"@type":"WebSite","@id":"https:\/\/www.investincotedazur.com\/en\/#website","url":"https:\/\/www.investincotedazur.com\/en\/","name":"Invest in C\u00f4te d'Azur","description":"","publisher":{"@id":"https:\/\/www.investincotedazur.com\/en\/#organization"},"alternateName":"Invest in C\u00f4te d'Azur","potentialAction":[{"@type":"SearchAction","target":{"@type":"EntryPoint","urlTemplate":"https:\/\/www.investincotedazur.com\/en\/?s={search_term_string}"},"query-input":"required name=search_term_string"}],"inLanguage":"en-US"},{"@type":"Organization","@id":"https:\/\/www.investincotedazur.com\/en\/#organization","name":"Invest in C\u00f4te d'Azur","alternateName":"Invest in C\u00f4te d'Azur","url":"https:\/\/www.investincotedazur.com\/en\/","logo":{"@type":"ImageObject","inLanguage":"en-US","@id":"https:\/\/www.investincotedazur.com\/en\/#\/schema\/logo\/image\/","url":"https:\/\/www.investincotedazur.com\/wp-content\/uploads\/2023\/05\/cropped-New-missions-3.png","contentUrl":"https:\/\/www.investincotedazur.com\/wp-content\/uploads\/2023\/05\/cropped-New-missions-3.png","width":512,"height":512,"caption":"Invest in C\u00f4te d'Azur"},"image":{"@id":"https:\/\/www.investincotedazur.com\/en\/#\/schema\/logo\/image\/"},"sameAs":["https:\/\/www.linkedin.com\/company\/investincotedazur\/","https:\/\/twitter.com\/Investcotedazur"]},{"@type":"Person","@id":"https:\/\/www.investincotedazur.com\/en\/#\/schema\/person\/ebbeede4229d29e0861488f2bd1036d9","name":"Jose Perez Gabarron","image":{"@type":"ImageObject","inLanguage":"en-US","@id":"https:\/\/www.investincotedazur.com\/en\/#\/schema\/person\/image\/","url":"https:\/\/secure.gravatar.com\/avatar\/20ec9e74f48620b8ee4253da6b114950?s=96&d=mm&r=g","contentUrl":"https:\/\/secure.gravatar.com\/avatar\/20ec9e74f48620b8ee4253da6b114950?s=96&d=mm&r=g","caption":"Jose Perez Gabarron"}}]}},"_links":{"self":[{"href":"https:\/\/www.investincotedazur.com\/en\/wp-json\/wp\/v2\/posts\/22318"}],"collection":[{"href":"https:\/\/www.investincotedazur.com\/en\/wp-json\/wp\/v2\/posts"}],"about":[{"href":"https:\/\/www.investincotedazur.com\/en\/wp-json\/wp\/v2\/types\/post"}],"author":[{"embeddable":true,"href":"https:\/\/www.investincotedazur.com\/en\/wp-json\/wp\/v2\/users\/14"}],"replies":[{"embeddable":true,"href":"https:\/\/www.investincotedazur.com\/en\/wp-json\/wp\/v2\/comments?post=22318"}],"version-history":[{"count":8,"href":"https:\/\/www.investincotedazur.com\/en\/wp-json\/wp\/v2\/posts\/22318\/revisions"}],"predecessor-version":[{"id":23998,"href":"https:\/\/www.investincotedazur.com\/en\/wp-json\/wp\/v2\/posts\/22318\/revisions\/23998"}],"wp:featuredmedia":[{"embeddable":true,"href":"https:\/\/www.investincotedazur.com\/en\/wp-json\/wp\/v2\/media\/22311"}],"wp:attachment":[{"href":"https:\/\/www.investincotedazur.com\/en\/wp-json\/wp\/v2\/media?parent=22318"}],"wp:term":[{"taxonomy":"category","embeddable":true,"href":"https:\/\/www.investincotedazur.com\/en\/wp-json\/wp\/v2\/categories?post=22318"},{"taxonomy":"post_tag","embeddable":true,"href":"https:\/\/www.investincotedazur.com\/en\/wp-json\/wp\/v2\/tags?post=22318"}],"curies":[{"name":"wp","href":"https:\/\/api.w.org\/{rel}","templated":true}]}}