{"id":20833,"date":"2025-05-26T15:10:57","date_gmt":"2025-05-26T13:10:57","guid":{"rendered":"https:\/\/www.investincotedazur.com\/?p=20833"},"modified":"2025-06-03T17:46:06","modified_gmt":"2025-06-03T15:46:06","slug":"united-airlines-to-connect-nice-to-washington-in-summer-2025","status":"publish","type":"post","link":"https:\/\/www.investincotedazur.com\/en\/united-airlines-to-connect-nice-to-washington-in-summer-2025\/","title":{"rendered":"United Airlines launches direct service between Nice and Washington, D.C."},"content":{"rendered":"\n<ul id=\"block-b6ba1012-2780-4a22-8b82-ecaa47e21eb1\"><li>United Airlines has inaugurated a new seasonal nonstop route between Nice C\u00f4te d\u2019Azur Airport and Washington Dulles International Airport. Operated four times per week with a Boeing 767-300, the service will run from May 23 to September 25, 2025.<\/li><li>This new connection increases seat capacity from Nice to the United States by more than 30%, complementing the existing service to New York\/Newark. <\/li><li>United thus strengthens the C\u00f4te d\u2019Azur\u2019s transatlantic connectivity via two major intercontinental hubs, offering seamless access to over 130 destinations across the U.S. and the Americas.<\/li><\/ul>\n\n\n\n<div style=\"height:30px\" aria-hidden=\"true\" class=\"wp-block-spacer\"><\/div>\n\n\n\n<figure class=\"wp-container-2 wp-block-gallery-1 wp-block-gallery has-nested-images columns-default is-cropped\">\n<figure class=\"wp-block-image size-large\"><img width=\"1024\" height=\"683\" data-id=\"23285\"  src=\"https:\/\/www.investincotedazur.com\/wp-content\/uploads\/2025\/05\/Vol-inaugural-washington-nice-2-1024x683.jpg\" alt=\"\" class=\"wp-image-23285\" srcset=\"https:\/\/www.investincotedazur.com\/wp-content\/uploads\/2025\/05\/Vol-inaugural-washington-nice-2-1024x683.jpg 1024w, https:\/\/www.investincotedazur.com\/wp-content\/uploads\/2025\/05\/Vol-inaugural-washington-nice-2-300x200.jpg 300w, https:\/\/www.investincotedazur.com\/wp-content\/uploads\/2025\/05\/Vol-inaugural-washington-nice-2-768x512.jpg 768w, https:\/\/www.investincotedazur.com\/wp-content\/uploads\/2025\/05\/Vol-inaugural-washington-nice-2.jpg 1200w\" sizes=\"(max-width: 1024px) 100vw, 1024px\" \/><figcaption><em>\u00a9A\u00e9roports de la Cote d&#8217;Azur &#8211; J.Kelagopian<\/em><\/figcaption><\/figure>\n\n\n\n<figure class=\"wp-block-image size-large\"><img width=\"1024\" height=\"683\" data-id=\"23284\"  src=\"https:\/\/www.investincotedazur.com\/wp-content\/uploads\/2025\/05\/Vol-inaugural-washington-nice-1024x683.jpg\" alt=\"\" class=\"wp-image-23284\" srcset=\"https:\/\/www.investincotedazur.com\/wp-content\/uploads\/2025\/05\/Vol-inaugural-washington-nice-1024x683.jpg 1024w, https:\/\/www.investincotedazur.com\/wp-content\/uploads\/2025\/05\/Vol-inaugural-washington-nice-300x200.jpg 300w, https:\/\/www.investincotedazur.com\/wp-content\/uploads\/2025\/05\/Vol-inaugural-washington-nice-768x512.jpg 768w, https:\/\/www.investincotedazur.com\/wp-content\/uploads\/2025\/05\/Vol-inaugural-washington-nice.jpg 1200w\" sizes=\"(max-width: 1024px) 100vw, 1024px\" \/><figcaption><em>\u00a9A\u00e9roports de la Cote d&#8217;Azur &#8211; J.Kelagopian<\/em><\/figcaption><\/figure>\n<\/figure>\n\n\n\n<div style=\"height:30px\" aria-hidden=\"true\" class=\"wp-block-spacer\"><\/div>\n\n\n\n<h2><strong>A new strategic transatlantic link for the C\u00f4te d\u2019Azur<\/strong><\/h2>\n\n\n\n<p>On May 23, 2025, United Airlines officially launched its new nonstop seasonal route between Nice C\u00f4te d\u2019Azur Airport and Washington Dulles. Scheduled four times per week, this new flight joins the airline\u2019s existing service to New York\/Newark and <strong>contributes to a 30% increase in seat availability between Nice and the U.S. during the 2025 summer season.<\/strong> <\/p>\n\n\n\n<p>The route is operated with a Boeing 767-300, offering 30 United Polaris business class suites, 24 United Premium Plus seats, and 149 economy class seats. Onboard services include premium menus, individual in-flight entertainment, and enhanced comfort across all travel classes. <\/p>\n\n\n\n<div style=\"height:34px\" aria-hidden=\"true\" class=\"wp-block-spacer\"><\/div>\n\n\n\n<h2><strong>A significant enhancement of the C\u00f4te d\u2019Azur\u2019s air network<\/strong><\/h2>\n\n\n\n<p>This development is part of the most extensive international expansion ever undertaken by United Airlines. It positions Nice as one of the few French airports to offer multiple direct connections to the U.S., consolidating its role in transatlantic passenger flows. <\/p>\n\n\n\n<p><em>\u201cWe are thrilled to expand our network between France and the United States with this new flight, which also marks our first-ever route between Nice and Washington D.C.,\u201d said <strong>Gr\u00e9goire Dutoit, Sales Director France at United Airlines<\/strong>. \u201cThis nonstop service offers even more travel options to our customers from Nice, Monaco, and the entire C\u00f4te d\u2019Azur region, who can now fly directly to both Washington D.C. and New York\/Newark, with convenient onward connections to more than 130 destinations across the Americas through our hubs.\u201d<\/em><\/p>\n\n\n\n<p><em>\u201cWe sincerely thank United Airlines for their trust and for this new nonstop service to the U.S. capital\u2014an efficient and lower-emission option for travelers. <strong>It reflects the growing attractiveness of our region to American visitors<\/strong>, whose numbers continue to rise on the C\u00f4te d\u2019Azur, and aligns with our goal of better connecting our region to major global cities,\u201d <\/em>said<strong> Franck Goldnadel, Chairman of the Executive Board, A\u00e9roports de la C\u00f4te d\u2019Azur.<\/strong><\/p>\n\n\n\n<div style=\"height:34px\" aria-hidden=\"true\" class=\"wp-block-spacer\"><\/div>\n\n\n\n<h2><strong>Air connectivity as a lever for economic attractiveness<\/strong><\/h2>\n\n\n\n<p>With this new route, Nice C\u00f4te d\u2019Azur Airport strengthens its position as the leading air hub in southeastern France, connected to key European, North American, Middle Eastern, and Mediterranean cities. Direct access to major decision-making centers such as New York, <a href=\"https:\/\/www.investincotedazur.com\/en\/air-canada-is-reopening-the-seasonal-connection-between-nice-and-montreal-in-2023\/\">Montreal,<\/a> <a href=\"https:\/\/www.investincotedazur.com\/en\/emirates-surpasses-3-million-passengers-in-nice\/\">Dubai<\/a>, and now Washington D.C. is <strong>a strategic asset for attracting international business and investment.<\/strong> <\/p>\n\n\n\n<p><em>\u201cThe increasing number of transatlantic routes to Nice demonstrates our region\u2019s ability to attract leading international carriers and meet the expectations of global economic stakeholders,\u201d stated <strong>Herv\u00e9 Laubertie, CEO of Team Nice C\u00f4te d\u2019Azur.<\/strong> \u201cEach direct connection acts as a catalyst for business relations, high-value tourism, and inbound investment flows.\u201d<\/em><\/p>\n\n\n\n<div style=\"height:100px\" aria-hidden=\"true\" class=\"wp-block-spacer\"><\/div>\n\n\n\n<p>Source: A\u00e9roports de la C\u00f4te d&#8217;Azur<\/p>\n\n\n\n<hr class=\"wp-block-separator has-text-color has-vivid-cyan-blue-color has-alpha-channel-opacity has-vivid-cyan-blue-background-color has-background\"\/>\n\n\n\n<h2 class=\"has-vivid-cyan-blue-color has-text-color\">Nice C\u00f4te d&#8217;Azur Connectivity<\/h2>\n\n\n<ul class=\"wp-block-latest-posts__list is-grid columns-2 wp-block-latest-posts\"><li><div class=\"wp-block-latest-posts__featured-image alignleft\"><img width=\"150\" height=\"150\" src=\"https:\/\/www.investincotedazur.com\/wp-content\/uploads\/2026\/04\/Twin-Jet-vols-Nice-Olbia-et-Nice-Minorque-ete-2026-150x150.png\" class=\"attachment-thumbnail size-thumbnail wp-post-image\" alt=\"Twin Jet  vols Nice-Olbia et Nice-Minorque \u00e9t\u00e9 2026\" style=\"max-width:50px;\" loading=\"lazy\" srcset=\"https:\/\/www.investincotedazur.com\/wp-content\/uploads\/2026\/04\/Twin-Jet-vols-Nice-Olbia-et-Nice-Minorque-ete-2026-150x150.png 150w, https:\/\/www.investincotedazur.com\/wp-content\/uploads\/2026\/04\/Twin-Jet-vols-Nice-Olbia-et-Nice-Minorque-ete-2026-700x700.png 700w\" sizes=\"(max-width: 150px) 100vw, 150px\" \/><\/div><a class=\"wp-block-latest-posts__post-title\" href=\"https:\/\/www.investincotedazur.com\/en\/twin-jet-new-routes-nice-olbia-and-nice-menorca-summer-2026\/\">Twin Jet new routes Nice\u2013Olbia and Nice\u2013Menorca summer 2026<\/a><\/li>\n<li><div class=\"wp-block-latest-posts__featured-image alignleft\"><img width=\"150\" height=\"150\" src=\"https:\/\/www.investincotedazur.com\/wp-content\/uploads\/2026\/04\/investincotedazur-2026-04-16T170826.346-150x150.png\" class=\"attachment-thumbnail size-thumbnail wp-post-image\" alt=\"extension t2 nice\" style=\"max-width:50px;\" loading=\"lazy\" srcset=\"https:\/\/www.investincotedazur.com\/wp-content\/uploads\/2026\/04\/investincotedazur-2026-04-16T170826.346-150x150.png 150w, https:\/\/www.investincotedazur.com\/wp-content\/uploads\/2026\/04\/investincotedazur-2026-04-16T170826.346-700x700.png 700w\" sizes=\"(max-width: 150px) 100vw, 150px\" \/><\/div><a class=\"wp-block-latest-posts__post-title\" href=\"https:\/\/www.investincotedazur.com\/en\/nice-cote-dazur-airport-terminal-2-extension-23000-sq-m-and-capacity-increased-to-18-million-passengers\/\">Nice C\u00f4te d\u2019Azur Airport Terminal 2 extension: 23,000 sq m and capacity increased to 18 million passengers<\/a><\/li>\n<li><div class=\"wp-block-latest-posts__featured-image alignleft\"><img width=\"150\" height=\"150\" src=\"https:\/\/www.investincotedazur.com\/wp-content\/uploads\/2026\/03\/aeroport-nice-cote-dazur-ete-2026-reseau-150x150.jpg\" class=\"attachment-thumbnail size-thumbnail wp-post-image\" alt=\"a\u00e9roport nice c\u00f4te d\u2019azur \u00e9t\u00e9 2026 r\u00e9seau\" style=\"max-width:50px;\" loading=\"lazy\" srcset=\"https:\/\/www.investincotedazur.com\/wp-content\/uploads\/2026\/03\/aeroport-nice-cote-dazur-ete-2026-reseau-150x150.jpg 150w, https:\/\/www.investincotedazur.com\/wp-content\/uploads\/2026\/03\/aeroport-nice-cote-dazur-ete-2026-reseau-300x300.jpg 300w, https:\/\/www.investincotedazur.com\/wp-content\/uploads\/2026\/03\/aeroport-nice-cote-dazur-ete-2026-reseau.jpg 700w\" sizes=\"(max-width: 150px) 100vw, 150px\" \/><\/div><a class=\"wp-block-latest-posts__post-title\" href=\"https:\/\/www.investincotedazur.com\/en\/nice-cote-dazur-airport-summer-2026-a-record-network-of-130-destinations\/\">Nice C\u00f4te d\u2019Azur Airport summer 2026: a record network of 130 destinations<\/a><\/li>\n<li><div class=\"wp-block-latest-posts__featured-image alignleft\"><img width=\"150\" height=\"150\" src=\"https:\/\/www.investincotedazur.com\/wp-content\/uploads\/2026\/03\/nice-cork-2026-150x150.jpg\" class=\"attachment-thumbnail size-thumbnail wp-post-image\" alt=\"nice cork 2026\" style=\"max-width:50px;\" loading=\"lazy\" srcset=\"https:\/\/www.investincotedazur.com\/wp-content\/uploads\/2026\/03\/nice-cork-2026-150x150.jpg 150w, https:\/\/www.investincotedazur.com\/wp-content\/uploads\/2026\/03\/nice-cork-2026-300x300.jpg 300w, https:\/\/www.investincotedazur.com\/wp-content\/uploads\/2026\/03\/nice-cork-2026.jpg 700w\" sizes=\"(max-width: 150px) 100vw, 150px\" \/><\/div><a class=\"wp-block-latest-posts__post-title\" href=\"https:\/\/www.investincotedazur.com\/en\/cork-nice-direct-aer-lingus-service-from-may-2026\/\">Cork\u2013Nice: Direct Aer Lingus service from May 2026<\/a><\/li>\n<li><div class=\"wp-block-latest-posts__featured-image alignleft\"><img width=\"150\" height=\"150\" src=\"https:\/\/www.investincotedazur.com\/wp-content\/uploads\/2024\/01\/aeroport-cote-azur-2023-150x150.png\" class=\"attachment-thumbnail size-thumbnail wp-post-image\" alt=\"aeroport-cote-azur-2023\" style=\"max-width:50px;\" loading=\"lazy\" srcset=\"https:\/\/www.investincotedazur.com\/wp-content\/uploads\/2024\/01\/aeroport-cote-azur-2023-150x150.png 150w, https:\/\/www.investincotedazur.com\/wp-content\/uploads\/2024\/01\/aeroport-cote-azur-2023-300x300.png 300w, https:\/\/www.investincotedazur.com\/wp-content\/uploads\/2024\/01\/aeroport-cote-azur-2023.png 700w\" sizes=\"(max-width: 150px) 100vw, 150px\" \/><\/div><a class=\"wp-block-latest-posts__post-title\" href=\"https:\/\/www.investincotedazur.com\/en\/e2-8-billion-in-economic-impact-in-2024-for-nice-cote-dazur-and-cannes-mandelieu-airports\/\">\u20ac2.8 billion in economic impact in 2024 for Nice C\u00f4te d\u2019Azur and Cannes-Mandelieu Airports<\/a><\/li>\n<li><div class=\"wp-block-latest-posts__featured-image alignleft\"><img width=\"150\" height=\"150\" src=\"https:\/\/www.investincotedazur.com\/wp-content\/uploads\/2026\/01\/mobilite-arienne-decarbonee-150x150.png\" class=\"attachment-thumbnail size-thumbnail wp-post-image\" alt=\"mobilit\u00e9 arienne decarbonee\" style=\"max-width:50px;\" loading=\"lazy\" srcset=\"https:\/\/www.investincotedazur.com\/wp-content\/uploads\/2026\/01\/mobilite-arienne-decarbonee-150x150.png 150w, https:\/\/www.investincotedazur.com\/wp-content\/uploads\/2026\/01\/mobilite-arienne-decarbonee-700x700.png 700w\" sizes=\"(max-width: 150px) 100vw, 150px\" \/><\/div><a class=\"wp-block-latest-posts__post-title\" href=\"https:\/\/www.investincotedazur.com\/en\/the-cote-dazur-is-emerging-as-a-testing-ground-for-decarbonised-air-mobility\/\">The C\u00f4te d\u2019Azur is emerging as a testing ground for decarbonised air mobility<\/a><\/li>\n<li><div class=\"wp-block-latest-posts__featured-image alignleft\"><img width=\"150\" height=\"150\" src=\"https:\/\/www.investincotedazur.com\/wp-content\/uploads\/2026\/01\/washington-nice-french-riviera-nice-2026-150x150.jpg\" class=\"attachment-thumbnail size-thumbnail wp-post-image\" alt=\"washington nice french riviera nice 2026\" style=\"max-width:50px;\" loading=\"lazy\" srcset=\"https:\/\/www.investincotedazur.com\/wp-content\/uploads\/2026\/01\/washington-nice-french-riviera-nice-2026-150x150.jpg 150w, https:\/\/www.investincotedazur.com\/wp-content\/uploads\/2026\/01\/washington-nice-french-riviera-nice-2026-300x300.jpg 300w, https:\/\/www.investincotedazur.com\/wp-content\/uploads\/2026\/01\/washington-nice-french-riviera-nice-2026.jpg 700w\" sizes=\"(max-width: 150px) 100vw, 150px\" \/><\/div><a class=\"wp-block-latest-posts__post-title\" href=\"https:\/\/www.investincotedazur.com\/en\/united-airlines-washington-nice-2026\/\">United Airlines reactivates the Nice\u2013Washington route in summer 2026<\/a><\/li>\n<li><div class=\"wp-block-latest-posts__featured-image alignleft\"><img width=\"150\" height=\"150\" src=\"https:\/\/www.investincotedazur.com\/wp-content\/uploads\/2026\/01\/investincotedazur-2026-01-21T104349.359-150x150.jpg\" class=\"attachment-thumbnail size-thumbnail wp-post-image\" alt=\"barometre arthur loyd nice\" style=\"max-width:50px;\" loading=\"lazy\" srcset=\"https:\/\/www.investincotedazur.com\/wp-content\/uploads\/2026\/01\/investincotedazur-2026-01-21T104349.359-150x150.jpg 150w, https:\/\/www.investincotedazur.com\/wp-content\/uploads\/2026\/01\/investincotedazur-2026-01-21T104349.359-300x300.jpg 300w, https:\/\/www.investincotedazur.com\/wp-content\/uploads\/2026\/01\/investincotedazur-2026-01-21T104349.359.jpg 700w\" sizes=\"(max-width: 150px) 100vw, 150px\" \/><\/div><a class=\"wp-block-latest-posts__post-title\" href=\"https:\/\/www.investincotedazur.com\/en\/nice-cote-dazur-quality-of-life-arthur-loyd-2025\/\">Nice C\u00f4te d\u2019Azur: Second Place in Quality of Life Among Major French Metropolises in the 2025 Arthur Loyd Barometer<\/a><\/li>\n<\/ul>","protected":false},"excerpt":{"rendered":"<p>United Airlines has inaugurated a new seasonal nonstop route between Nice C\u00f4te d\u2019Azur Airport and Washington Dulles International Airport. Operated four times per week with a Boeing 767-300, the service will run from May 23 to September 25, 2025. This new connection increases seat capacity from Nice to the United States by more than 30%, [&hellip;]<\/p>\n","protected":false},"author":14,"featured_media":20765,"comment_status":"closed","ping_status":"closed","sticky":false,"template":"","format":"standard","meta":{"_mi_skip_tracking":false,"_monsterinsights_sitenote_active":false,"_monsterinsights_sitenote_note":"","_monsterinsights_sitenote_category":0},"categories":[153,135,102],"tags":[],"acf":[],"yoast_head":"<!-- This site is optimized with the Yoast SEO plugin v19.12 - https:\/\/yoast.com\/wordpress\/plugins\/seo\/ -->\n<title>United Airlines to Connect Nice to Washington as of May 2025 - Invest in C\u00f4te d&#039;Azur<\/title>\n<meta name=\"description\" content=\"United Airlines is launching a direct Nice-Washington route with four weekly flights, operational from May 24 to September 25, 2025.\" \/>\n<meta name=\"robots\" content=\"index, follow, max-snippet:-1, max-image-preview:large, max-video-preview:-1\" \/>\n<link rel=\"canonical\" href=\"https:\/\/www.investincotedazur.com\/en\/united-airlines-to-connect-nice-to-washington-in-summer-2025\/\" \/>\n<meta property=\"og:locale\" content=\"en_US\" \/>\n<meta property=\"og:type\" content=\"article\" \/>\n<meta property=\"og:title\" content=\"United Airlines to Connect Nice to Washington as of May 2025 - Invest in C\u00f4te d&#039;Azur\" \/>\n<meta property=\"og:description\" content=\"United Airlines is launching a direct Nice-Washington route with four weekly flights, operational from May 24 to September 25, 2025.\" \/>\n<meta property=\"og:url\" content=\"https:\/\/www.investincotedazur.com\/en\/united-airlines-to-connect-nice-to-washington-in-summer-2025\/\" \/>\n<meta property=\"og:site_name\" content=\"Invest in C\u00f4te d&#039;Azur\" \/>\n<meta property=\"article:published_time\" content=\"2025-05-26T13:10:57+00:00\" \/>\n<meta property=\"article:modified_time\" content=\"2025-06-03T15:46:06+00:00\" \/>\n<meta property=\"og:image\" content=\"https:\/\/www.investincotedazur.com\/wp-content\/uploads\/2024\/10\/Nice-Washhington-United-2025.png\" \/>\n\t<meta property=\"og:image:width\" content=\"700\" \/>\n\t<meta property=\"og:image:height\" content=\"700\" \/>\n\t<meta property=\"og:image:type\" content=\"image\/png\" \/>\n<meta name=\"author\" content=\"Jose Perez Gabarron\" \/>\n<meta name=\"twitter:card\" content=\"summary_large_image\" \/>\n<meta name=\"twitter:creator\" content=\"@Investcotedazur\" \/>\n<meta name=\"twitter:site\" content=\"@Investcotedazur\" \/>\n<meta name=\"twitter:label1\" content=\"Written by\" \/>\n\t<meta name=\"twitter:data1\" content=\"Jose Perez Gabarron\" \/>\n\t<meta name=\"twitter:label2\" content=\"Est. reading time\" \/>\n\t<meta name=\"twitter:data2\" content=\"4 minutes\" \/>\n<script type=\"application\/ld+json\" class=\"yoast-schema-graph\">{\"@context\":\"https:\/\/schema.org\",\"@graph\":[{\"@type\":\"Article\",\"@id\":\"https:\/\/www.investincotedazur.com\/en\/united-airlines-to-connect-nice-to-washington-in-summer-2025\/#article\",\"isPartOf\":{\"@id\":\"https:\/\/www.investincotedazur.com\/en\/united-airlines-to-connect-nice-to-washington-in-summer-2025\/\"},\"author\":{\"name\":\"Jose Perez Gabarron\",\"@id\":\"https:\/\/www.investincotedazur.com\/en\/#\/schema\/person\/ebbeede4229d29e0861488f2bd1036d9\"},\"headline\":\"United Airlines launches direct service between Nice and Washington, D.C.\",\"datePublished\":\"2025-05-26T13:10:57+00:00\",\"dateModified\":\"2025-06-03T15:46:06+00:00\",\"mainEntityOfPage\":{\"@id\":\"https:\/\/www.investincotedazur.com\/en\/united-airlines-to-connect-nice-to-washington-in-summer-2025\/\"},\"wordCount\":577,\"publisher\":{\"@id\":\"https:\/\/www.investincotedazur.com\/en\/#organization\"},\"articleSection\":[\"Connectivity\",\"International\",\"Nice C\u00f4te d'Azur Metropolis\"],\"inLanguage\":\"en-US\"},{\"@type\":\"WebPage\",\"@id\":\"https:\/\/www.investincotedazur.com\/en\/united-airlines-to-connect-nice-to-washington-in-summer-2025\/\",\"url\":\"https:\/\/www.investincotedazur.com\/en\/united-airlines-to-connect-nice-to-washington-in-summer-2025\/\",\"name\":\"United Airlines to Connect Nice to Washington as of May 2025 - Invest in C\u00f4te d&#039;Azur\",\"isPartOf\":{\"@id\":\"https:\/\/www.investincotedazur.com\/en\/#website\"},\"datePublished\":\"2025-05-26T13:10:57+00:00\",\"dateModified\":\"2025-06-03T15:46:06+00:00\",\"description\":\"United Airlines is launching a direct Nice-Washington route with four weekly flights, operational from May 24 to September 25, 2025.\",\"inLanguage\":\"en-US\",\"potentialAction\":[{\"@type\":\"ReadAction\",\"target\":[\"https:\/\/www.investincotedazur.com\/en\/united-airlines-to-connect-nice-to-washington-in-summer-2025\/\"]}]},{\"@type\":\"WebSite\",\"@id\":\"https:\/\/www.investincotedazur.com\/en\/#website\",\"url\":\"https:\/\/www.investincotedazur.com\/en\/\",\"name\":\"Invest in C\u00f4te d'Azur\",\"description\":\"\",\"publisher\":{\"@id\":\"https:\/\/www.investincotedazur.com\/en\/#organization\"},\"alternateName\":\"Invest in C\u00f4te d'Azur\",\"potentialAction\":[{\"@type\":\"SearchAction\",\"target\":{\"@type\":\"EntryPoint\",\"urlTemplate\":\"https:\/\/www.investincotedazur.com\/en\/?s={search_term_string}\"},\"query-input\":\"required name=search_term_string\"}],\"inLanguage\":\"en-US\"},{\"@type\":\"Organization\",\"@id\":\"https:\/\/www.investincotedazur.com\/en\/#organization\",\"name\":\"Invest in C\u00f4te d'Azur\",\"alternateName\":\"Invest in C\u00f4te d'Azur\",\"url\":\"https:\/\/www.investincotedazur.com\/en\/\",\"logo\":{\"@type\":\"ImageObject\",\"inLanguage\":\"en-US\",\"@id\":\"https:\/\/www.investincotedazur.com\/en\/#\/schema\/logo\/image\/\",\"url\":\"https:\/\/www.investincotedazur.com\/wp-content\/uploads\/2023\/05\/cropped-New-missions-3.png\",\"contentUrl\":\"https:\/\/www.investincotedazur.com\/wp-content\/uploads\/2023\/05\/cropped-New-missions-3.png\",\"width\":512,\"height\":512,\"caption\":\"Invest in C\u00f4te d'Azur\"},\"image\":{\"@id\":\"https:\/\/www.investincotedazur.com\/en\/#\/schema\/logo\/image\/\"},\"sameAs\":[\"https:\/\/www.linkedin.com\/company\/investincotedazur\/\",\"https:\/\/twitter.com\/Investcotedazur\"]},{\"@type\":\"Person\",\"@id\":\"https:\/\/www.investincotedazur.com\/en\/#\/schema\/person\/ebbeede4229d29e0861488f2bd1036d9\",\"name\":\"Jose Perez Gabarron\",\"image\":{\"@type\":\"ImageObject\",\"inLanguage\":\"en-US\",\"@id\":\"https:\/\/www.investincotedazur.com\/en\/#\/schema\/person\/image\/\",\"url\":\"https:\/\/secure.gravatar.com\/avatar\/20ec9e74f48620b8ee4253da6b114950?s=96&d=mm&r=g\",\"contentUrl\":\"https:\/\/secure.gravatar.com\/avatar\/20ec9e74f48620b8ee4253da6b114950?s=96&d=mm&r=g\",\"caption\":\"Jose Perez Gabarron\"}}]}<\/script>\n<!-- \/ Yoast SEO plugin. -->","yoast_head_json":{"title":"United Airlines to Connect Nice to Washington as of May 2025 - Invest in C\u00f4te d&#039;Azur","description":"United Airlines is launching a direct Nice-Washington route with four weekly flights, operational from May 24 to September 25, 2025.","robots":{"index":"index","follow":"follow","max-snippet":"max-snippet:-1","max-image-preview":"max-image-preview:large","max-video-preview":"max-video-preview:-1"},"canonical":"https:\/\/www.investincotedazur.com\/en\/united-airlines-to-connect-nice-to-washington-in-summer-2025\/","og_locale":"en_US","og_type":"article","og_title":"United Airlines to Connect Nice to Washington as of May 2025 - Invest in C\u00f4te d&#039;Azur","og_description":"United Airlines is launching a direct Nice-Washington route with four weekly flights, operational from May 24 to September 25, 2025.","og_url":"https:\/\/www.investincotedazur.com\/en\/united-airlines-to-connect-nice-to-washington-in-summer-2025\/","og_site_name":"Invest in C\u00f4te d&#039;Azur","article_published_time":"2025-05-26T13:10:57+00:00","article_modified_time":"2025-06-03T15:46:06+00:00","og_image":[{"width":700,"height":700,"url":"https:\/\/www.investincotedazur.com\/wp-content\/uploads\/2024\/10\/Nice-Washhington-United-2025.png","type":"image\/png"}],"author":"Jose Perez Gabarron","twitter_card":"summary_large_image","twitter_creator":"@Investcotedazur","twitter_site":"@Investcotedazur","twitter_misc":{"Written by":"Jose Perez Gabarron","Est. reading time":"4 minutes"},"schema":{"@context":"https:\/\/schema.org","@graph":[{"@type":"Article","@id":"https:\/\/www.investincotedazur.com\/en\/united-airlines-to-connect-nice-to-washington-in-summer-2025\/#article","isPartOf":{"@id":"https:\/\/www.investincotedazur.com\/en\/united-airlines-to-connect-nice-to-washington-in-summer-2025\/"},"author":{"name":"Jose Perez Gabarron","@id":"https:\/\/www.investincotedazur.com\/en\/#\/schema\/person\/ebbeede4229d29e0861488f2bd1036d9"},"headline":"United Airlines launches direct service between Nice and Washington, D.C.","datePublished":"2025-05-26T13:10:57+00:00","dateModified":"2025-06-03T15:46:06+00:00","mainEntityOfPage":{"@id":"https:\/\/www.investincotedazur.com\/en\/united-airlines-to-connect-nice-to-washington-in-summer-2025\/"},"wordCount":577,"publisher":{"@id":"https:\/\/www.investincotedazur.com\/en\/#organization"},"articleSection":["Connectivity","International","Nice C\u00f4te d'Azur Metropolis"],"inLanguage":"en-US"},{"@type":"WebPage","@id":"https:\/\/www.investincotedazur.com\/en\/united-airlines-to-connect-nice-to-washington-in-summer-2025\/","url":"https:\/\/www.investincotedazur.com\/en\/united-airlines-to-connect-nice-to-washington-in-summer-2025\/","name":"United Airlines to Connect Nice to Washington as of May 2025 - Invest in C\u00f4te d&#039;Azur","isPartOf":{"@id":"https:\/\/www.investincotedazur.com\/en\/#website"},"datePublished":"2025-05-26T13:10:57+00:00","dateModified":"2025-06-03T15:46:06+00:00","description":"United Airlines is launching a direct Nice-Washington route with four weekly flights, operational from May 24 to September 25, 2025.","inLanguage":"en-US","potentialAction":[{"@type":"ReadAction","target":["https:\/\/www.investincotedazur.com\/en\/united-airlines-to-connect-nice-to-washington-in-summer-2025\/"]}]},{"@type":"WebSite","@id":"https:\/\/www.investincotedazur.com\/en\/#website","url":"https:\/\/www.investincotedazur.com\/en\/","name":"Invest in C\u00f4te d'Azur","description":"","publisher":{"@id":"https:\/\/www.investincotedazur.com\/en\/#organization"},"alternateName":"Invest in C\u00f4te d'Azur","potentialAction":[{"@type":"SearchAction","target":{"@type":"EntryPoint","urlTemplate":"https:\/\/www.investincotedazur.com\/en\/?s={search_term_string}"},"query-input":"required name=search_term_string"}],"inLanguage":"en-US"},{"@type":"Organization","@id":"https:\/\/www.investincotedazur.com\/en\/#organization","name":"Invest in C\u00f4te d'Azur","alternateName":"Invest in C\u00f4te d'Azur","url":"https:\/\/www.investincotedazur.com\/en\/","logo":{"@type":"ImageObject","inLanguage":"en-US","@id":"https:\/\/www.investincotedazur.com\/en\/#\/schema\/logo\/image\/","url":"https:\/\/www.investincotedazur.com\/wp-content\/uploads\/2023\/05\/cropped-New-missions-3.png","contentUrl":"https:\/\/www.investincotedazur.com\/wp-content\/uploads\/2023\/05\/cropped-New-missions-3.png","width":512,"height":512,"caption":"Invest in C\u00f4te d'Azur"},"image":{"@id":"https:\/\/www.investincotedazur.com\/en\/#\/schema\/logo\/image\/"},"sameAs":["https:\/\/www.linkedin.com\/company\/investincotedazur\/","https:\/\/twitter.com\/Investcotedazur"]},{"@type":"Person","@id":"https:\/\/www.investincotedazur.com\/en\/#\/schema\/person\/ebbeede4229d29e0861488f2bd1036d9","name":"Jose Perez Gabarron","image":{"@type":"ImageObject","inLanguage":"en-US","@id":"https:\/\/www.investincotedazur.com\/en\/#\/schema\/person\/image\/","url":"https:\/\/secure.gravatar.com\/avatar\/20ec9e74f48620b8ee4253da6b114950?s=96&d=mm&r=g","contentUrl":"https:\/\/secure.gravatar.com\/avatar\/20ec9e74f48620b8ee4253da6b114950?s=96&d=mm&r=g","caption":"Jose Perez Gabarron"}}]}},"_links":{"self":[{"href":"https:\/\/www.investincotedazur.com\/en\/wp-json\/wp\/v2\/posts\/20833"}],"collection":[{"href":"https:\/\/www.investincotedazur.com\/en\/wp-json\/wp\/v2\/posts"}],"about":[{"href":"https:\/\/www.investincotedazur.com\/en\/wp-json\/wp\/v2\/types\/post"}],"author":[{"embeddable":true,"href":"https:\/\/www.investincotedazur.com\/en\/wp-json\/wp\/v2\/users\/14"}],"replies":[{"embeddable":true,"href":"https:\/\/www.investincotedazur.com\/en\/wp-json\/wp\/v2\/comments?post=20833"}],"version-history":[{"count":5,"href":"https:\/\/www.investincotedazur.com\/en\/wp-json\/wp\/v2\/posts\/20833\/revisions"}],"predecessor-version":[{"id":23365,"href":"https:\/\/www.investincotedazur.com\/en\/wp-json\/wp\/v2\/posts\/20833\/revisions\/23365"}],"wp:featuredmedia":[{"embeddable":true,"href":"https:\/\/www.investincotedazur.com\/en\/wp-json\/wp\/v2\/media\/20765"}],"wp:attachment":[{"href":"https:\/\/www.investincotedazur.com\/en\/wp-json\/wp\/v2\/media?parent=20833"}],"wp:term":[{"taxonomy":"category","embeddable":true,"href":"https:\/\/www.investincotedazur.com\/en\/wp-json\/wp\/v2\/categories?post=20833"},{"taxonomy":"post_tag","embeddable":true,"href":"https:\/\/www.investincotedazur.com\/en\/wp-json\/wp\/v2\/tags?post=20833"}],"curies":[{"name":"wp","href":"https:\/\/api.w.org\/{rel}","templated":true}]}}