{"id":19658,"date":"2024-04-23T08:58:52","date_gmt":"2024-04-23T06:58:52","guid":{"rendered":"https:\/\/www.investincotedazur.com\/?p=19658"},"modified":"2024-06-10T09:02:09","modified_gmt":"2024-06-10T07:02:09","slug":"year-of-the-sea-in-nice-call-for-expressions-of-interest-in-art-culture-and-heritage","status":"publish","type":"post","link":"https:\/\/www.investincotedazur.com\/en\/year-of-the-sea-in-nice-call-for-expressions-of-interest-in-art-culture-and-heritage\/","title":{"rendered":"Year of the Sea in Nice &#8211; Call for expressions of interest in Art, Culture, and Heritage"},"content":{"rendered":"\n<div class=\"wp-container-3 wp-block-columns has-background\" style=\"background-color:#f1f1f1\">\n<div class=\"wp-container-1 wp-block-column\">\n<figure class=\"wp-block-image size-full\"><img width=\"700\" height=\"700\" src=\"https:\/\/www.investincotedazur.com\/wp-content\/uploads\/2024\/04\/annee-de-la-mer-appel-a-projet-nice.png\" alt=\"annee de la mer appel a projet nice\" class=\"wp-image-19109\" srcset=\"https:\/\/www.investincotedazur.com\/wp-content\/uploads\/2024\/04\/annee-de-la-mer-appel-a-projet-nice.png 700w, https:\/\/www.investincotedazur.com\/wp-content\/uploads\/2024\/04\/annee-de-la-mer-appel-a-projet-nice-300x300.png 300w, https:\/\/www.investincotedazur.com\/wp-content\/uploads\/2024\/04\/annee-de-la-mer-appel-a-projet-nice-150x150.png 150w\" sizes=\"(max-width: 700px) 100vw, 700px\" \/><\/figure>\n<\/div>\n\n\n\n<div class=\"wp-container-2 wp-block-column\" style=\"flex-basis:800px\">\n<p><strong>Objective of the call: <\/strong> The main objective of this call for expressions of interest is to support local artistic, cultural, and heritage initiatives related to the major challenges of ocean protection as part of the Year of the Sea. The suggested themes include marine biodiversity, the protection of the deep sea, the fight against plastic pollution, reflection on illegal fishing, and the decarbonization of maritime transport.<\/p>\n\n\n\n<p><strong>Eligible participants: <\/strong> This call is open to artists, artistic, cultural and heritage associations, as well as to show entrepreneurs in the territory.<\/p>\n\n\n\n<p><strong>Selection criteria and process: <\/strong> The projects will be evaluated according to several criteria (detailed on the website of the City of Nice). The final selection will be made by a commission composed of elected officials and civil servants after an administrative, artistic, cultural and technical expertise of the files.<\/p>\n\n\n\n<p><strong>The deadline for applications is June 21, 2024, at midnight, and applications must be submitted online.<\/strong><\/p>\n<\/div>\n<\/div>\n\n\n\n<div style=\"height:100px\" aria-hidden=\"true\" class=\"wp-block-spacer\"><\/div>\n\n\n\n<div class=\"wp-container-4 wp-block-buttons alignwide\">\n<div class=\"wp-block-button aligncenter\"><a class=\"wp-block-button__link\" href=\"https:\/\/www.nice.fr\/fr\/actualites\/appel-a-manifestation-d-interet-la-culture-au-service-des-oceans?type=articles\">Find out more and apply on the website of the City of Nice<\/a><\/div>\n<\/div>\n\n\n\n<div style=\"height:100px\" aria-hidden=\"true\" class=\"wp-block-spacer\"><\/div>\n\n\n\n<h2>An artistic and cultural commitment for the preservation of the oceans<\/h2>\n\n\n\n<p>n response to the urgency of ocean protection, the city of Nice, in collaboration with various cultural and institutional actors, is launching an ambitious program of cultural and artistic actions as part of the Year of the Sea, s<strong>cheduled from September 2024 to September 2025. <\/strong> This initiative precedes and accompanies the third <a href=\"https:\/\/www.investincotedazur.com\/en\/nice-will-host-the-united-nations-conference-on-oceans-in-2025\/\">United Nations Conference on the Ocean (UNOC-3)<\/a> which will be held in Nice in June 2025.<\/p>\n\n\n\n<p>This cultural and heritage mobilization aims to raise public awareness and promote sustainable solutions for the oceans. Indeed, the ocean plays an essential role in climate regulation and is at the heart of the United Nations Sustainable Development Goals. The protection of its ecosystem and marine biodiversity is therefore crucial for our collective future.<\/p>\n\n\n\n<div style=\"height:38px\" aria-hidden=\"true\" class=\"wp-block-spacer\"><\/div>\n\n\n\n<h2>Program of the Year of the Sea: a diversity of actions planned<\/h2>\n\n\n\n<p>The Year of the Sea encompasses a variety of events including the European Heritage Days and the Science Festival, where the maritime theme will be predominant. These events will serve as a platform to disseminate knowledge and stimulate civic engagement towards marine conservation.<\/p>\n\n\n\n<p>Furthermore, the Biennale of Arts, renamed for the occasion Biennale of Arts and the Ocean, will focus on the interaction between art and science to raise awareness of the protection of the marine environment. Through artistic expression, the Biennale seeks to reach a wider audience and foster awareness of ocean issues.<\/p>\n\n\n\n<div style=\"height:38px\" aria-hidden=\"true\" class=\"wp-block-spacer\"><\/div>\n\n\n\n<h2>Local involvement and project selection criteria<\/h2>\n\n\n\n<p>The Call for Expressions of Interest is an invitation to all local actors wishing to actively participate in this special programming. The candidates, whether they are artists, associations, or show entrepreneurs, are encouraged to propose projects that reflect on current challenges such as marine biodiversity, plastic pollution, or the decarbonization of maritime transport,&#8230;<\/p>\n\n\n\n<div style=\"height:28px\" aria-hidden=\"true\" class=\"wp-block-spacer\"><\/div>\n\n\n\n<div class=\"wp-container-5 wp-block-buttons alignwide\">\n<div class=\"wp-block-button aligncenter\"><a class=\"wp-block-button__link\" href=\"https:\/\/www.nice.fr\/fr\/actualites\/appel-a-manifestation-d-interet-la-culture-au-service-des-oceans?type=articles\">Find out more and apply on the website of the City of Nice<\/a><\/div>\n<\/div>\n\n\n\n<div style=\"height:28px\" aria-hidden=\"true\" class=\"wp-block-spacer\"><\/div>\n\n\n\n<p><\/p>\n\n\n\n<hr class=\"wp-block-separator has-text-color has-vivid-cyan-blue-color has-alpha-channel-opacity has-vivid-cyan-blue-background-color has-background\"\/>\n\n\n\n<h2 class=\"has-vivid-cyan-blue-color has-text-color\">Cultural and Creative Industries in Nice C\u00f4te d&#8217;Azur<\/h2>\n\n\n\n<div style=\"height:21px\" aria-hidden=\"true\" class=\"wp-block-spacer\"><\/div>\n\n\n<ul class=\"wp-block-latest-posts__list is-grid columns-2 wp-block-latest-posts\"><li><div class=\"wp-block-latest-posts__featured-image alignleft\"><img width=\"150\" height=\"150\" src=\"https:\/\/www.investincotedazur.com\/wp-content\/uploads\/2024\/05\/Play-Azur-festival-2025-Affiche-150x150.png\" class=\"attachment-thumbnail size-thumbnail wp-post-image\" alt=\"Play Azur festival 2025 Affiche\" style=\"max-width:50px;max-height:50px;\" loading=\"lazy\" srcset=\"https:\/\/www.investincotedazur.com\/wp-content\/uploads\/2024\/05\/Play-Azur-festival-2025-Affiche-150x150.png 150w, https:\/\/www.investincotedazur.com\/wp-content\/uploads\/2024\/05\/Play-Azur-festival-2025-Affiche-700x700.png 700w\" sizes=\"(max-width: 150px) 100vw, 150px\" \/><\/div><a class=\"wp-block-latest-posts__post-title\" href=\"https:\/\/www.investincotedazur.com\/en\/the-festival-play-azur-a-celebration-of-pop-culture-and-the-geek-world-in-nice\/\">Play Azur Festival 2026 confirms Nice as a major hub for pop culture and the cultural and creative industries<\/a><\/li>\n<li><div class=\"wp-block-latest-posts__featured-image alignleft\"><img width=\"150\" height=\"150\" src=\"https:\/\/www.investincotedazur.com\/wp-content\/uploads\/2026\/02\/cites-immersives-anthony-samama-150x150.jpg\" class=\"attachment-thumbnail size-thumbnail wp-post-image\" alt=\"\" style=\"max-width:50px;max-height:50px;\" loading=\"lazy\" srcset=\"https:\/\/www.investincotedazur.com\/wp-content\/uploads\/2026\/02\/cites-immersives-anthony-samama-150x150.jpg 150w, https:\/\/www.investincotedazur.com\/wp-content\/uploads\/2026\/02\/cites-immersives-anthony-samama-300x300.jpg 300w, https:\/\/www.investincotedazur.com\/wp-content\/uploads\/2026\/02\/cites-immersives-anthony-samama.jpg 700w\" sizes=\"(max-width: 150px) 100vw, 150px\" \/><\/div><a class=\"wp-block-latest-posts__post-title\" href=\"https:\/\/www.investincotedazur.com\/en\/cite-immersive-nice-a-unique-cultural-venue-also-designed-for-businesses\/\">Cit\u00e9 Immersive Nice: a unique cultural venue, also designed for businesses<\/a><\/li>\n<li><div class=\"wp-block-latest-posts__featured-image alignleft\"><img width=\"150\" height=\"150\" src=\"https:\/\/www.investincotedazur.com\/wp-content\/uploads\/2026\/02\/investincotedazur-72-150x150.png\" class=\"attachment-thumbnail size-thumbnail wp-post-image\" alt=\"eam Nice C\u00f4te d\u2019Azur mobilized for an AI Business Tour and WAICF 2026\" style=\"max-width:50px;max-height:50px;\" loading=\"lazy\" srcset=\"https:\/\/www.investincotedazur.com\/wp-content\/uploads\/2026\/02\/investincotedazur-72-150x150.png 150w, https:\/\/www.investincotedazur.com\/wp-content\/uploads\/2026\/02\/investincotedazur-72-700x700.png 700w\" sizes=\"(max-width: 150px) 100vw, 150px\" \/><\/div><a class=\"wp-block-latest-posts__post-title\" href=\"https:\/\/www.investincotedazur.com\/en\/team-nice-cote-dazur-showcases-ai-ecosystem-at-ai-business-tour-and-waicf-2026\/\">Artificial intelligence: Team Nice C\u00f4te d\u2019Azur mobilized for an AI Business Tour and WAICF 2026<\/a><\/li>\n<li><div class=\"wp-block-latest-posts__featured-image alignleft\"><img width=\"150\" height=\"150\" src=\"https:\/\/www.investincotedazur.com\/wp-content\/uploads\/2025\/11\/1763040336534-150x150.png\" class=\"attachment-thumbnail size-thumbnail wp-post-image\" alt=\"\" style=\"max-width:50px;max-height:50px;\" loading=\"lazy\" srcset=\"https:\/\/www.investincotedazur.com\/wp-content\/uploads\/2025\/11\/1763040336534-150x150.png 150w, https:\/\/www.investincotedazur.com\/wp-content\/uploads\/2025\/11\/1763040336534-700x700.png 700w\" sizes=\"(max-width: 150px) 100vw, 150px\" \/><\/div><a class=\"wp-block-latest-posts__post-title\" href=\"https:\/\/www.investincotedazur.com\/en\/supmode-sup-photo-inaugurate-their-campus-in-nice\/\">SUPMODE &amp; SUP-PHOTO inaugurate their campus in Nice<\/a><\/li>\n<li><div class=\"wp-block-latest-posts__featured-image alignleft\"><img width=\"150\" height=\"150\" src=\"https:\/\/www.investincotedazur.com\/wp-content\/uploads\/2025\/10\/evo-france-2025-150x150.png\" class=\"attachment-thumbnail size-thumbnail wp-post-image\" alt=\"evo france 2025\" style=\"max-width:50px;max-height:50px;\" loading=\"lazy\" \/><\/div><a class=\"wp-block-latest-posts__post-title\" href=\"https:\/\/www.investincotedazur.com\/en\/evo-france-settles-in-nice-from-october-10-to-12-2025\/\">EVO France settles in Nice from October 10 to 12, 2025<\/a><\/li>\n<li><div class=\"wp-block-latest-posts__featured-image alignleft\"><img width=\"150\" height=\"150\" src=\"https:\/\/www.investincotedazur.com\/wp-content\/uploads\/2025\/10\/investincotedazur-2025-10-01T130713.876-150x150.jpg\" class=\"attachment-thumbnail size-thumbnail wp-post-image\" alt=\"Hanna Boghanim, coordinatrice g\u00e9n\u00e9rale du r\u00e9seau Botox(s)\" style=\"max-width:50px;max-height:50px;\" loading=\"lazy\" srcset=\"https:\/\/www.investincotedazur.com\/wp-content\/uploads\/2025\/10\/investincotedazur-2025-10-01T130713.876-150x150.jpg 150w, https:\/\/www.investincotedazur.com\/wp-content\/uploads\/2025\/10\/investincotedazur-2025-10-01T130713.876-300x300.jpg 300w, https:\/\/www.investincotedazur.com\/wp-content\/uploads\/2025\/10\/investincotedazur-2025-10-01T130713.876.jpg 700w\" sizes=\"(max-width: 150px) 100vw, 150px\" \/><\/div><a class=\"wp-block-latest-posts__post-title\" href=\"https:\/\/www.investincotedazur.com\/en\/botoxs-connects-businesses-with-contemporary-creation\/\">Botox(s) Connects Businesses with Contemporary Creation<\/a><\/li>\n<li><div class=\"wp-block-latest-posts__featured-image alignleft\"><img width=\"150\" height=\"150\" src=\"https:\/\/www.investincotedazur.com\/wp-content\/uploads\/2025\/08\/evo-2026-nice-150x150.jpg\" class=\"attachment-thumbnail size-thumbnail wp-post-image\" alt=\"evo 2026 nice\" style=\"max-width:50px;max-height:50px;\" loading=\"lazy\" srcset=\"https:\/\/www.investincotedazur.com\/wp-content\/uploads\/2025\/08\/evo-2026-nice-150x150.jpg 150w, https:\/\/www.investincotedazur.com\/wp-content\/uploads\/2025\/08\/evo-2026-nice-300x300.jpg 300w, https:\/\/www.investincotedazur.com\/wp-content\/uploads\/2025\/08\/evo-2026-nice.jpg 700w\" sizes=\"(max-width: 150px) 100vw, 150px\" \/><\/div><a class=\"wp-block-latest-posts__post-title\" href=\"https:\/\/www.investincotedazur.com\/en\/evo-2026-will-be-held-in-nice\/\">EVO 2026 will take place in Nice<\/a><\/li>\n<li><div class=\"wp-block-latest-posts__featured-image alignleft\"><img width=\"150\" height=\"150\" src=\"https:\/\/www.investincotedazur.com\/wp-content\/uploads\/2025\/06\/Game-Camp-Axelle-2025-6-150x150.jpg\" class=\"attachment-thumbnail size-thumbnail wp-post-image\" alt=\"Game Camp France\" style=\"max-width:50px;max-height:50px;\" loading=\"lazy\" srcset=\"https:\/\/www.investincotedazur.com\/wp-content\/uploads\/2025\/06\/Game-Camp-Axelle-2025-6-150x150.jpg 150w, https:\/\/www.investincotedazur.com\/wp-content\/uploads\/2025\/06\/Game-Camp-Axelle-2025-6-700x700.jpg 700w\" sizes=\"(max-width: 150px) 100vw, 150px\" \/><\/div><a class=\"wp-block-latest-posts__post-title\" href=\"https:\/\/www.investincotedazur.com\/en\/the-icc-nice-cote-dazur-sector-highlighted-at-game-camp-france-by-team-nice-cote-dazur\/\">The ICC Nice C\u00f4te d\u2019Azur sector highlighted at Game Camp France by Team Nice C\u00f4te d\u2019Azur<\/a><\/li>\n<\/ul>","protected":false},"excerpt":{"rendered":"<p>Objective of the call: The main objective of this call for expressions of interest is to support local artistic, cultural, and heritage initiatives related to the major challenges of ocean protection as part of the Year of the Sea. The suggested themes include marine biodiversity, the protection of the deep sea, the fight against plastic [&hellip;]<\/p>\n","protected":false},"author":14,"featured_media":19108,"comment_status":"closed","ping_status":"closed","sticky":false,"template":"","format":"standard","meta":{"_mi_skip_tracking":false,"_monsterinsights_sitenote_active":false,"_monsterinsights_sitenote_note":"","_monsterinsights_sitenote_category":0},"categories":[155,146,102,164],"tags":[],"acf":[],"yoast_head":"<!-- This site is optimized with the Yoast SEO plugin v19.12 - https:\/\/yoast.com\/wordpress\/plugins\/seo\/ -->\n<title>Year of the Sea in Nice - Call for expressions of interest in Art, Culture, and Heritage - Invest in C\u00f4te d&#039;Azur<\/title>\n<meta name=\"description\" content=\"Participate in the Call for Expressions of Interest for the Year of the Sea in Nice. Submit your artistic and cultural projects dedicated to ocean protection from April 22 to June 21, 2024.\" \/>\n<meta name=\"robots\" content=\"index, follow, max-snippet:-1, max-image-preview:large, max-video-preview:-1\" \/>\n<link rel=\"canonical\" href=\"https:\/\/www.investincotedazur.com\/en\/year-of-the-sea-in-nice-call-for-expressions-of-interest-in-art-culture-and-heritage\/\" \/>\n<meta property=\"og:locale\" content=\"en_US\" \/>\n<meta property=\"og:type\" content=\"article\" \/>\n<meta property=\"og:title\" content=\"Year of the Sea in Nice - Call for expressions of interest in Art, Culture, and Heritage - Invest in C\u00f4te d&#039;Azur\" \/>\n<meta property=\"og:description\" content=\"Participate in the Call for Expressions of Interest for the Year of the Sea in Nice. Submit your artistic and cultural projects dedicated to ocean protection from April 22 to June 21, 2024.\" \/>\n<meta property=\"og:url\" content=\"https:\/\/www.investincotedazur.com\/en\/year-of-the-sea-in-nice-call-for-expressions-of-interest-in-art-culture-and-heritage\/\" \/>\n<meta property=\"og:site_name\" content=\"Invest in C\u00f4te d&#039;Azur\" \/>\n<meta property=\"article:published_time\" content=\"2024-04-23T06:58:52+00:00\" \/>\n<meta property=\"article:modified_time\" content=\"2024-06-10T07:02:09+00:00\" \/>\n<meta property=\"og:image\" content=\"https:\/\/www.investincotedazur.com\/wp-content\/uploads\/2024\/04\/annee-de-la-mer-appel-a-projet-nice.png\" \/>\n\t<meta property=\"og:image:width\" content=\"700\" \/>\n\t<meta property=\"og:image:height\" content=\"700\" \/>\n\t<meta property=\"og:image:type\" content=\"image\/png\" \/>\n<meta name=\"author\" content=\"Jose Perez Gabarron\" \/>\n<meta name=\"twitter:card\" content=\"summary_large_image\" \/>\n<meta name=\"twitter:creator\" content=\"@Investcotedazur\" \/>\n<meta name=\"twitter:site\" content=\"@Investcotedazur\" \/>\n<meta name=\"twitter:label1\" content=\"Written by\" \/>\n\t<meta name=\"twitter:data1\" content=\"Jose Perez Gabarron\" \/>\n\t<meta name=\"twitter:label2\" content=\"Est. reading time\" \/>\n\t<meta name=\"twitter:data2\" content=\"3 minutes\" \/>\n<script type=\"application\/ld+json\" class=\"yoast-schema-graph\">{\"@context\":\"https:\/\/schema.org\",\"@graph\":[{\"@type\":\"Article\",\"@id\":\"https:\/\/www.investincotedazur.com\/en\/year-of-the-sea-in-nice-call-for-expressions-of-interest-in-art-culture-and-heritage\/#article\",\"isPartOf\":{\"@id\":\"https:\/\/www.investincotedazur.com\/en\/year-of-the-sea-in-nice-call-for-expressions-of-interest-in-art-culture-and-heritage\/\"},\"author\":{\"name\":\"Jose Perez Gabarron\",\"@id\":\"https:\/\/www.investincotedazur.com\/en\/#\/schema\/person\/ebbeede4229d29e0861488f2bd1036d9\"},\"headline\":\"Year of the Sea in Nice &#8211; Call for expressions of interest in Art, Culture, and Heritage\",\"datePublished\":\"2024-04-23T06:58:52+00:00\",\"dateModified\":\"2024-06-10T07:02:09+00:00\",\"mainEntityOfPage\":{\"@id\":\"https:\/\/www.investincotedazur.com\/en\/year-of-the-sea-in-nice-call-for-expressions-of-interest-in-art-culture-and-heritage\/\"},\"wordCount\":498,\"publisher\":{\"@id\":\"https:\/\/www.investincotedazur.com\/en\/#organization\"},\"articleSection\":[\"Blue economy\",\"Cultural and Creative Industries\",\"Nice C\u00f4te d'Azur Metropolis\",\"Sea economy\"],\"inLanguage\":\"en-US\"},{\"@type\":\"WebPage\",\"@id\":\"https:\/\/www.investincotedazur.com\/en\/year-of-the-sea-in-nice-call-for-expressions-of-interest-in-art-culture-and-heritage\/\",\"url\":\"https:\/\/www.investincotedazur.com\/en\/year-of-the-sea-in-nice-call-for-expressions-of-interest-in-art-culture-and-heritage\/\",\"name\":\"Year of the Sea in Nice - Call for expressions of interest in Art, Culture, and Heritage - Invest in C\u00f4te d&#039;Azur\",\"isPartOf\":{\"@id\":\"https:\/\/www.investincotedazur.com\/en\/#website\"},\"datePublished\":\"2024-04-23T06:58:52+00:00\",\"dateModified\":\"2024-06-10T07:02:09+00:00\",\"description\":\"Participate in the Call for Expressions of Interest for the Year of the Sea in Nice. Submit your artistic and cultural projects dedicated to ocean protection from April 22 to June 21, 2024.\",\"inLanguage\":\"en-US\",\"potentialAction\":[{\"@type\":\"ReadAction\",\"target\":[\"https:\/\/www.investincotedazur.com\/en\/year-of-the-sea-in-nice-call-for-expressions-of-interest-in-art-culture-and-heritage\/\"]}]},{\"@type\":\"WebSite\",\"@id\":\"https:\/\/www.investincotedazur.com\/en\/#website\",\"url\":\"https:\/\/www.investincotedazur.com\/en\/\",\"name\":\"Invest in C\u00f4te d'Azur\",\"description\":\"\",\"publisher\":{\"@id\":\"https:\/\/www.investincotedazur.com\/en\/#organization\"},\"alternateName\":\"Invest in C\u00f4te d'Azur\",\"potentialAction\":[{\"@type\":\"SearchAction\",\"target\":{\"@type\":\"EntryPoint\",\"urlTemplate\":\"https:\/\/www.investincotedazur.com\/en\/?s={search_term_string}\"},\"query-input\":\"required name=search_term_string\"}],\"inLanguage\":\"en-US\"},{\"@type\":\"Organization\",\"@id\":\"https:\/\/www.investincotedazur.com\/en\/#organization\",\"name\":\"Invest in C\u00f4te d'Azur\",\"alternateName\":\"Invest in C\u00f4te d'Azur\",\"url\":\"https:\/\/www.investincotedazur.com\/en\/\",\"logo\":{\"@type\":\"ImageObject\",\"inLanguage\":\"en-US\",\"@id\":\"https:\/\/www.investincotedazur.com\/en\/#\/schema\/logo\/image\/\",\"url\":\"https:\/\/www.investincotedazur.com\/wp-content\/uploads\/2023\/05\/cropped-New-missions-3.png\",\"contentUrl\":\"https:\/\/www.investincotedazur.com\/wp-content\/uploads\/2023\/05\/cropped-New-missions-3.png\",\"width\":512,\"height\":512,\"caption\":\"Invest in C\u00f4te d'Azur\"},\"image\":{\"@id\":\"https:\/\/www.investincotedazur.com\/en\/#\/schema\/logo\/image\/\"},\"sameAs\":[\"https:\/\/www.linkedin.com\/company\/investincotedazur\/\",\"https:\/\/twitter.com\/Investcotedazur\"]},{\"@type\":\"Person\",\"@id\":\"https:\/\/www.investincotedazur.com\/en\/#\/schema\/person\/ebbeede4229d29e0861488f2bd1036d9\",\"name\":\"Jose Perez Gabarron\",\"image\":{\"@type\":\"ImageObject\",\"inLanguage\":\"en-US\",\"@id\":\"https:\/\/www.investincotedazur.com\/en\/#\/schema\/person\/image\/\",\"url\":\"https:\/\/secure.gravatar.com\/avatar\/20ec9e74f48620b8ee4253da6b114950?s=96&d=mm&r=g\",\"contentUrl\":\"https:\/\/secure.gravatar.com\/avatar\/20ec9e74f48620b8ee4253da6b114950?s=96&d=mm&r=g\",\"caption\":\"Jose Perez Gabarron\"}}]}<\/script>\n<!-- \/ Yoast SEO plugin. -->","yoast_head_json":{"title":"Year of the Sea in Nice - Call for expressions of interest in Art, Culture, and Heritage - Invest in C\u00f4te d&#039;Azur","description":"Participate in the Call for Expressions of Interest for the Year of the Sea in Nice. Submit your artistic and cultural projects dedicated to ocean protection from April 22 to June 21, 2024.","robots":{"index":"index","follow":"follow","max-snippet":"max-snippet:-1","max-image-preview":"max-image-preview:large","max-video-preview":"max-video-preview:-1"},"canonical":"https:\/\/www.investincotedazur.com\/en\/year-of-the-sea-in-nice-call-for-expressions-of-interest-in-art-culture-and-heritage\/","og_locale":"en_US","og_type":"article","og_title":"Year of the Sea in Nice - Call for expressions of interest in Art, Culture, and Heritage - Invest in C\u00f4te d&#039;Azur","og_description":"Participate in the Call for Expressions of Interest for the Year of the Sea in Nice. Submit your artistic and cultural projects dedicated to ocean protection from April 22 to June 21, 2024.","og_url":"https:\/\/www.investincotedazur.com\/en\/year-of-the-sea-in-nice-call-for-expressions-of-interest-in-art-culture-and-heritage\/","og_site_name":"Invest in C\u00f4te d&#039;Azur","article_published_time":"2024-04-23T06:58:52+00:00","article_modified_time":"2024-06-10T07:02:09+00:00","og_image":[{"width":700,"height":700,"url":"https:\/\/www.investincotedazur.com\/wp-content\/uploads\/2024\/04\/annee-de-la-mer-appel-a-projet-nice.png","type":"image\/png"}],"author":"Jose Perez Gabarron","twitter_card":"summary_large_image","twitter_creator":"@Investcotedazur","twitter_site":"@Investcotedazur","twitter_misc":{"Written by":"Jose Perez Gabarron","Est. reading time":"3 minutes"},"schema":{"@context":"https:\/\/schema.org","@graph":[{"@type":"Article","@id":"https:\/\/www.investincotedazur.com\/en\/year-of-the-sea-in-nice-call-for-expressions-of-interest-in-art-culture-and-heritage\/#article","isPartOf":{"@id":"https:\/\/www.investincotedazur.com\/en\/year-of-the-sea-in-nice-call-for-expressions-of-interest-in-art-culture-and-heritage\/"},"author":{"name":"Jose Perez Gabarron","@id":"https:\/\/www.investincotedazur.com\/en\/#\/schema\/person\/ebbeede4229d29e0861488f2bd1036d9"},"headline":"Year of the Sea in Nice &#8211; Call for expressions of interest in Art, Culture, and Heritage","datePublished":"2024-04-23T06:58:52+00:00","dateModified":"2024-06-10T07:02:09+00:00","mainEntityOfPage":{"@id":"https:\/\/www.investincotedazur.com\/en\/year-of-the-sea-in-nice-call-for-expressions-of-interest-in-art-culture-and-heritage\/"},"wordCount":498,"publisher":{"@id":"https:\/\/www.investincotedazur.com\/en\/#organization"},"articleSection":["Blue economy","Cultural and Creative Industries","Nice C\u00f4te d'Azur Metropolis","Sea economy"],"inLanguage":"en-US"},{"@type":"WebPage","@id":"https:\/\/www.investincotedazur.com\/en\/year-of-the-sea-in-nice-call-for-expressions-of-interest-in-art-culture-and-heritage\/","url":"https:\/\/www.investincotedazur.com\/en\/year-of-the-sea-in-nice-call-for-expressions-of-interest-in-art-culture-and-heritage\/","name":"Year of the Sea in Nice - Call for expressions of interest in Art, Culture, and Heritage - Invest in C\u00f4te d&#039;Azur","isPartOf":{"@id":"https:\/\/www.investincotedazur.com\/en\/#website"},"datePublished":"2024-04-23T06:58:52+00:00","dateModified":"2024-06-10T07:02:09+00:00","description":"Participate in the Call for Expressions of Interest for the Year of the Sea in Nice. Submit your artistic and cultural projects dedicated to ocean protection from April 22 to June 21, 2024.","inLanguage":"en-US","potentialAction":[{"@type":"ReadAction","target":["https:\/\/www.investincotedazur.com\/en\/year-of-the-sea-in-nice-call-for-expressions-of-interest-in-art-culture-and-heritage\/"]}]},{"@type":"WebSite","@id":"https:\/\/www.investincotedazur.com\/en\/#website","url":"https:\/\/www.investincotedazur.com\/en\/","name":"Invest in C\u00f4te d'Azur","description":"","publisher":{"@id":"https:\/\/www.investincotedazur.com\/en\/#organization"},"alternateName":"Invest in C\u00f4te d'Azur","potentialAction":[{"@type":"SearchAction","target":{"@type":"EntryPoint","urlTemplate":"https:\/\/www.investincotedazur.com\/en\/?s={search_term_string}"},"query-input":"required name=search_term_string"}],"inLanguage":"en-US"},{"@type":"Organization","@id":"https:\/\/www.investincotedazur.com\/en\/#organization","name":"Invest in C\u00f4te d'Azur","alternateName":"Invest in C\u00f4te d'Azur","url":"https:\/\/www.investincotedazur.com\/en\/","logo":{"@type":"ImageObject","inLanguage":"en-US","@id":"https:\/\/www.investincotedazur.com\/en\/#\/schema\/logo\/image\/","url":"https:\/\/www.investincotedazur.com\/wp-content\/uploads\/2023\/05\/cropped-New-missions-3.png","contentUrl":"https:\/\/www.investincotedazur.com\/wp-content\/uploads\/2023\/05\/cropped-New-missions-3.png","width":512,"height":512,"caption":"Invest in C\u00f4te d'Azur"},"image":{"@id":"https:\/\/www.investincotedazur.com\/en\/#\/schema\/logo\/image\/"},"sameAs":["https:\/\/www.linkedin.com\/company\/investincotedazur\/","https:\/\/twitter.com\/Investcotedazur"]},{"@type":"Person","@id":"https:\/\/www.investincotedazur.com\/en\/#\/schema\/person\/ebbeede4229d29e0861488f2bd1036d9","name":"Jose Perez Gabarron","image":{"@type":"ImageObject","inLanguage":"en-US","@id":"https:\/\/www.investincotedazur.com\/en\/#\/schema\/person\/image\/","url":"https:\/\/secure.gravatar.com\/avatar\/20ec9e74f48620b8ee4253da6b114950?s=96&d=mm&r=g","contentUrl":"https:\/\/secure.gravatar.com\/avatar\/20ec9e74f48620b8ee4253da6b114950?s=96&d=mm&r=g","caption":"Jose Perez Gabarron"}}]}},"_links":{"self":[{"href":"https:\/\/www.investincotedazur.com\/en\/wp-json\/wp\/v2\/posts\/19658"}],"collection":[{"href":"https:\/\/www.investincotedazur.com\/en\/wp-json\/wp\/v2\/posts"}],"about":[{"href":"https:\/\/www.investincotedazur.com\/en\/wp-json\/wp\/v2\/types\/post"}],"author":[{"embeddable":true,"href":"https:\/\/www.investincotedazur.com\/en\/wp-json\/wp\/v2\/users\/14"}],"replies":[{"embeddable":true,"href":"https:\/\/www.investincotedazur.com\/en\/wp-json\/wp\/v2\/comments?post=19658"}],"version-history":[{"count":2,"href":"https:\/\/www.investincotedazur.com\/en\/wp-json\/wp\/v2\/posts\/19658\/revisions"}],"predecessor-version":[{"id":19670,"href":"https:\/\/www.investincotedazur.com\/en\/wp-json\/wp\/v2\/posts\/19658\/revisions\/19670"}],"wp:featuredmedia":[{"embeddable":true,"href":"https:\/\/www.investincotedazur.com\/en\/wp-json\/wp\/v2\/media\/19108"}],"wp:attachment":[{"href":"https:\/\/www.investincotedazur.com\/en\/wp-json\/wp\/v2\/media?parent=19658"}],"wp:term":[{"taxonomy":"category","embeddable":true,"href":"https:\/\/www.investincotedazur.com\/en\/wp-json\/wp\/v2\/categories?post=19658"},{"taxonomy":"post_tag","embeddable":true,"href":"https:\/\/www.investincotedazur.com\/en\/wp-json\/wp\/v2\/tags?post=19658"}],"curies":[{"name":"wp","href":"https:\/\/api.w.org\/{rel}","templated":true}]}}