{"id":19573,"date":"2024-11-08T12:24:00","date_gmt":"2024-11-08T11:24:00","guid":{"rendered":"https:\/\/www.investincotedazur.com\/?p=19573"},"modified":"2024-10-17T11:32:33","modified_gmt":"2024-10-17T09:32:33","slug":"iconic-welcomes-three-schools-from-the-2024-academic-year","status":"publish","type":"post","link":"https:\/\/www.investincotedazur.com\/en\/iconic-welcomes-three-schools-from-the-2024-academic-year\/","title":{"rendered":"Iconic welcomes three schools from the 2024 academic year"},"content":{"rendered":"\n<div class=\"wp-container-3 wp-block-columns has-background\" style=\"background-color:#f1f1f1\">\n<div class=\"wp-container-1 wp-block-column\">\n<figure class=\"wp-block-image size-full\"><img width=\"700\" height=\"700\" src=\"https:\/\/www.investincotedazur.com\/wp-content\/uploads\/2024\/05\/ecoles-iconic-nice-inauguration.png\" alt=\"ecoles iconic nice inauguration\" class=\"wp-image-20800\" srcset=\"https:\/\/www.investincotedazur.com\/wp-content\/uploads\/2024\/05\/ecoles-iconic-nice-inauguration.png 700w, https:\/\/www.investincotedazur.com\/wp-content\/uploads\/2024\/05\/ecoles-iconic-nice-inauguration-300x300.png 300w, https:\/\/www.investincotedazur.com\/wp-content\/uploads\/2024\/05\/ecoles-iconic-nice-inauguration-150x150.png 150w\" sizes=\"(max-width: 700px) 100vw, 700px\" \/><\/figure>\n<\/div>\n\n\n\n<div class=\"wp-container-2 wp-block-column\" style=\"flex-basis:800px\">\n<ul class=\"has-medium-font-size\"><li><strong>Inauguration officielle le 17 octobre 2024 :<\/strong> Les \u00e9coles Sup\u2019de Com, IDRAC Business School, ILERI et les BTS d\u2019Aurlom ouvrent leurs portes au sein du b\u00e2timent Iconic, marquant une \u00e9tape importante pour l&#8217;enseignement sup\u00e9rieur \u00e0 Nice.<\/li><li><strong>Doublement du nombre d&#8217;\u00e9tudiants en 15 ans :<\/strong> La politique d&#8217;attractivit\u00e9 men\u00e9e depuis 2008 a permis de faire passer le nombre d&#8217;\u00e9tudiants de 25 000 \u00e0 50 000, avec 1 000 \u00e9tudiants d\u00e9j\u00e0 pr\u00e9sents \u00e0 Iconic.<\/li><li><strong>Un campus urbain interconnect\u00e9 : <\/strong>Situ\u00e9 au c\u0153ur de Nice, Iconic est parfaitement desservi par les lignes de tramway et le r\u00e9seau TER, offrant aux \u00e9tudiants un acc\u00e8s facile aux infrastructures ultramodernes du site.<\/li><\/ul>\n<\/div>\n<\/div>\n\n<h2>Un projet d\u2019attractivit\u00e9 \u00e9conomique mat\u00e9rialis\u00e9 par iconic<\/h2>\n\n<p class=\"has-medium-font-size\">Depuis 2008, Nice a mis en \u0153uvre une strat\u00e9gie ambitieuse pour renforcer son attractivit\u00e9 \u00e9conomique et acad\u00e9mique. <\/p>\n\n<p class=\"has-medium-font-size\">Cette politique a port\u00e9 ses fruits : le nombre d\u2019\u00e9tudiants sur le territoire ni\u00e7ois a doubl\u00e9 en 15 ans, passant de 25 000 \u00e0 50 000, gr\u00e2ce notamment \u00e0 l&#8217;arriv\u00e9e de grandes \u00e9coles et de programmes de formation sup\u00e9rieure. <\/p>\n\n<p class=\"has-medium-font-size\"><strong>L&#8217;inauguration officielle des \u00e9coles au sein du b\u00e2timent Iconic le 17 octobre 2024<\/strong> symbolise ce dynamisme et marque une nouvelle \u00e9tape dans le d\u00e9veloppement de l&#8217;<a href=\"https:\/\/www.investincotedazur.com\/universite-cote-dazur-attractivite\/\">enseignement sup\u00e9rieur \u00e0 Nice<\/a>.<\/p>\n\n<p class=\"has-medium-font-size\">La c\u00e9r\u00e9monie s&#8217;est d\u00e9roul\u00e9e en pr\u00e9sence de <strong>Christian Estrosi, maire de Nice et pr\u00e9sident de la M\u00e9tropole Nice C\u00f4te d&#8217;Azur<\/strong>, aux c\u00f4t\u00e9s de<strong> Frank Attelan, fondateur d&#8217;Aurlom, et de Thomas Legrain, directeur g\u00e9n\u00e9ral de Comp\u00e9tences et D\u00e9veloppement<\/strong>, ainsi que des membres du Conseil municipal.<\/p>\n\n<p class=\"has-medium-font-size\">Ce moment repr\u00e9sente l&#8217;aboutissement d&#8217;un projet qui vise \u00e0 consolider Nice comme un p\u00f4le d&#8217;excellence \u00e9ducative sur la C\u00f4te d\u2019Azur.<\/p>\n\n<div style=\"height:100px\" aria-hidden=\"true\" class=\"wp-block-spacer\"><\/div>\n\n<h2>Iconic : un campus au c\u0153ur de la ville<\/h2>\n\n<p class=\"has-medium-font-size\">L&#8217;int\u00e9gration des \u00e9coles <strong>Sup\u2019de Com, IDRAC Business School, ILERI <\/strong>et des <strong>BTS d\u2019Aurlom<\/strong> au sein du complexe Iconic r\u00e9pond \u00e0 une strat\u00e9gie de d\u00e9veloppement urbain visant \u00e0 rapprocher les institutions \u00e9ducatives du centre-ville. <\/p>\n\n<p class=\"has-medium-font-size\">Situ\u00e9 dans un emplacement privil\u00e9gi\u00e9, le b\u00e2timent offre une accessibilit\u00e9 accrue gr\u00e2ce \u00e0 deux lignes de tramway et au r\u00e9seau TER, facilitant les d\u00e9placements des \u00e9tudiants sur l&#8217;ensemble du territoire ni\u00e7ois et azur\u00e9en.<\/p>\n\n<p class=\"has-medium-font-size\">Ce nouveau campus urbain est con\u00e7u pour r\u00e9pondre aux besoins d&#8217;une g\u00e9n\u00e9ration d&#8217;\u00e9tudiants en qu\u00eate de commodit\u00e9s modernes. <\/p>\n\n<p class=\"has-medium-font-size\">Les infrastructures disponibles sur le site \u2013 salles de classe \u00e9quip\u00e9es des derni\u00e8res technologies, espaces de co-working, et acc\u00e8s \u00e0 des services vari\u00e9s \u2013 cr\u00e9ent un environnement d\u2019apprentissage optimal.<\/p>\n\n<p class=\"has-medium-font-size\">Cette implantation strat\u00e9gique permet \u00e9galement de renforcer les liens entre le monde acad\u00e9mique et les acteurs \u00e9conomiques locaux, favorisant les interactions et les opportunit\u00e9s professionnelles pour les \u00e9tudiants.<\/p>\n\n<p class=\"has-medium-font-size\">Iconic, con\u00e7u par l&#8217;architecte Daniel Libeskind, repr\u00e9sente un projet architectural majeur sur la C\u00f4te d&#8217;Azur. Ce b\u00e2timent multifonctionnel de 20 000 m\u00e8tres carr\u00e9s h\u00e9berge non seulement des espaces \u00e9ducatifs <a href=\"https:\/\/www.investincotedazur.com\/uniqlo-monoprix-iconic-nice\/\">mais aussi des bureaux, une salle de spectacles<\/a>, <a href=\"https:\/\/www.investincotedazur.com\/hilton-double-tree-iconic-nice\/\">un h\u00f4tel<\/a>, et un p\u00f4le de restauration.<\/p>\n\n<p class=\"has-medium-font-size\">Its modern design and mixed functionality meet contemporary urban development criteria, incorporating advanced design elements and planning that encourages interaction between the different uses of the building. <\/p>\n\n<div style=\"height:62px\" aria-hidden=\"true\" class=\"wp-block-spacer\"><\/div>\n\n<h2>Un centre \u00e9ducatif d\u2019excellence avec une offre diversifi\u00e9e<\/h2>\n\n<p class=\"has-medium-font-size\">Les quatre \u00e9tablissements pr\u00e9sents \u00e0 Iconic apportent une diversit\u00e9 de formations qui enrichit le paysage \u00e9ducatif de Nice. Sup\u2019de Com, sp\u00e9cialis\u00e9e dans les m\u00e9tiers de la communication, et IDRAC Business School, \u00e9cole de commerce reconnue, compl\u00e8tent leurs offres respectives par des cursus allant du Bac+2 au Mast\u00e8re sp\u00e9cialis\u00e9. <\/p>\n\n<p class=\"has-medium-font-size\">L\u2019Institut Libre d\u2019\u00c9tude des Relations Internationales (ILERI) propose quant \u00e0 lui des formations ax\u00e9es sur les relations internationales et la cybers\u00e9curit\u00e9, r\u00e9pondant \u00e0 une demande croissante pour des comp\u00e9tences dans les domaines strat\u00e9giques de la d\u00e9fense et de la gestion des risques.<\/p>\n\n<p class=\"has-medium-font-size\">En int\u00e9grant les BTS du groupe Aurlom, le campus d\u2019Iconic \u00e9largit encore l\u2019\u00e9ventail des options de formation, offrant aux \u00e9tudiants des parcours vari\u00e9s et adapt\u00e9s aux besoins du march\u00e9. <\/p>\n\n<p class=\"has-medium-font-size\">Cette diversit\u00e9 permet de former des profils r\u00e9pondant aux exigences de secteurs d\u2019activit\u00e9 en pleine transformation, et renforce l\u2019attractivit\u00e9 de Nice comme destination d&#8217;\u00e9tudes.<\/p>\n\n<div style=\"height:100px\" aria-hidden=\"true\" class=\"wp-block-spacer\"><\/div>\n\n<hr class=\"wp-block-separator has-text-color has-vivid-cyan-blue-color has-alpha-channel-opacity has-vivid-cyan-blue-background-color has-background\"\/>\n\n<h2 class=\"has-vivid-cyan-blue-color has-text-color\">Higher education Nice C\u00f4te d&#8217;Azur<\/h2>\n<ul class=\"wp-block-latest-posts__list is-grid columns-2 wp-block-latest-posts\"><li><div class=\"wp-block-latest-posts__featured-image alignleft\"><img width=\"150\" height=\"150\" src=\"https:\/\/www.investincotedazur.com\/wp-content\/uploads\/2026\/01\/nice-5eme-ville-de-france-150x150.jpg\" class=\"attachment-thumbnail size-thumbnail wp-post-image\" alt=\"nice 5eme ville de france\" style=\"max-width:50px;\" loading=\"lazy\" srcset=\"https:\/\/www.investincotedazur.com\/wp-content\/uploads\/2026\/01\/nice-5eme-ville-de-france-150x150.jpg 150w, https:\/\/www.investincotedazur.com\/wp-content\/uploads\/2026\/01\/nice-5eme-ville-de-france-300x300.jpg 300w, https:\/\/www.investincotedazur.com\/wp-content\/uploads\/2026\/01\/nice-5eme-ville-de-france.jpg 700w\" sizes=\"(max-width: 150px) 100vw, 150px\" \/><\/div><a class=\"wp-block-latest-posts__post-title\" href=\"https:\/\/www.investincotedazur.com\/en\/nice-5th-largest-city-in-france-by-population\/\">Nice, 5th largest city in France by population<\/a><\/li>\n<li><div class=\"wp-block-latest-posts__featured-image alignleft\"><img width=\"150\" height=\"150\" src=\"https:\/\/www.investincotedazur.com\/wp-content\/uploads\/2025\/11\/conference-de-presse-CHU-DE-NICE-Bourret-Levraut-Dellamonica-Lagorce-Carles-Contenti-scaled-1-150x150.jpg\" class=\"attachment-thumbnail size-thumbnail wp-post-image\" alt=\"conference-de-presse-CHU-DE-NICE-Bourret-Levraut-Dellamonica-Lagorce-Carles-Contenti-scaled\" style=\"max-width:50px;\" loading=\"lazy\" srcset=\"https:\/\/www.investincotedazur.com\/wp-content\/uploads\/2025\/11\/conference-de-presse-CHU-DE-NICE-Bourret-Levraut-Dellamonica-Lagorce-Carles-Contenti-scaled-1-150x150.jpg 150w, https:\/\/www.investincotedazur.com\/wp-content\/uploads\/2025\/11\/conference-de-presse-CHU-DE-NICE-Bourret-Levraut-Dellamonica-Lagorce-Carles-Contenti-scaled-1-700x700.jpg 700w\" sizes=\"(max-width: 150px) 100vw, 150px\" \/><\/div><a class=\"wp-block-latest-posts__post-title\" href=\"https:\/\/www.investincotedazur.com\/en\/nice-university-hospital-chu-a-living-laboratory-of-hospital-transformation\/\">Nice University Hospital (CHU): a living laboratory of hospital transformation<\/a><\/li>\n<li><div class=\"wp-block-latest-posts__featured-image alignleft\"><img width=\"150\" height=\"150\" src=\"https:\/\/www.investincotedazur.com\/wp-content\/uploads\/2025\/11\/investincotedazur-2025-11-07T130718.994-150x150.jpg\" class=\"attachment-thumbnail size-thumbnail wp-post-image\" alt=\"\" style=\"max-width:50px;\" loading=\"lazy\" srcset=\"https:\/\/www.investincotedazur.com\/wp-content\/uploads\/2025\/11\/investincotedazur-2025-11-07T130718.994-150x150.jpg 150w, https:\/\/www.investincotedazur.com\/wp-content\/uploads\/2025\/11\/investincotedazur-2025-11-07T130718.994-300x300.jpg 300w, https:\/\/www.investincotedazur.com\/wp-content\/uploads\/2025\/11\/investincotedazur-2025-11-07T130718.994.jpg 700w\" sizes=\"(max-width: 150px) 100vw, 150px\" \/><\/div><a class=\"wp-block-latest-posts__post-title\" href=\"https:\/\/www.investincotedazur.com\/en\/universite-cote-dazur-60-years-of-territorial-anchoring-and-innovation\/\">Universit\u00e9 C\u00f4te d\u2019Azur: 60 years of territorial anchoring and innovation<\/a><\/li>\n<li><div class=\"wp-block-latest-posts__featured-image alignleft\"><img width=\"150\" height=\"150\" src=\"https:\/\/www.investincotedazur.com\/wp-content\/uploads\/2025\/09\/enseignement-superieur-nice-150x150.jpg\" class=\"attachment-thumbnail size-thumbnail wp-post-image\" alt=\"enseignement sup\u00e9rieur nice\" style=\"max-width:50px;\" loading=\"lazy\" srcset=\"https:\/\/www.investincotedazur.com\/wp-content\/uploads\/2025\/09\/enseignement-superieur-nice-150x150.jpg 150w, https:\/\/www.investincotedazur.com\/wp-content\/uploads\/2025\/09\/enseignement-superieur-nice-700x700.jpg 700w\" sizes=\"(max-width: 150px) 100vw, 150px\" \/><\/div><a class=\"wp-block-latest-posts__post-title\" href=\"https:\/\/www.investincotedazur.com\/en\/higher-education-in-nice-a-structured-development-strategy\/\">Higher education in Nice: a structured development strategy<\/a><\/li>\n<li><div class=\"wp-block-latest-posts__featured-image alignleft\"><img width=\"150\" height=\"150\" src=\"https:\/\/www.investincotedazur.com\/wp-content\/uploads\/2025\/07\/rentree-universite-cote-dazur-150x150.jpg\" class=\"attachment-thumbnail size-thumbnail wp-post-image\" alt=\"rentr\u00e9e universite cote dazur\" style=\"max-width:50px;\" loading=\"lazy\" srcset=\"https:\/\/www.investincotedazur.com\/wp-content\/uploads\/2025\/07\/rentree-universite-cote-dazur-150x150.jpg 150w, https:\/\/www.investincotedazur.com\/wp-content\/uploads\/2025\/07\/rentree-universite-cote-dazur-300x300.jpg 300w, https:\/\/www.investincotedazur.com\/wp-content\/uploads\/2025\/07\/rentree-universite-cote-dazur.jpg 700w\" sizes=\"(max-width: 150px) 100vw, 150px\" \/><\/div><a class=\"wp-block-latest-posts__post-title\" href=\"https:\/\/www.investincotedazur.com\/en\/back-to-school-2025-at-universite-cote-dazur\/\">Back-to-school 2025 at Universit\u00e9 C\u00f4te d\u2019Azur<\/a><\/li>\n<li><div class=\"wp-block-latest-posts__featured-image alignleft\"><img width=\"150\" height=\"150\" src=\"https:\/\/www.investincotedazur.com\/wp-content\/uploads\/2025\/06\/faculte-pharmacie-nice-150x150.jpg\" class=\"attachment-thumbnail size-thumbnail wp-post-image\" alt=\"faculte-pharmacie-nice\" style=\"max-width:50px;\" loading=\"lazy\" srcset=\"https:\/\/www.investincotedazur.com\/wp-content\/uploads\/2025\/06\/faculte-pharmacie-nice-150x150.jpg 150w, https:\/\/www.investincotedazur.com\/wp-content\/uploads\/2025\/06\/faculte-pharmacie-nice-300x300.jpg 300w, https:\/\/www.investincotedazur.com\/wp-content\/uploads\/2025\/06\/faculte-pharmacie-nice.jpg 700w\" sizes=\"(max-width: 150px) 100vw, 150px\" \/><\/div><a class=\"wp-block-latest-posts__post-title\" href=\"https:\/\/www.investincotedazur.com\/en\/universite-cote-dazur-to-open-a-pharmacy-department\/\">Nice welcomes its first faculty of pharmacy: a major step forward for health education on the C\u00f4te d\u2019Azur.<\/a><\/li>\n<li><div class=\"wp-block-latest-posts__featured-image alignleft\"><img width=\"150\" height=\"150\" src=\"https:\/\/www.investincotedazur.com\/wp-content\/uploads\/2025\/06\/Copie-de-investincotedazur-59-150x150.png\" class=\"attachment-thumbnail size-thumbnail wp-post-image\" alt=\"Nice Ville \u00e9tudiante\" style=\"max-width:50px;\" loading=\"lazy\" srcset=\"https:\/\/www.investincotedazur.com\/wp-content\/uploads\/2025\/06\/Copie-de-investincotedazur-59-150x150.png 150w, https:\/\/www.investincotedazur.com\/wp-content\/uploads\/2025\/06\/Copie-de-investincotedazur-59-700x700.png 700w\" sizes=\"(max-width: 150px) 100vw, 150px\" \/><\/div><a class=\"wp-block-latest-posts__post-title\" href=\"https:\/\/www.investincotedazur.com\/en\/nice-climbs-15-places-in-the-student-city-ranking-by-letudiant-magazine\/\">Nice climbs 15 places in the student city ranking by L\u2019\u00c9tudiant magazine<\/a><\/li>\n<li><div class=\"wp-block-latest-posts__featured-image alignleft\"><img width=\"150\" height=\"150\" src=\"https:\/\/www.investincotedazur.com\/wp-content\/uploads\/2022\/08\/land-your-business-nice-cote-dazur-1024x1024-1-150x150.png\" class=\"attachment-thumbnail size-thumbnail wp-post-image\" alt=\"\" style=\"max-width:50px;\" loading=\"lazy\" srcset=\"https:\/\/www.investincotedazur.com\/wp-content\/uploads\/2022\/08\/land-your-business-nice-cote-dazur-1024x1024-1-150x150.png 150w, https:\/\/www.investincotedazur.com\/wp-content\/uploads\/2022\/08\/land-your-business-nice-cote-dazur-1024x1024-1-300x300.png 300w, https:\/\/www.investincotedazur.com\/wp-content\/uploads\/2022\/08\/land-your-business-nice-cote-dazur-1024x1024-1.png 1024w, https:\/\/www.investincotedazur.com\/wp-content\/uploads\/2022\/08\/land-your-business-nice-cote-dazur-1024x1024-1-768x768.png 768w, https:\/\/www.investincotedazur.com\/wp-content\/uploads\/2022\/08\/land-your-business-nice-cote-dazur-1024x1024-1-700x700.png 700w\" sizes=\"(max-width: 150px) 100vw, 150px\" \/><\/div><a class=\"wp-block-latest-posts__post-title\" href=\"https:\/\/www.investincotedazur.com\/en\/business-landing-nice-cote-dazur-support-for-business-set-up-in-france\/\">Business Landing Nice C\u00f4te d&#8217;Azur: Support for business set up in France<\/a><\/li>\n<li><div class=\"wp-block-latest-posts__featured-image alignleft\"><img width=\"150\" height=\"150\" src=\"https:\/\/www.investincotedazur.com\/wp-content\/uploads\/2025\/04\/investincotedazur-1-150x150.png\" class=\"attachment-thumbnail size-thumbnail wp-post-image\" alt=\"Recherche US Universit\u00e9 Cote d&#039;Azur\" style=\"max-width:50px;\" loading=\"lazy\" srcset=\"https:\/\/www.investincotedazur.com\/wp-content\/uploads\/2025\/04\/investincotedazur-1-150x150.png 150w, https:\/\/www.investincotedazur.com\/wp-content\/uploads\/2025\/04\/investincotedazur-1-300x300.png 300w, https:\/\/www.investincotedazur.com\/wp-content\/uploads\/2025\/04\/investincotedazur-1.png 700w\" sizes=\"(max-width: 150px) 100vw, 150px\" \/><\/div><a class=\"wp-block-latest-posts__post-title\" href=\"https:\/\/www.investincotedazur.com\/en\/universite-cote-dazur-structures-its-welcome-for-american-scientists\/\">Universit\u00e9 C\u00f4te d&#8217;Azur structures its welcome for American scientists<\/a><\/li>\n<li><div class=\"wp-block-latest-posts__featured-image alignleft\"><img width=\"150\" height=\"150\" src=\"https:\/\/www.investincotedazur.com\/wp-content\/uploads\/2025\/01\/INPHYNI-Nice-Meridia-150x150.jpg\" class=\"attachment-thumbnail size-thumbnail wp-post-image\" alt=\"INPHYNI Nice Meridia\" style=\"max-width:50px;\" loading=\"lazy\" srcset=\"https:\/\/www.investincotedazur.com\/wp-content\/uploads\/2025\/01\/INPHYNI-Nice-Meridia-150x150.jpg 150w, https:\/\/www.investincotedazur.com\/wp-content\/uploads\/2025\/01\/INPHYNI-Nice-Meridia-300x300.jpg 300w, https:\/\/www.investincotedazur.com\/wp-content\/uploads\/2025\/01\/INPHYNI-Nice-Meridia.jpg 700w\" sizes=\"(max-width: 150px) 100vw, 150px\" \/><\/div><a class=\"wp-block-latest-posts__post-title\" href=\"https:\/\/www.investincotedazur.com\/en\/institut-de-physique-de-nice-inphyni-a-center-of-excellence-at-the-heart-of-nice-meridia\/\">Institut de Physique de Nice (INPHYNI): A Center of Excellence at the Heart of Nice M\u00e9ridia<\/a><\/li>\n<\/ul>","protected":false},"excerpt":{"rendered":"<p>Inauguration officielle le 17 octobre 2024 : Les \u00e9coles Sup\u2019de Com, IDRAC Business School, ILERI et les BTS d\u2019Aurlom ouvrent leurs portes au sein du b\u00e2timent Iconic, marquant une \u00e9tape importante pour l&#8217;enseignement sup\u00e9rieur \u00e0 Nice. Doublement du nombre d&#8217;\u00e9tudiants en 15 ans : La politique d&#8217;attractivit\u00e9 men\u00e9e depuis 2008 a permis de faire passer [&hellip;]<\/p>\n","protected":false},"author":14,"featured_media":19258,"comment_status":"closed","ping_status":"closed","sticky":false,"template":"","format":"standard","meta":{"_mi_skip_tracking":false,"_monsterinsights_sitenote_active":false,"_monsterinsights_sitenote_note":"","_monsterinsights_sitenote_category":0},"categories":[94,102],"tags":[],"acf":[],"yoast_head":"<!-- This site is optimized with the Yoast SEO plugin v19.12 - https:\/\/yoast.com\/wordpress\/plugins\/seo\/ -->\n<title>Three schools join the Iconic building in Nice - Invest in C\u00f4te d&#039;Azur<\/title>\n<meta name=\"description\" content=\"Three major educational institutions, Sup&#039;de Com, IDRAC, and ILERI, are moving to Iconic Nice, enriching the city&#039;s academic offerings.\" \/>\n<meta name=\"robots\" content=\"index, follow, max-snippet:-1, max-image-preview:large, max-video-preview:-1\" \/>\n<link rel=\"canonical\" href=\"https:\/\/www.investincotedazur.com\/en\/iconic-welcomes-three-schools-from-the-2024-academic-year\/\" \/>\n<meta property=\"og:locale\" content=\"en_US\" \/>\n<meta property=\"og:type\" content=\"article\" \/>\n<meta property=\"og:title\" content=\"Three schools join the Iconic building in Nice - Invest in C\u00f4te d&#039;Azur\" \/>\n<meta property=\"og:description\" content=\"Three major educational institutions, Sup&#039;de Com, IDRAC, and ILERI, are moving to Iconic Nice, enriching the city&#039;s academic offerings.\" \/>\n<meta property=\"og:url\" content=\"https:\/\/www.investincotedazur.com\/en\/iconic-welcomes-three-schools-from-the-2024-academic-year\/\" \/>\n<meta property=\"og:site_name\" content=\"Invest in C\u00f4te d&#039;Azur\" \/>\n<meta property=\"article:published_time\" content=\"2024-11-08T11:24:00+00:00\" \/>\n<meta property=\"article:modified_time\" content=\"2024-10-17T09:32:33+00:00\" \/>\n<meta property=\"og:image\" content=\"https:\/\/www.investincotedazur.com\/wp-content\/uploads\/2024\/05\/iconic-ecole-nice.png\" \/>\n\t<meta property=\"og:image:width\" content=\"700\" \/>\n\t<meta property=\"og:image:height\" content=\"700\" \/>\n\t<meta property=\"og:image:type\" content=\"image\/png\" \/>\n<meta name=\"author\" content=\"Jose Perez Gabarron\" \/>\n<meta name=\"twitter:card\" content=\"summary_large_image\" \/>\n<meta name=\"twitter:creator\" content=\"@Investcotedazur\" \/>\n<meta name=\"twitter:site\" content=\"@Investcotedazur\" \/>\n<meta name=\"twitter:label1\" content=\"Written by\" \/>\n\t<meta name=\"twitter:data1\" content=\"Jose Perez Gabarron\" \/>\n\t<meta name=\"twitter:label2\" content=\"Est. reading time\" \/>\n\t<meta name=\"twitter:data2\" content=\"2 minutes\" \/>\n<script type=\"application\/ld+json\" class=\"yoast-schema-graph\">{\"@context\":\"https:\/\/schema.org\",\"@graph\":[{\"@type\":\"Article\",\"@id\":\"https:\/\/www.investincotedazur.com\/en\/iconic-welcomes-three-schools-from-the-2024-academic-year\/#article\",\"isPartOf\":{\"@id\":\"https:\/\/www.investincotedazur.com\/en\/iconic-welcomes-three-schools-from-the-2024-academic-year\/\"},\"author\":{\"name\":\"Jose Perez Gabarron\",\"@id\":\"https:\/\/www.investincotedazur.com\/en\/#\/schema\/person\/ebbeede4229d29e0861488f2bd1036d9\"},\"headline\":\"Iconic welcomes three schools from the 2024 academic year\",\"datePublished\":\"2024-11-08T11:24:00+00:00\",\"dateModified\":\"2024-10-17T09:32:33+00:00\",\"mainEntityOfPage\":{\"@id\":\"https:\/\/www.investincotedazur.com\/en\/iconic-welcomes-three-schools-from-the-2024-academic-year\/\"},\"wordCount\":715,\"publisher\":{\"@id\":\"https:\/\/www.investincotedazur.com\/en\/#organization\"},\"articleSection\":[\"Higher Education\",\"Nice C\u00f4te d'Azur Metropolis\"],\"inLanguage\":\"en-US\"},{\"@type\":\"WebPage\",\"@id\":\"https:\/\/www.investincotedazur.com\/en\/iconic-welcomes-three-schools-from-the-2024-academic-year\/\",\"url\":\"https:\/\/www.investincotedazur.com\/en\/iconic-welcomes-three-schools-from-the-2024-academic-year\/\",\"name\":\"Three schools join the Iconic building in Nice - Invest in C\u00f4te d&#039;Azur\",\"isPartOf\":{\"@id\":\"https:\/\/www.investincotedazur.com\/en\/#website\"},\"datePublished\":\"2024-11-08T11:24:00+00:00\",\"dateModified\":\"2024-10-17T09:32:33+00:00\",\"description\":\"Three major educational institutions, Sup'de Com, IDRAC, and ILERI, are moving to Iconic Nice, enriching the city's academic offerings.\",\"inLanguage\":\"en-US\",\"potentialAction\":[{\"@type\":\"ReadAction\",\"target\":[\"https:\/\/www.investincotedazur.com\/en\/iconic-welcomes-three-schools-from-the-2024-academic-year\/\"]}]},{\"@type\":\"WebSite\",\"@id\":\"https:\/\/www.investincotedazur.com\/en\/#website\",\"url\":\"https:\/\/www.investincotedazur.com\/en\/\",\"name\":\"Invest in C\u00f4te d'Azur\",\"description\":\"\",\"publisher\":{\"@id\":\"https:\/\/www.investincotedazur.com\/en\/#organization\"},\"alternateName\":\"Invest in C\u00f4te d'Azur\",\"potentialAction\":[{\"@type\":\"SearchAction\",\"target\":{\"@type\":\"EntryPoint\",\"urlTemplate\":\"https:\/\/www.investincotedazur.com\/en\/?s={search_term_string}\"},\"query-input\":\"required name=search_term_string\"}],\"inLanguage\":\"en-US\"},{\"@type\":\"Organization\",\"@id\":\"https:\/\/www.investincotedazur.com\/en\/#organization\",\"name\":\"Invest in C\u00f4te d'Azur\",\"alternateName\":\"Invest in C\u00f4te d'Azur\",\"url\":\"https:\/\/www.investincotedazur.com\/en\/\",\"logo\":{\"@type\":\"ImageObject\",\"inLanguage\":\"en-US\",\"@id\":\"https:\/\/www.investincotedazur.com\/en\/#\/schema\/logo\/image\/\",\"url\":\"https:\/\/www.investincotedazur.com\/wp-content\/uploads\/2023\/05\/cropped-New-missions-3.png\",\"contentUrl\":\"https:\/\/www.investincotedazur.com\/wp-content\/uploads\/2023\/05\/cropped-New-missions-3.png\",\"width\":512,\"height\":512,\"caption\":\"Invest in C\u00f4te d'Azur\"},\"image\":{\"@id\":\"https:\/\/www.investincotedazur.com\/en\/#\/schema\/logo\/image\/\"},\"sameAs\":[\"https:\/\/www.linkedin.com\/company\/investincotedazur\/\",\"https:\/\/twitter.com\/Investcotedazur\"]},{\"@type\":\"Person\",\"@id\":\"https:\/\/www.investincotedazur.com\/en\/#\/schema\/person\/ebbeede4229d29e0861488f2bd1036d9\",\"name\":\"Jose Perez Gabarron\",\"image\":{\"@type\":\"ImageObject\",\"inLanguage\":\"en-US\",\"@id\":\"https:\/\/www.investincotedazur.com\/en\/#\/schema\/person\/image\/\",\"url\":\"https:\/\/secure.gravatar.com\/avatar\/20ec9e74f48620b8ee4253da6b114950?s=96&d=mm&r=g\",\"contentUrl\":\"https:\/\/secure.gravatar.com\/avatar\/20ec9e74f48620b8ee4253da6b114950?s=96&d=mm&r=g\",\"caption\":\"Jose Perez Gabarron\"}}]}<\/script>\n<!-- \/ Yoast SEO plugin. -->","yoast_head_json":{"title":"Three schools join the Iconic building in Nice - Invest in C\u00f4te d&#039;Azur","description":"Three major educational institutions, Sup'de Com, IDRAC, and ILERI, are moving to Iconic Nice, enriching the city's academic offerings.","robots":{"index":"index","follow":"follow","max-snippet":"max-snippet:-1","max-image-preview":"max-image-preview:large","max-video-preview":"max-video-preview:-1"},"canonical":"https:\/\/www.investincotedazur.com\/en\/iconic-welcomes-three-schools-from-the-2024-academic-year\/","og_locale":"en_US","og_type":"article","og_title":"Three schools join the Iconic building in Nice - Invest in C\u00f4te d&#039;Azur","og_description":"Three major educational institutions, Sup'de Com, IDRAC, and ILERI, are moving to Iconic Nice, enriching the city's academic offerings.","og_url":"https:\/\/www.investincotedazur.com\/en\/iconic-welcomes-three-schools-from-the-2024-academic-year\/","og_site_name":"Invest in C\u00f4te d&#039;Azur","article_published_time":"2024-11-08T11:24:00+00:00","article_modified_time":"2024-10-17T09:32:33+00:00","og_image":[{"width":700,"height":700,"url":"https:\/\/www.investincotedazur.com\/wp-content\/uploads\/2024\/05\/iconic-ecole-nice.png","type":"image\/png"}],"author":"Jose Perez Gabarron","twitter_card":"summary_large_image","twitter_creator":"@Investcotedazur","twitter_site":"@Investcotedazur","twitter_misc":{"Written by":"Jose Perez Gabarron","Est. reading time":"2 minutes"},"schema":{"@context":"https:\/\/schema.org","@graph":[{"@type":"Article","@id":"https:\/\/www.investincotedazur.com\/en\/iconic-welcomes-three-schools-from-the-2024-academic-year\/#article","isPartOf":{"@id":"https:\/\/www.investincotedazur.com\/en\/iconic-welcomes-three-schools-from-the-2024-academic-year\/"},"author":{"name":"Jose Perez Gabarron","@id":"https:\/\/www.investincotedazur.com\/en\/#\/schema\/person\/ebbeede4229d29e0861488f2bd1036d9"},"headline":"Iconic welcomes three schools from the 2024 academic year","datePublished":"2024-11-08T11:24:00+00:00","dateModified":"2024-10-17T09:32:33+00:00","mainEntityOfPage":{"@id":"https:\/\/www.investincotedazur.com\/en\/iconic-welcomes-three-schools-from-the-2024-academic-year\/"},"wordCount":715,"publisher":{"@id":"https:\/\/www.investincotedazur.com\/en\/#organization"},"articleSection":["Higher Education","Nice C\u00f4te d'Azur Metropolis"],"inLanguage":"en-US"},{"@type":"WebPage","@id":"https:\/\/www.investincotedazur.com\/en\/iconic-welcomes-three-schools-from-the-2024-academic-year\/","url":"https:\/\/www.investincotedazur.com\/en\/iconic-welcomes-three-schools-from-the-2024-academic-year\/","name":"Three schools join the Iconic building in Nice - Invest in C\u00f4te d&#039;Azur","isPartOf":{"@id":"https:\/\/www.investincotedazur.com\/en\/#website"},"datePublished":"2024-11-08T11:24:00+00:00","dateModified":"2024-10-17T09:32:33+00:00","description":"Three major educational institutions, Sup'de Com, IDRAC, and ILERI, are moving to Iconic Nice, enriching the city's academic offerings.","inLanguage":"en-US","potentialAction":[{"@type":"ReadAction","target":["https:\/\/www.investincotedazur.com\/en\/iconic-welcomes-three-schools-from-the-2024-academic-year\/"]}]},{"@type":"WebSite","@id":"https:\/\/www.investincotedazur.com\/en\/#website","url":"https:\/\/www.investincotedazur.com\/en\/","name":"Invest in C\u00f4te d'Azur","description":"","publisher":{"@id":"https:\/\/www.investincotedazur.com\/en\/#organization"},"alternateName":"Invest in C\u00f4te d'Azur","potentialAction":[{"@type":"SearchAction","target":{"@type":"EntryPoint","urlTemplate":"https:\/\/www.investincotedazur.com\/en\/?s={search_term_string}"},"query-input":"required name=search_term_string"}],"inLanguage":"en-US"},{"@type":"Organization","@id":"https:\/\/www.investincotedazur.com\/en\/#organization","name":"Invest in C\u00f4te d'Azur","alternateName":"Invest in C\u00f4te d'Azur","url":"https:\/\/www.investincotedazur.com\/en\/","logo":{"@type":"ImageObject","inLanguage":"en-US","@id":"https:\/\/www.investincotedazur.com\/en\/#\/schema\/logo\/image\/","url":"https:\/\/www.investincotedazur.com\/wp-content\/uploads\/2023\/05\/cropped-New-missions-3.png","contentUrl":"https:\/\/www.investincotedazur.com\/wp-content\/uploads\/2023\/05\/cropped-New-missions-3.png","width":512,"height":512,"caption":"Invest in C\u00f4te d'Azur"},"image":{"@id":"https:\/\/www.investincotedazur.com\/en\/#\/schema\/logo\/image\/"},"sameAs":["https:\/\/www.linkedin.com\/company\/investincotedazur\/","https:\/\/twitter.com\/Investcotedazur"]},{"@type":"Person","@id":"https:\/\/www.investincotedazur.com\/en\/#\/schema\/person\/ebbeede4229d29e0861488f2bd1036d9","name":"Jose Perez Gabarron","image":{"@type":"ImageObject","inLanguage":"en-US","@id":"https:\/\/www.investincotedazur.com\/en\/#\/schema\/person\/image\/","url":"https:\/\/secure.gravatar.com\/avatar\/20ec9e74f48620b8ee4253da6b114950?s=96&d=mm&r=g","contentUrl":"https:\/\/secure.gravatar.com\/avatar\/20ec9e74f48620b8ee4253da6b114950?s=96&d=mm&r=g","caption":"Jose Perez Gabarron"}}]}},"_links":{"self":[{"href":"https:\/\/www.investincotedazur.com\/en\/wp-json\/wp\/v2\/posts\/19573"}],"collection":[{"href":"https:\/\/www.investincotedazur.com\/en\/wp-json\/wp\/v2\/posts"}],"about":[{"href":"https:\/\/www.investincotedazur.com\/en\/wp-json\/wp\/v2\/types\/post"}],"author":[{"embeddable":true,"href":"https:\/\/www.investincotedazur.com\/en\/wp-json\/wp\/v2\/users\/14"}],"replies":[{"embeddable":true,"href":"https:\/\/www.investincotedazur.com\/en\/wp-json\/wp\/v2\/comments?post=19573"}],"version-history":[{"count":3,"href":"https:\/\/www.investincotedazur.com\/en\/wp-json\/wp\/v2\/posts\/19573\/revisions"}],"predecessor-version":[{"id":20807,"href":"https:\/\/www.investincotedazur.com\/en\/wp-json\/wp\/v2\/posts\/19573\/revisions\/20807"}],"wp:featuredmedia":[{"embeddable":true,"href":"https:\/\/www.investincotedazur.com\/en\/wp-json\/wp\/v2\/media\/19258"}],"wp:attachment":[{"href":"https:\/\/www.investincotedazur.com\/en\/wp-json\/wp\/v2\/media?parent=19573"}],"wp:term":[{"taxonomy":"category","embeddable":true,"href":"https:\/\/www.investincotedazur.com\/en\/wp-json\/wp\/v2\/categories?post=19573"},{"taxonomy":"post_tag","embeddable":true,"href":"https:\/\/www.investincotedazur.com\/en\/wp-json\/wp\/v2\/tags?post=19573"}],"curies":[{"name":"wp","href":"https:\/\/api.w.org\/{rel}","templated":true}]}}