{"id":19456,"date":"2024-05-30T11:10:31","date_gmt":"2024-05-30T09:10:31","guid":{"rendered":"https:\/\/www.investincotedazur.com\/?p=19456"},"modified":"2024-06-03T11:17:13","modified_gmt":"2024-06-03T09:17:13","slug":"air-canada-celebrates-10-years-of-nice-montreal-route","status":"publish","type":"post","link":"https:\/\/www.investincotedazur.com\/en\/air-canada-celebrates-10-years-of-nice-montreal-route\/","title":{"rendered":"Air Canada celebrates 10 years of Nice-Montreal route"},"content":{"rendered":"\n<div class=\"wp-container-3 wp-block-columns has-background\" style=\"background-color:#f1f1f1\">\n<div class=\"wp-container-1 wp-block-column\">\n<figure class=\"wp-block-image size-full\"><img width=\"700\" height=\"700\" src=\"https:\/\/www.investincotedazur.com\/wp-content\/uploads\/2024\/05\/Nice-Montreal-Air-Canada.png\" alt=\"Nice Montreal Air Canada\" class=\"wp-image-19432\" srcset=\"https:\/\/www.investincotedazur.com\/wp-content\/uploads\/2024\/05\/Nice-Montreal-Air-Canada.png 700w, https:\/\/www.investincotedazur.com\/wp-content\/uploads\/2024\/05\/Nice-Montreal-Air-Canada-300x300.png 300w, https:\/\/www.investincotedazur.com\/wp-content\/uploads\/2024\/05\/Nice-Montreal-Air-Canada-150x150.png 150w\" sizes=\"(max-width: 700px) 100vw, 700px\" \/><\/figure>\n<\/div>\n\n\n\n<div class=\"wp-container-2 wp-block-column\" style=\"flex-basis:800px\">\n<p class=\"has-medium-font-size\"><strong>Key Highlights:<\/strong><\/p>\n\n\n\n<ol class=\"has-medium-font-size\"><li>In 2024, Air Canada will increase the frequency of Nice-Montreal flights to five times per week from May 3 to October 25, 2024.<\/li><li>The annual seat capacity for this route has doubled in ten years.<\/li><li>Flights are operated by Airbus A330-300 aircraft with three service classes.<\/li><\/ol>\n<\/div>\n<\/div>\n\n\n\n<p class=\"has-medium-font-size\">In 2024, Air Canada marks a decade of non-stop flights between Nice and Montreal, showcasing sustained growth and a strengthened commitment. <\/p>\n\n\n\n<p class=\"has-medium-font-size\">Launched in 2013 with three weekly flights on Boeing B767-300 aircraft, this route now boasts an increased frequency of five flights per week for the summer season of 2024. <\/p>\n\n\n\n<p class=\"has-medium-font-size\">This frequency increase is accompanied by a total capacity of 32,373 seats distributed over 109 rotations, representing a 20% increase compared to 2023.<\/p>\n\n\n\n<p class=\"has-medium-font-size\">Jean-Fran\u00e7ois Raudin, Air Canada&#8217;s General Manager for France, \u201cWe are very proud of our longstanding connection between Nice and Canada. Given the ongoing demand for travel to Europe, we are delighted to increase our frequency to five weekly flights this summer. Air Canada has developed its Montreal international hub to provide North American travelers with a simple and convenient solution to and from the C\u00f4te d&#8217;Azur.\u201d<\/p>\n\n\n\n<p class=\"has-medium-font-size\">Franck Goldnadel, Chairman of the Board of Directors of C\u00f4te d&#8217;Azur Airports, noted: \u201cWe warmly thank Air Canada for its continued trust over the past 10 years and for its growing commitment, which is reflected in the number of weekly frequencies reaching up to five this year. It has always improved our region&#8217;s connection to North America with direct flights, ensuring smooth and comfortable travel.\u201d<\/p>\n\n\n\n<p class=\"has-medium-font-size\">The Nice-Montreal flights, operated from May 3 to October 25, 2024, are served by Airbus A330-300 aircraft offering three service classes: Signature Class with lie-flat seats, Premium Economy Class, and Economy Class. These flights are carefully scheduled to optimize connectivity with Air Canada\u2019s North American network, allowing smooth connections to various U.S. destinations through pre-clearance in Montreal and Toronto.<\/p>\n\n\n\n<p class=\"has-medium-font-size\">Learn more on the <a href=\"https:\/\/www.nice.aeroport.fr\/actualites\/air-canada-celebre-le-10e-anniversaire-de-sa-liaison-nice-montreal\" target=\"_blank\" rel=\"noreferrer noopener nofollow\">Nice C\u00f4te d&#8217;Azur Airport website. <\/a><\/p>\n\n\n\n<div style=\"height:62px\" aria-hidden=\"true\" class=\"wp-block-spacer\"><\/div>\n\n\n\n<hr class=\"wp-block-separator has-text-color has-vivid-cyan-blue-color has-alpha-channel-opacity has-vivid-cyan-blue-background-color has-background\"\/>\n\n\n\n<h2 class=\"has-vivid-cyan-blue-color has-text-color\">Nice C\u00f4te d&#8217;Azur Air Connectivity<\/h2>\n\n\n<ul class=\"wp-block-latest-posts__list is-grid columns-2 wp-block-latest-posts\"><li><div class=\"wp-block-latest-posts__featured-image alignleft\"><img width=\"150\" height=\"150\" src=\"https:\/\/www.investincotedazur.com\/wp-content\/uploads\/2026\/04\/Twin-Jet-vols-Nice-Olbia-et-Nice-Minorque-ete-2026-150x150.png\" class=\"attachment-thumbnail size-thumbnail wp-post-image\" alt=\"Twin Jet  vols Nice-Olbia et Nice-Minorque \u00e9t\u00e9 2026\" style=\"max-width:50px;\" loading=\"lazy\" srcset=\"https:\/\/www.investincotedazur.com\/wp-content\/uploads\/2026\/04\/Twin-Jet-vols-Nice-Olbia-et-Nice-Minorque-ete-2026-150x150.png 150w, https:\/\/www.investincotedazur.com\/wp-content\/uploads\/2026\/04\/Twin-Jet-vols-Nice-Olbia-et-Nice-Minorque-ete-2026-700x700.png 700w\" sizes=\"(max-width: 150px) 100vw, 150px\" \/><\/div><a class=\"wp-block-latest-posts__post-title\" href=\"https:\/\/www.investincotedazur.com\/en\/twin-jet-new-routes-nice-olbia-and-nice-menorca-summer-2026\/\">Twin Jet new routes Nice\u2013Olbia and Nice\u2013Menorca summer 2026<\/a><\/li>\n<li><div class=\"wp-block-latest-posts__featured-image alignleft\"><img width=\"150\" height=\"150\" src=\"https:\/\/www.investincotedazur.com\/wp-content\/uploads\/2026\/04\/investincotedazur-2026-04-16T170826.346-150x150.png\" class=\"attachment-thumbnail size-thumbnail wp-post-image\" alt=\"extension t2 nice\" style=\"max-width:50px;\" loading=\"lazy\" srcset=\"https:\/\/www.investincotedazur.com\/wp-content\/uploads\/2026\/04\/investincotedazur-2026-04-16T170826.346-150x150.png 150w, https:\/\/www.investincotedazur.com\/wp-content\/uploads\/2026\/04\/investincotedazur-2026-04-16T170826.346-700x700.png 700w\" sizes=\"(max-width: 150px) 100vw, 150px\" \/><\/div><a class=\"wp-block-latest-posts__post-title\" href=\"https:\/\/www.investincotedazur.com\/en\/nice-cote-dazur-airport-terminal-2-extension-23000-sq-m-and-capacity-increased-to-18-million-passengers\/\">Nice C\u00f4te d\u2019Azur Airport Terminal 2 extension: 23,000 sq m and capacity increased to 18 million passengers<\/a><\/li>\n<li><div class=\"wp-block-latest-posts__featured-image alignleft\"><img width=\"150\" height=\"150\" src=\"https:\/\/www.investincotedazur.com\/wp-content\/uploads\/2026\/03\/aeroport-nice-cote-dazur-ete-2026-reseau-150x150.jpg\" class=\"attachment-thumbnail size-thumbnail wp-post-image\" alt=\"a\u00e9roport nice c\u00f4te d\u2019azur \u00e9t\u00e9 2026 r\u00e9seau\" style=\"max-width:50px;\" loading=\"lazy\" srcset=\"https:\/\/www.investincotedazur.com\/wp-content\/uploads\/2026\/03\/aeroport-nice-cote-dazur-ete-2026-reseau-150x150.jpg 150w, https:\/\/www.investincotedazur.com\/wp-content\/uploads\/2026\/03\/aeroport-nice-cote-dazur-ete-2026-reseau-300x300.jpg 300w, https:\/\/www.investincotedazur.com\/wp-content\/uploads\/2026\/03\/aeroport-nice-cote-dazur-ete-2026-reseau.jpg 700w\" sizes=\"(max-width: 150px) 100vw, 150px\" \/><\/div><a class=\"wp-block-latest-posts__post-title\" href=\"https:\/\/www.investincotedazur.com\/en\/nice-cote-dazur-airport-summer-2026-a-record-network-of-130-destinations\/\">Nice C\u00f4te d\u2019Azur Airport summer 2026: a record network of 130 destinations<\/a><\/li>\n<li><div class=\"wp-block-latest-posts__featured-image alignleft\"><img width=\"150\" height=\"150\" src=\"https:\/\/www.investincotedazur.com\/wp-content\/uploads\/2026\/03\/nice-cork-2026-150x150.jpg\" class=\"attachment-thumbnail size-thumbnail wp-post-image\" alt=\"nice cork 2026\" style=\"max-width:50px;\" loading=\"lazy\" srcset=\"https:\/\/www.investincotedazur.com\/wp-content\/uploads\/2026\/03\/nice-cork-2026-150x150.jpg 150w, https:\/\/www.investincotedazur.com\/wp-content\/uploads\/2026\/03\/nice-cork-2026-300x300.jpg 300w, https:\/\/www.investincotedazur.com\/wp-content\/uploads\/2026\/03\/nice-cork-2026.jpg 700w\" sizes=\"(max-width: 150px) 100vw, 150px\" \/><\/div><a class=\"wp-block-latest-posts__post-title\" href=\"https:\/\/www.investincotedazur.com\/en\/cork-nice-direct-aer-lingus-service-from-may-2026\/\">Cork\u2013Nice: Direct Aer Lingus service from May 2026<\/a><\/li>\n<li><div class=\"wp-block-latest-posts__featured-image alignleft\"><img width=\"150\" height=\"150\" src=\"https:\/\/www.investincotedazur.com\/wp-content\/uploads\/2024\/01\/aeroport-cote-azur-2023-150x150.png\" class=\"attachment-thumbnail size-thumbnail wp-post-image\" alt=\"aeroport-cote-azur-2023\" style=\"max-width:50px;\" loading=\"lazy\" srcset=\"https:\/\/www.investincotedazur.com\/wp-content\/uploads\/2024\/01\/aeroport-cote-azur-2023-150x150.png 150w, https:\/\/www.investincotedazur.com\/wp-content\/uploads\/2024\/01\/aeroport-cote-azur-2023-300x300.png 300w, https:\/\/www.investincotedazur.com\/wp-content\/uploads\/2024\/01\/aeroport-cote-azur-2023.png 700w\" sizes=\"(max-width: 150px) 100vw, 150px\" \/><\/div><a class=\"wp-block-latest-posts__post-title\" href=\"https:\/\/www.investincotedazur.com\/en\/e2-8-billion-in-economic-impact-in-2024-for-nice-cote-dazur-and-cannes-mandelieu-airports\/\">\u20ac2.8 billion in economic impact in 2024 for Nice C\u00f4te d\u2019Azur and Cannes-Mandelieu Airports<\/a><\/li>\n<li><div class=\"wp-block-latest-posts__featured-image alignleft\"><img width=\"150\" height=\"150\" src=\"https:\/\/www.investincotedazur.com\/wp-content\/uploads\/2026\/01\/mobilite-arienne-decarbonee-150x150.png\" class=\"attachment-thumbnail size-thumbnail wp-post-image\" alt=\"mobilit\u00e9 arienne decarbonee\" style=\"max-width:50px;\" loading=\"lazy\" srcset=\"https:\/\/www.investincotedazur.com\/wp-content\/uploads\/2026\/01\/mobilite-arienne-decarbonee-150x150.png 150w, https:\/\/www.investincotedazur.com\/wp-content\/uploads\/2026\/01\/mobilite-arienne-decarbonee-700x700.png 700w\" sizes=\"(max-width: 150px) 100vw, 150px\" \/><\/div><a class=\"wp-block-latest-posts__post-title\" href=\"https:\/\/www.investincotedazur.com\/en\/the-cote-dazur-is-emerging-as-a-testing-ground-for-decarbonised-air-mobility\/\">The C\u00f4te d\u2019Azur is emerging as a testing ground for decarbonised air mobility<\/a><\/li>\n<li><div class=\"wp-block-latest-posts__featured-image alignleft\"><img width=\"150\" height=\"150\" src=\"https:\/\/www.investincotedazur.com\/wp-content\/uploads\/2026\/01\/washington-nice-french-riviera-nice-2026-150x150.jpg\" class=\"attachment-thumbnail size-thumbnail wp-post-image\" alt=\"washington nice french riviera nice 2026\" style=\"max-width:50px;\" loading=\"lazy\" srcset=\"https:\/\/www.investincotedazur.com\/wp-content\/uploads\/2026\/01\/washington-nice-french-riviera-nice-2026-150x150.jpg 150w, https:\/\/www.investincotedazur.com\/wp-content\/uploads\/2026\/01\/washington-nice-french-riviera-nice-2026-300x300.jpg 300w, https:\/\/www.investincotedazur.com\/wp-content\/uploads\/2026\/01\/washington-nice-french-riviera-nice-2026.jpg 700w\" sizes=\"(max-width: 150px) 100vw, 150px\" \/><\/div><a class=\"wp-block-latest-posts__post-title\" href=\"https:\/\/www.investincotedazur.com\/en\/united-airlines-washington-nice-2026\/\">United Airlines reactivates the Nice\u2013Washington route in summer 2026<\/a><\/li>\n<li><div class=\"wp-block-latest-posts__featured-image alignleft\"><img width=\"150\" height=\"150\" src=\"https:\/\/www.investincotedazur.com\/wp-content\/uploads\/2026\/01\/investincotedazur-2026-01-21T104349.359-150x150.jpg\" class=\"attachment-thumbnail size-thumbnail wp-post-image\" alt=\"barometre arthur loyd nice\" style=\"max-width:50px;\" loading=\"lazy\" srcset=\"https:\/\/www.investincotedazur.com\/wp-content\/uploads\/2026\/01\/investincotedazur-2026-01-21T104349.359-150x150.jpg 150w, https:\/\/www.investincotedazur.com\/wp-content\/uploads\/2026\/01\/investincotedazur-2026-01-21T104349.359-300x300.jpg 300w, https:\/\/www.investincotedazur.com\/wp-content\/uploads\/2026\/01\/investincotedazur-2026-01-21T104349.359.jpg 700w\" sizes=\"(max-width: 150px) 100vw, 150px\" \/><\/div><a class=\"wp-block-latest-posts__post-title\" href=\"https:\/\/www.investincotedazur.com\/en\/nice-cote-dazur-quality-of-life-arthur-loyd-2025\/\">Nice C\u00f4te d\u2019Azur: Second Place in Quality of Life Among Major French Metropolises in the 2025 Arthur Loyd Barometer<\/a><\/li>\n<\/ul>","protected":false},"excerpt":{"rendered":"<p>Key Highlights: In 2024, Air Canada will increase the frequency of Nice-Montreal flights to five times per week from May 3 to October 25, 2024. The annual seat capacity for this route has doubled in ten years. Flights are operated by Airbus A330-300 aircraft with three service classes. In 2024, Air Canada marks a decade [&hellip;]<\/p>\n","protected":false},"author":14,"featured_media":19433,"comment_status":"closed","ping_status":"closed","sticky":false,"template":"","format":"standard","meta":{"_mi_skip_tracking":false,"_monsterinsights_sitenote_active":false,"_monsterinsights_sitenote_note":"","_monsterinsights_sitenote_category":0},"categories":[153,135,102,136],"tags":[],"acf":[],"yoast_head":"<!-- This site is optimized with the Yoast SEO plugin v19.12 - https:\/\/yoast.com\/wordpress\/plugins\/seo\/ -->\n<title>Air Canada celebrates 10 years of Nice-Montreal route - Invest in C\u00f4te d&#039;Azur<\/title>\n<meta name=\"description\" content=\"Air Canada celebrates the 10th anniversary of its Nice-Montreal route with an increase in flight frequency to five times per week and a doubled capacity over ten years.\" \/>\n<meta name=\"robots\" content=\"index, follow, max-snippet:-1, max-image-preview:large, max-video-preview:-1\" \/>\n<link rel=\"canonical\" href=\"https:\/\/www.investincotedazur.com\/en\/air-canada-celebrates-10-years-of-nice-montreal-route\/\" \/>\n<meta property=\"og:locale\" content=\"en_US\" \/>\n<meta property=\"og:type\" content=\"article\" \/>\n<meta property=\"og:title\" content=\"Air Canada celebrates 10 years of Nice-Montreal route - Invest in C\u00f4te d&#039;Azur\" \/>\n<meta property=\"og:description\" content=\"Air Canada celebrates the 10th anniversary of its Nice-Montreal route with an increase in flight frequency to five times per week and a doubled capacity over ten years.\" \/>\n<meta property=\"og:url\" content=\"https:\/\/www.investincotedazur.com\/en\/air-canada-celebrates-10-years-of-nice-montreal-route\/\" \/>\n<meta property=\"og:site_name\" content=\"Invest in C\u00f4te d&#039;Azur\" \/>\n<meta property=\"article:published_time\" content=\"2024-05-30T09:10:31+00:00\" \/>\n<meta property=\"article:modified_time\" content=\"2024-06-03T09:17:13+00:00\" \/>\n<meta property=\"og:image\" content=\"https:\/\/www.investincotedazur.com\/wp-content\/uploads\/2024\/05\/Nice-Montreal-Air-Canada.png\" \/>\n\t<meta property=\"og:image:width\" content=\"700\" \/>\n\t<meta property=\"og:image:height\" content=\"700\" \/>\n\t<meta property=\"og:image:type\" content=\"image\/png\" \/>\n<meta name=\"author\" content=\"Jose Perez Gabarron\" \/>\n<meta name=\"twitter:card\" content=\"summary_large_image\" \/>\n<meta name=\"twitter:creator\" content=\"@Investcotedazur\" \/>\n<meta name=\"twitter:site\" content=\"@Investcotedazur\" \/>\n<meta name=\"twitter:label1\" content=\"Written by\" \/>\n\t<meta name=\"twitter:data1\" content=\"Jose Perez Gabarron\" \/>\n\t<meta name=\"twitter:label2\" content=\"Est. reading time\" \/>\n\t<meta name=\"twitter:data2\" content=\"2 minutes\" \/>\n<script type=\"application\/ld+json\" class=\"yoast-schema-graph\">{\"@context\":\"https:\/\/schema.org\",\"@graph\":[{\"@type\":\"Article\",\"@id\":\"https:\/\/www.investincotedazur.com\/en\/air-canada-celebrates-10-years-of-nice-montreal-route\/#article\",\"isPartOf\":{\"@id\":\"https:\/\/www.investincotedazur.com\/en\/air-canada-celebrates-10-years-of-nice-montreal-route\/\"},\"author\":{\"name\":\"Jose Perez Gabarron\",\"@id\":\"https:\/\/www.investincotedazur.com\/en\/#\/schema\/person\/ebbeede4229d29e0861488f2bd1036d9\"},\"headline\":\"Air Canada celebrates 10 years of Nice-Montreal route\",\"datePublished\":\"2024-05-30T09:10:31+00:00\",\"dateModified\":\"2024-06-03T09:17:13+00:00\",\"mainEntityOfPage\":{\"@id\":\"https:\/\/www.investincotedazur.com\/en\/air-canada-celebrates-10-years-of-nice-montreal-route\/\"},\"wordCount\":327,\"publisher\":{\"@id\":\"https:\/\/www.investincotedazur.com\/en\/#organization\"},\"articleSection\":[\"Connectivity\",\"International\",\"Nice C\u00f4te d'Azur Metropolis\",\"Tourisme\"],\"inLanguage\":\"en-US\"},{\"@type\":\"WebPage\",\"@id\":\"https:\/\/www.investincotedazur.com\/en\/air-canada-celebrates-10-years-of-nice-montreal-route\/\",\"url\":\"https:\/\/www.investincotedazur.com\/en\/air-canada-celebrates-10-years-of-nice-montreal-route\/\",\"name\":\"Air Canada celebrates 10 years of Nice-Montreal route - Invest in C\u00f4te d&#039;Azur\",\"isPartOf\":{\"@id\":\"https:\/\/www.investincotedazur.com\/en\/#website\"},\"datePublished\":\"2024-05-30T09:10:31+00:00\",\"dateModified\":\"2024-06-03T09:17:13+00:00\",\"description\":\"Air Canada celebrates the 10th anniversary of its Nice-Montreal route with an increase in flight frequency to five times per week and a doubled capacity over ten years.\",\"inLanguage\":\"en-US\",\"potentialAction\":[{\"@type\":\"ReadAction\",\"target\":[\"https:\/\/www.investincotedazur.com\/en\/air-canada-celebrates-10-years-of-nice-montreal-route\/\"]}]},{\"@type\":\"WebSite\",\"@id\":\"https:\/\/www.investincotedazur.com\/en\/#website\",\"url\":\"https:\/\/www.investincotedazur.com\/en\/\",\"name\":\"Invest in C\u00f4te d'Azur\",\"description\":\"\",\"publisher\":{\"@id\":\"https:\/\/www.investincotedazur.com\/en\/#organization\"},\"alternateName\":\"Invest in C\u00f4te d'Azur\",\"potentialAction\":[{\"@type\":\"SearchAction\",\"target\":{\"@type\":\"EntryPoint\",\"urlTemplate\":\"https:\/\/www.investincotedazur.com\/en\/?s={search_term_string}\"},\"query-input\":\"required name=search_term_string\"}],\"inLanguage\":\"en-US\"},{\"@type\":\"Organization\",\"@id\":\"https:\/\/www.investincotedazur.com\/en\/#organization\",\"name\":\"Invest in C\u00f4te d'Azur\",\"alternateName\":\"Invest in C\u00f4te d'Azur\",\"url\":\"https:\/\/www.investincotedazur.com\/en\/\",\"logo\":{\"@type\":\"ImageObject\",\"inLanguage\":\"en-US\",\"@id\":\"https:\/\/www.investincotedazur.com\/en\/#\/schema\/logo\/image\/\",\"url\":\"https:\/\/www.investincotedazur.com\/wp-content\/uploads\/2023\/05\/cropped-New-missions-3.png\",\"contentUrl\":\"https:\/\/www.investincotedazur.com\/wp-content\/uploads\/2023\/05\/cropped-New-missions-3.png\",\"width\":512,\"height\":512,\"caption\":\"Invest in C\u00f4te d'Azur\"},\"image\":{\"@id\":\"https:\/\/www.investincotedazur.com\/en\/#\/schema\/logo\/image\/\"},\"sameAs\":[\"https:\/\/www.linkedin.com\/company\/investincotedazur\/\",\"https:\/\/twitter.com\/Investcotedazur\"]},{\"@type\":\"Person\",\"@id\":\"https:\/\/www.investincotedazur.com\/en\/#\/schema\/person\/ebbeede4229d29e0861488f2bd1036d9\",\"name\":\"Jose Perez Gabarron\",\"image\":{\"@type\":\"ImageObject\",\"inLanguage\":\"en-US\",\"@id\":\"https:\/\/www.investincotedazur.com\/en\/#\/schema\/person\/image\/\",\"url\":\"https:\/\/secure.gravatar.com\/avatar\/20ec9e74f48620b8ee4253da6b114950?s=96&d=mm&r=g\",\"contentUrl\":\"https:\/\/secure.gravatar.com\/avatar\/20ec9e74f48620b8ee4253da6b114950?s=96&d=mm&r=g\",\"caption\":\"Jose Perez Gabarron\"}}]}<\/script>\n<!-- \/ Yoast SEO plugin. -->","yoast_head_json":{"title":"Air Canada celebrates 10 years of Nice-Montreal route - Invest in C\u00f4te d&#039;Azur","description":"Air Canada celebrates the 10th anniversary of its Nice-Montreal route with an increase in flight frequency to five times per week and a doubled capacity over ten years.","robots":{"index":"index","follow":"follow","max-snippet":"max-snippet:-1","max-image-preview":"max-image-preview:large","max-video-preview":"max-video-preview:-1"},"canonical":"https:\/\/www.investincotedazur.com\/en\/air-canada-celebrates-10-years-of-nice-montreal-route\/","og_locale":"en_US","og_type":"article","og_title":"Air Canada celebrates 10 years of Nice-Montreal route - Invest in C\u00f4te d&#039;Azur","og_description":"Air Canada celebrates the 10th anniversary of its Nice-Montreal route with an increase in flight frequency to five times per week and a doubled capacity over ten years.","og_url":"https:\/\/www.investincotedazur.com\/en\/air-canada-celebrates-10-years-of-nice-montreal-route\/","og_site_name":"Invest in C\u00f4te d&#039;Azur","article_published_time":"2024-05-30T09:10:31+00:00","article_modified_time":"2024-06-03T09:17:13+00:00","og_image":[{"width":700,"height":700,"url":"https:\/\/www.investincotedazur.com\/wp-content\/uploads\/2024\/05\/Nice-Montreal-Air-Canada.png","type":"image\/png"}],"author":"Jose Perez Gabarron","twitter_card":"summary_large_image","twitter_creator":"@Investcotedazur","twitter_site":"@Investcotedazur","twitter_misc":{"Written by":"Jose Perez Gabarron","Est. reading time":"2 minutes"},"schema":{"@context":"https:\/\/schema.org","@graph":[{"@type":"Article","@id":"https:\/\/www.investincotedazur.com\/en\/air-canada-celebrates-10-years-of-nice-montreal-route\/#article","isPartOf":{"@id":"https:\/\/www.investincotedazur.com\/en\/air-canada-celebrates-10-years-of-nice-montreal-route\/"},"author":{"name":"Jose Perez Gabarron","@id":"https:\/\/www.investincotedazur.com\/en\/#\/schema\/person\/ebbeede4229d29e0861488f2bd1036d9"},"headline":"Air Canada celebrates 10 years of Nice-Montreal route","datePublished":"2024-05-30T09:10:31+00:00","dateModified":"2024-06-03T09:17:13+00:00","mainEntityOfPage":{"@id":"https:\/\/www.investincotedazur.com\/en\/air-canada-celebrates-10-years-of-nice-montreal-route\/"},"wordCount":327,"publisher":{"@id":"https:\/\/www.investincotedazur.com\/en\/#organization"},"articleSection":["Connectivity","International","Nice C\u00f4te d'Azur Metropolis","Tourisme"],"inLanguage":"en-US"},{"@type":"WebPage","@id":"https:\/\/www.investincotedazur.com\/en\/air-canada-celebrates-10-years-of-nice-montreal-route\/","url":"https:\/\/www.investincotedazur.com\/en\/air-canada-celebrates-10-years-of-nice-montreal-route\/","name":"Air Canada celebrates 10 years of Nice-Montreal route - Invest in C\u00f4te d&#039;Azur","isPartOf":{"@id":"https:\/\/www.investincotedazur.com\/en\/#website"},"datePublished":"2024-05-30T09:10:31+00:00","dateModified":"2024-06-03T09:17:13+00:00","description":"Air Canada celebrates the 10th anniversary of its Nice-Montreal route with an increase in flight frequency to five times per week and a doubled capacity over ten years.","inLanguage":"en-US","potentialAction":[{"@type":"ReadAction","target":["https:\/\/www.investincotedazur.com\/en\/air-canada-celebrates-10-years-of-nice-montreal-route\/"]}]},{"@type":"WebSite","@id":"https:\/\/www.investincotedazur.com\/en\/#website","url":"https:\/\/www.investincotedazur.com\/en\/","name":"Invest in C\u00f4te d'Azur","description":"","publisher":{"@id":"https:\/\/www.investincotedazur.com\/en\/#organization"},"alternateName":"Invest in C\u00f4te d'Azur","potentialAction":[{"@type":"SearchAction","target":{"@type":"EntryPoint","urlTemplate":"https:\/\/www.investincotedazur.com\/en\/?s={search_term_string}"},"query-input":"required name=search_term_string"}],"inLanguage":"en-US"},{"@type":"Organization","@id":"https:\/\/www.investincotedazur.com\/en\/#organization","name":"Invest in C\u00f4te d'Azur","alternateName":"Invest in C\u00f4te d'Azur","url":"https:\/\/www.investincotedazur.com\/en\/","logo":{"@type":"ImageObject","inLanguage":"en-US","@id":"https:\/\/www.investincotedazur.com\/en\/#\/schema\/logo\/image\/","url":"https:\/\/www.investincotedazur.com\/wp-content\/uploads\/2023\/05\/cropped-New-missions-3.png","contentUrl":"https:\/\/www.investincotedazur.com\/wp-content\/uploads\/2023\/05\/cropped-New-missions-3.png","width":512,"height":512,"caption":"Invest in C\u00f4te d'Azur"},"image":{"@id":"https:\/\/www.investincotedazur.com\/en\/#\/schema\/logo\/image\/"},"sameAs":["https:\/\/www.linkedin.com\/company\/investincotedazur\/","https:\/\/twitter.com\/Investcotedazur"]},{"@type":"Person","@id":"https:\/\/www.investincotedazur.com\/en\/#\/schema\/person\/ebbeede4229d29e0861488f2bd1036d9","name":"Jose Perez Gabarron","image":{"@type":"ImageObject","inLanguage":"en-US","@id":"https:\/\/www.investincotedazur.com\/en\/#\/schema\/person\/image\/","url":"https:\/\/secure.gravatar.com\/avatar\/20ec9e74f48620b8ee4253da6b114950?s=96&d=mm&r=g","contentUrl":"https:\/\/secure.gravatar.com\/avatar\/20ec9e74f48620b8ee4253da6b114950?s=96&d=mm&r=g","caption":"Jose Perez Gabarron"}}]}},"_links":{"self":[{"href":"https:\/\/www.investincotedazur.com\/en\/wp-json\/wp\/v2\/posts\/19456"}],"collection":[{"href":"https:\/\/www.investincotedazur.com\/en\/wp-json\/wp\/v2\/posts"}],"about":[{"href":"https:\/\/www.investincotedazur.com\/en\/wp-json\/wp\/v2\/types\/post"}],"author":[{"embeddable":true,"href":"https:\/\/www.investincotedazur.com\/en\/wp-json\/wp\/v2\/users\/14"}],"replies":[{"embeddable":true,"href":"https:\/\/www.investincotedazur.com\/en\/wp-json\/wp\/v2\/comments?post=19456"}],"version-history":[{"count":2,"href":"https:\/\/www.investincotedazur.com\/en\/wp-json\/wp\/v2\/posts\/19456\/revisions"}],"predecessor-version":[{"id":19458,"href":"https:\/\/www.investincotedazur.com\/en\/wp-json\/wp\/v2\/posts\/19456\/revisions\/19458"}],"wp:featuredmedia":[{"embeddable":true,"href":"https:\/\/www.investincotedazur.com\/en\/wp-json\/wp\/v2\/media\/19433"}],"wp:attachment":[{"href":"https:\/\/www.investincotedazur.com\/en\/wp-json\/wp\/v2\/media?parent=19456"}],"wp:term":[{"taxonomy":"category","embeddable":true,"href":"https:\/\/www.investincotedazur.com\/en\/wp-json\/wp\/v2\/categories?post=19456"},{"taxonomy":"post_tag","embeddable":true,"href":"https:\/\/www.investincotedazur.com\/en\/wp-json\/wp\/v2\/tags?post=19456"}],"curies":[{"name":"wp","href":"https:\/\/api.w.org\/{rel}","templated":true}]}}