{"id":18527,"date":"2024-02-28T08:58:01","date_gmt":"2024-02-28T07:58:01","guid":{"rendered":"https:\/\/www.investincotedazur.com\/?p=18527"},"modified":"2024-03-02T10:52:45","modified_gmt":"2024-03-02T09:52:45","slug":"virbac-project-for-a-new-logistics-platform-in-the-nice-cote-dazur-metropolis","status":"publish","type":"post","link":"https:\/\/www.investincotedazur.com\/en\/virbac-project-for-a-new-logistics-platform-in-the-nice-cote-dazur-metropolis\/","title":{"rendered":"Virbac project for a new logistics platform in the Nice C\u00f4te d&#8217;Azur Metropolis"},"content":{"rendered":"\n<div class=\"wp-container-3 wp-block-columns has-background\" style=\"background-color:#f1f1f1\">\n<div class=\"wp-container-1 wp-block-column\">\n<figure class=\"wp-block-image size-full\"><img width=\"700\" height=\"700\" src=\"https:\/\/www.investincotedazur.com\/wp-content\/uploads\/2024\/02\/projet-virbac-metropole-nice.png\" alt=\"projet virbac metropole nice\" class=\"wp-image-18493\" srcset=\"https:\/\/www.investincotedazur.com\/wp-content\/uploads\/2024\/02\/projet-virbac-metropole-nice.png 700w, https:\/\/www.investincotedazur.com\/wp-content\/uploads\/2024\/02\/projet-virbac-metropole-nice-300x300.png 300w, https:\/\/www.investincotedazur.com\/wp-content\/uploads\/2024\/02\/projet-virbac-metropole-nice-150x150.png 150w\" sizes=\"(max-width: 700px) 100vw, 700px\" \/><\/figure>\n<\/div>\n\n\n\n<div class=\"wp-container-2 wp-block-column\" style=\"flex-basis:800px\">\n<p class=\"has-medium-font-size\"><strong>Key Points<\/strong><\/p>\n\n\n\n<ul class=\"has-medium-font-size\"><li><a href=\"https:\/\/www.investincotedazur.com\/virbac-chiffre-daffaires-2023\/\">Virbac<\/a>, a leading company in animal health, plans a major expansion on the site formerly held by Primagaz in Carros. (Source: Nice-Matin 17,18\/02\/2024).<\/li><li>The initiative, a sign of reindustrialization in France, is expected to generate significant employment and stimulate the local economy.<\/li><li>The new site, scheduled to become operational between 2026 and 2027, will include a logistics platform to increase its production capacities.<\/li><\/ul>\n<\/div>\n<\/div>\n\n\n\n<h2>A Major Project for Virbac and Carros (Nice C\u00f4te d&#8217;Azur Metropolis)<\/h2>\n\n\n\n<p class=\"has-medium-font-size\">The announcement of a major expansion by Virbac on the site previously occupied by Primagaz in the Carros La Grave industrial zone was reported by Nice-Matin (<a href=\"https:\/\/www.nicematin.com\/artisanat\/un-tres-tres-gros-projet-industriel-arrive-a-carros-903861\">&#8220;A very, very large industrial project&#8221; on February 17 and<\/a> <a href=\"https:\/\/www.nicematin.com\/economie\/on-en-sait-plus-sur-le-projet-d-extension-du-laboratoire-virbac-a-carros-904178\">&#8220;More details on Virbac&#8217;s expansion project at Carros&#8221; on February 18).<\/a>).  <\/p>\n\n\n\n<p class=\"has-medium-font-size\">This development underscores Virbac&#8217;s ongoing commitment, founded in 1968 and embedded in the economic landscape of Carros, towards strengthening its production and logistics infrastructure in France.<\/p>\n\n\n\n<div style=\"height:100px\" aria-hidden=\"true\" class=\"wp-block-spacer\"><\/div>\n\n\n\n<h2>Reindustrialization and Economic Impact<\/h2>\n\n\n\n<p class=\"has-medium-font-size\">By repatriating activities previously outsourced, notably to the United States and Australia, Virbac demonstrates its confidence in the economic and industrial fabric of the territory <a href=\"https:\/\/www.investincotedazur.com\/nice-cote-dazur-lancement-officiel-de-la-labellisation-territoire-dindustrie\/\">recently labeled Territoire d\u2019Industrie,<\/a> promising job creation and the stimulation of economic growth. <\/p>\n\n\n\n<p class=\"has-medium-font-size\">The project represents an investment of \u20ac30 million with a new facility of more than 16,000 sqm including a state-of-the-art logistics platform designed to meet the company&#8217;s future needs in terms of storage and product management.<\/p>\n\n\n\n<p class=\"has-medium-font-size\">The new site is expected to begin construction in 2025 and be operational between 2026 and 2027.<\/p>\n\n\n\n<p class=\"has-medium-font-size\">Virbac&#8217;s expansion project in Carros represents a significant step forward for the pharmaceutical industry dedicated to animal health and for the local economy. <\/p>\n\n\n\n<p class=\"has-medium-font-size\">By enhancing its production capacities and optimizing its logistics, Virbac positions itself as a key player in French reindustrialization, while promising positive economic and social impacts for the Carros La Grave Industrial Zone and the Nice C\u00f4te d&#8217;Azur Metropolis.<\/p>\n\n\n\n<p>Source: Nice Matin<\/p>\n\n\n\n<div style=\"height:52px\" aria-hidden=\"true\" class=\"wp-block-spacer\"><\/div>\n\n\n\n<hr class=\"wp-block-separator has-text-color has-vivid-cyan-blue-color has-alpha-channel-opacity has-vivid-cyan-blue-background-color has-background\"\/>\n\n\n\n<h2 class=\"has-vivid-cyan-blue-color has-text-color\">Industry Nice C\u00f4te d&#8217;Azur<\/h2>\n\n\n<ul class=\"wp-block-latest-posts__list is-grid columns-2 wp-block-latest-posts\"><li><div class=\"wp-block-latest-posts__featured-image alignleft\"><img width=\"150\" height=\"150\" src=\"https:\/\/www.investincotedazur.com\/wp-content\/uploads\/2025\/11\/Au-centre-Anne-Reiser-Presidente-a-droite-Mohamed-Rekik-CEO-et-a-gauche-Serge-Barneaud-CTO-\u00a9-Tous-droits-reserves-Circum-Medtech-Pharma-2-150x150.jpg\" class=\"attachment-thumbnail size-thumbnail wp-post-image\" alt=\"\" style=\"max-width:50px;\" loading=\"lazy\" srcset=\"https:\/\/www.investincotedazur.com\/wp-content\/uploads\/2025\/11\/Au-centre-Anne-Reiser-Presidente-a-droite-Mohamed-Rekik-CEO-et-a-gauche-Serge-Barneaud-CTO-\u00a9-Tous-droits-reserves-Circum-Medtech-Pharma-2-150x150.jpg 150w, https:\/\/www.investincotedazur.com\/wp-content\/uploads\/2025\/11\/Au-centre-Anne-Reiser-Presidente-a-droite-Mohamed-Rekik-CEO-et-a-gauche-Serge-Barneaud-CTO-\u00a9-Tous-droits-reserves-Circum-Medtech-Pharma-2-700x700.jpg 700w\" sizes=\"(max-width: 150px) 100vw, 150px\" \/><\/div><a class=\"wp-block-latest-posts__post-title\" href=\"https:\/\/www.investincotedazur.com\/en\/from-nice-circum-medtech-pharma-continues-its-industrial-expansion\/\">From Nice, Circum Medtech Pharma continues its industrial expansion<\/a><\/li>\n<li><div class=\"wp-block-latest-posts__featured-image alignleft\"><img width=\"150\" height=\"150\" src=\"https:\/\/www.investincotedazur.com\/wp-content\/uploads\/2025\/11\/investincotedazur-2025-11-07T102424.964-150x150.jpg\" class=\"attachment-thumbnail size-thumbnail wp-post-image\" alt=\"Les Laboratoires Activa rejoignent la quatri\u00e8me promotion de l\u2019Acc\u00e9l\u00e9rateur Industries et Technologies de Sant\u00e9\" style=\"max-width:50px;\" loading=\"lazy\" srcset=\"https:\/\/www.investincotedazur.com\/wp-content\/uploads\/2025\/11\/investincotedazur-2025-11-07T102424.964-150x150.jpg 150w, https:\/\/www.investincotedazur.com\/wp-content\/uploads\/2025\/11\/investincotedazur-2025-11-07T102424.964-300x300.jpg 300w, https:\/\/www.investincotedazur.com\/wp-content\/uploads\/2025\/11\/investincotedazur-2025-11-07T102424.964.jpg 700w\" sizes=\"(max-width: 150px) 100vw, 150px\" \/><\/div><a class=\"wp-block-latest-posts__post-title\" href=\"https:\/\/www.investincotedazur.com\/en\/laboratoires-activa-join-the-health-industries-and-technologies-accelerator\/\">Laboratoires Activa join the Health Industries and Technologies Accelerator<\/a><\/li>\n<li><div class=\"wp-block-latest-posts__featured-image alignleft\"><img width=\"150\" height=\"150\" src=\"https:\/\/www.investincotedazur.com\/wp-content\/uploads\/2025\/09\/firecell-5g-privee-nice-150x150.jpg\" class=\"attachment-thumbnail size-thumbnail wp-post-image\" alt=\"firecell 5g priv\u00e9e nice\" style=\"max-width:50px;\" loading=\"lazy\" srcset=\"https:\/\/www.investincotedazur.com\/wp-content\/uploads\/2025\/09\/firecell-5g-privee-nice-150x150.jpg 150w, https:\/\/www.investincotedazur.com\/wp-content\/uploads\/2025\/09\/firecell-5g-privee-nice-300x300.jpg 300w, https:\/\/www.investincotedazur.com\/wp-content\/uploads\/2025\/09\/firecell-5g-privee-nice.jpg 700w\" sizes=\"(max-width: 150px) 100vw, 150px\" \/><\/div><a class=\"wp-block-latest-posts__post-title\" href=\"https:\/\/www.investincotedazur.com\/en\/firecell-ultra-precise-industrial-5g-geolocation-for-airbus\/\">Firecell: Ultra-precise industrial 5G geolocation for Airbus<\/a><\/li>\n<li><div class=\"wp-block-latest-posts__featured-image alignleft\"><img width=\"150\" height=\"150\" src=\"https:\/\/www.investincotedazur.com\/wp-content\/uploads\/2025\/06\/Paul-Martingell-nomme-directeur-general-du-groupe-Virbac-150x150.jpg\" class=\"attachment-thumbnail size-thumbnail wp-post-image\" alt=\"Paul Martingell nomm\u00e9 directeur g\u00e9n\u00e9ral du groupe Virbac\" style=\"max-width:50px;\" loading=\"lazy\" srcset=\"https:\/\/www.investincotedazur.com\/wp-content\/uploads\/2025\/06\/Paul-Martingell-nomme-directeur-general-du-groupe-Virbac-150x150.jpg 150w, https:\/\/www.investincotedazur.com\/wp-content\/uploads\/2025\/06\/Paul-Martingell-nomme-directeur-general-du-groupe-Virbac-300x300.jpg 300w, https:\/\/www.investincotedazur.com\/wp-content\/uploads\/2025\/06\/Paul-Martingell-nomme-directeur-general-du-groupe-Virbac.jpg 700w\" sizes=\"(max-width: 150px) 100vw, 150px\" \/><\/div><a class=\"wp-block-latest-posts__post-title\" href=\"https:\/\/www.investincotedazur.com\/en\/paul-martingell-new-ceo-virbac-group\/\">Paul Martingell new Chief Executive Officer of the Virbac Group<\/a><\/li>\n<li><div class=\"wp-block-latest-posts__featured-image alignleft\"><img width=\"150\" height=\"150\" src=\"https:\/\/www.investincotedazur.com\/wp-content\/uploads\/2025\/06\/Viva-Technology-2025-150x150.jpg\" class=\"attachment-thumbnail size-thumbnail wp-post-image\" alt=\"Viva-Technology-2025\" style=\"max-width:50px;\" loading=\"lazy\" srcset=\"https:\/\/www.investincotedazur.com\/wp-content\/uploads\/2025\/06\/Viva-Technology-2025-150x150.jpg 150w, https:\/\/www.investincotedazur.com\/wp-content\/uploads\/2025\/06\/Viva-Technology-2025-700x700.jpg 700w\" sizes=\"(max-width: 150px) 100vw, 150px\" \/><\/div><a class=\"wp-block-latest-posts__post-title\" href=\"https:\/\/www.investincotedazur.com\/en\/team-nice-cote-dazur-viva-tech-2025\/\">Team Nice C\u00f4te d\u2019Azur at Viva Technology 2025: at the heart of technological transitions and international attractiveness<\/a><\/li>\n<li><div class=\"wp-block-latest-posts__featured-image alignleft\"><img width=\"150\" height=\"150\" src=\"https:\/\/www.investincotedazur.com\/wp-content\/uploads\/2025\/01\/RAGNI-USA-150x150.jpg\" class=\"attachment-thumbnail size-thumbnail wp-post-image\" alt=\"RAGNI USA\" style=\"max-width:50px;\" loading=\"lazy\" srcset=\"https:\/\/www.investincotedazur.com\/wp-content\/uploads\/2025\/01\/RAGNI-USA-150x150.jpg 150w, https:\/\/www.investincotedazur.com\/wp-content\/uploads\/2025\/01\/RAGNI-USA-300x300.jpg 300w, https:\/\/www.investincotedazur.com\/wp-content\/uploads\/2025\/01\/RAGNI-USA.jpg 700w\" sizes=\"(max-width: 150px) 100vw, 150px\" \/><\/div><a class=\"wp-block-latest-posts__post-title\" href=\"https:\/\/www.investincotedazur.com\/en\/ragni-group-continues-its-international-expansion-in-the-united-states\/\">RAGNI GROUP Continues Its International Expansion in the United States<\/a><\/li>\n<li><div class=\"wp-block-latest-posts__featured-image alignleft\"><img width=\"150\" height=\"150\" src=\"https:\/\/www.investincotedazur.com\/wp-content\/uploads\/2025\/01\/synergie-cad-group-ardian-150x150.png\" class=\"attachment-thumbnail size-thumbnail wp-post-image\" alt=\"synergie cad group ardian\" style=\"max-width:50px;\" loading=\"lazy\" srcset=\"https:\/\/www.investincotedazur.com\/wp-content\/uploads\/2025\/01\/synergie-cad-group-ardian-150x150.png 150w, https:\/\/www.investincotedazur.com\/wp-content\/uploads\/2025\/01\/synergie-cad-group-ardian-300x300.png 300w, https:\/\/www.investincotedazur.com\/wp-content\/uploads\/2025\/01\/synergie-cad-group-ardian.png 700w\" sizes=\"(max-width: 150px) 100vw, 150px\" \/><\/div><a class=\"wp-block-latest-posts__post-title\" href=\"https:\/\/www.investincotedazur.com\/en\/ardian-semiconductor-acquires-synergie-cad-group\/\">Ardian Semiconductor acquires Synergie Cad Group<\/a><\/li>\n<li><div class=\"wp-block-latest-posts__featured-image alignleft\"><img width=\"150\" height=\"150\" src=\"https:\/\/www.investincotedazur.com\/wp-content\/uploads\/2025\/01\/nice-cote-dazur-2024-150x150.png\" class=\"attachment-thumbnail size-thumbnail wp-post-image\" alt=\"\" style=\"max-width:50px;\" loading=\"lazy\" srcset=\"https:\/\/www.investincotedazur.com\/wp-content\/uploads\/2025\/01\/nice-cote-dazur-2024-150x150.png 150w, https:\/\/www.investincotedazur.com\/wp-content\/uploads\/2025\/01\/nice-cote-dazur-2024-300x300.png 300w, https:\/\/www.investincotedazur.com\/wp-content\/uploads\/2025\/01\/nice-cote-dazur-2024.png 700w\" sizes=\"(max-width: 150px) 100vw, 150px\" \/><\/div><a class=\"wp-block-latest-posts__post-title\" href=\"https:\/\/www.investincotedazur.com\/en\/nice-cote-dazur-a-dynamic-2024-in-the-service-of-attractiveness\/\">Nice C\u00f4te d\u2019Azur: a dynamic 2024 in the service of attractiveness<\/a><\/li>\n<\/ul>","protected":false},"excerpt":{"rendered":"<p>Key Points Virbac, a leading company in animal health, plans a major expansion on the site formerly held by Primagaz in Carros. (Source: Nice-Matin 17,18\/02\/2024). The initiative, a sign of reindustrialization in France, is expected to generate significant employment and stimulate the local economy. The new site, scheduled to become operational between 2026 and 2027, [&hellip;]<\/p>\n","protected":false},"author":14,"featured_media":18494,"comment_status":"closed","ping_status":"closed","sticky":false,"template":"","format":"standard","meta":{"_mi_skip_tracking":false,"_monsterinsights_sitenote_active":false,"_monsterinsights_sitenote_note":"","_monsterinsights_sitenote_category":0},"categories":[165,159,102],"tags":[],"acf":[],"yoast_head":"<!-- This site is optimized with the Yoast SEO plugin v19.12 - https:\/\/yoast.com\/wordpress\/plugins\/seo\/ -->\n<title>Virbac project for a new logistics platform in the Nice C\u00f4te d&#039;Azur Metropolis - Invest in C\u00f4te d&#039;Azur<\/title>\n<meta name=\"description\" content=\"Virbac plans for a significant expansion in Carros, marking a strong commitment to reindustrialization and the local economy, with operations expected to begin between 2026 and 2027.\" \/>\n<meta name=\"robots\" content=\"index, follow, max-snippet:-1, max-image-preview:large, max-video-preview:-1\" \/>\n<link rel=\"canonical\" href=\"https:\/\/www.investincotedazur.com\/en\/virbac-project-for-a-new-logistics-platform-in-the-nice-cote-dazur-metropolis\/\" \/>\n<meta property=\"og:locale\" content=\"en_US\" \/>\n<meta property=\"og:type\" content=\"article\" \/>\n<meta property=\"og:title\" content=\"Virbac project for a new logistics platform in the Nice C\u00f4te d&#039;Azur Metropolis - Invest in C\u00f4te d&#039;Azur\" \/>\n<meta property=\"og:description\" content=\"Virbac plans for a significant expansion in Carros, marking a strong commitment to reindustrialization and the local economy, with operations expected to begin between 2026 and 2027.\" \/>\n<meta property=\"og:url\" content=\"https:\/\/www.investincotedazur.com\/en\/virbac-project-for-a-new-logistics-platform-in-the-nice-cote-dazur-metropolis\/\" \/>\n<meta property=\"og:site_name\" content=\"Invest in C\u00f4te d&#039;Azur\" \/>\n<meta property=\"article:published_time\" content=\"2024-02-28T07:58:01+00:00\" \/>\n<meta property=\"article:modified_time\" content=\"2024-03-02T09:52:45+00:00\" \/>\n<meta property=\"og:image\" content=\"https:\/\/www.investincotedazur.com\/wp-content\/uploads\/2024\/02\/projet-virbac-metropole-nice.png\" \/>\n\t<meta property=\"og:image:width\" content=\"700\" \/>\n\t<meta property=\"og:image:height\" content=\"700\" \/>\n\t<meta property=\"og:image:type\" content=\"image\/png\" \/>\n<meta name=\"author\" content=\"Jose Perez Gabarron\" \/>\n<meta name=\"twitter:card\" content=\"summary_large_image\" \/>\n<meta name=\"twitter:creator\" content=\"@Investcotedazur\" \/>\n<meta name=\"twitter:site\" content=\"@Investcotedazur\" \/>\n<meta name=\"twitter:label1\" content=\"Written by\" \/>\n\t<meta name=\"twitter:data1\" content=\"Jose Perez Gabarron\" \/>\n\t<meta name=\"twitter:label2\" content=\"Est. reading time\" \/>\n\t<meta name=\"twitter:data2\" content=\"2 minutes\" \/>\n<script type=\"application\/ld+json\" class=\"yoast-schema-graph\">{\"@context\":\"https:\/\/schema.org\",\"@graph\":[{\"@type\":\"Article\",\"@id\":\"https:\/\/www.investincotedazur.com\/en\/virbac-project-for-a-new-logistics-platform-in-the-nice-cote-dazur-metropolis\/#article\",\"isPartOf\":{\"@id\":\"https:\/\/www.investincotedazur.com\/en\/virbac-project-for-a-new-logistics-platform-in-the-nice-cote-dazur-metropolis\/\"},\"author\":{\"name\":\"Jose Perez Gabarron\",\"@id\":\"https:\/\/www.investincotedazur.com\/en\/#\/schema\/person\/ebbeede4229d29e0861488f2bd1036d9\"},\"headline\":\"Virbac project for a new logistics platform in the Nice C\u00f4te d&#8217;Azur Metropolis\",\"datePublished\":\"2024-02-28T07:58:01+00:00\",\"dateModified\":\"2024-03-02T09:52:45+00:00\",\"mainEntityOfPage\":{\"@id\":\"https:\/\/www.investincotedazur.com\/en\/virbac-project-for-a-new-logistics-platform-in-the-nice-cote-dazur-metropolis\/\"},\"wordCount\":320,\"publisher\":{\"@id\":\"https:\/\/www.investincotedazur.com\/en\/#organization\"},\"articleSection\":[\"Health\",\"industry\",\"Nice C\u00f4te d'Azur Metropolis\"],\"inLanguage\":\"en-US\"},{\"@type\":\"WebPage\",\"@id\":\"https:\/\/www.investincotedazur.com\/en\/virbac-project-for-a-new-logistics-platform-in-the-nice-cote-dazur-metropolis\/\",\"url\":\"https:\/\/www.investincotedazur.com\/en\/virbac-project-for-a-new-logistics-platform-in-the-nice-cote-dazur-metropolis\/\",\"name\":\"Virbac project for a new logistics platform in the Nice C\u00f4te d'Azur Metropolis - Invest in C\u00f4te d&#039;Azur\",\"isPartOf\":{\"@id\":\"https:\/\/www.investincotedazur.com\/en\/#website\"},\"datePublished\":\"2024-02-28T07:58:01+00:00\",\"dateModified\":\"2024-03-02T09:52:45+00:00\",\"description\":\"Virbac plans for a significant expansion in Carros, marking a strong commitment to reindustrialization and the local economy, with operations expected to begin between 2026 and 2027.\",\"inLanguage\":\"en-US\",\"potentialAction\":[{\"@type\":\"ReadAction\",\"target\":[\"https:\/\/www.investincotedazur.com\/en\/virbac-project-for-a-new-logistics-platform-in-the-nice-cote-dazur-metropolis\/\"]}]},{\"@type\":\"WebSite\",\"@id\":\"https:\/\/www.investincotedazur.com\/en\/#website\",\"url\":\"https:\/\/www.investincotedazur.com\/en\/\",\"name\":\"Invest in C\u00f4te d'Azur\",\"description\":\"\",\"publisher\":{\"@id\":\"https:\/\/www.investincotedazur.com\/en\/#organization\"},\"alternateName\":\"Invest in C\u00f4te d'Azur\",\"potentialAction\":[{\"@type\":\"SearchAction\",\"target\":{\"@type\":\"EntryPoint\",\"urlTemplate\":\"https:\/\/www.investincotedazur.com\/en\/?s={search_term_string}\"},\"query-input\":\"required name=search_term_string\"}],\"inLanguage\":\"en-US\"},{\"@type\":\"Organization\",\"@id\":\"https:\/\/www.investincotedazur.com\/en\/#organization\",\"name\":\"Invest in C\u00f4te d'Azur\",\"alternateName\":\"Invest in C\u00f4te d'Azur\",\"url\":\"https:\/\/www.investincotedazur.com\/en\/\",\"logo\":{\"@type\":\"ImageObject\",\"inLanguage\":\"en-US\",\"@id\":\"https:\/\/www.investincotedazur.com\/en\/#\/schema\/logo\/image\/\",\"url\":\"https:\/\/www.investincotedazur.com\/wp-content\/uploads\/2023\/05\/cropped-New-missions-3.png\",\"contentUrl\":\"https:\/\/www.investincotedazur.com\/wp-content\/uploads\/2023\/05\/cropped-New-missions-3.png\",\"width\":512,\"height\":512,\"caption\":\"Invest in C\u00f4te d'Azur\"},\"image\":{\"@id\":\"https:\/\/www.investincotedazur.com\/en\/#\/schema\/logo\/image\/\"},\"sameAs\":[\"https:\/\/www.linkedin.com\/company\/investincotedazur\/\",\"https:\/\/twitter.com\/Investcotedazur\"]},{\"@type\":\"Person\",\"@id\":\"https:\/\/www.investincotedazur.com\/en\/#\/schema\/person\/ebbeede4229d29e0861488f2bd1036d9\",\"name\":\"Jose Perez Gabarron\",\"image\":{\"@type\":\"ImageObject\",\"inLanguage\":\"en-US\",\"@id\":\"https:\/\/www.investincotedazur.com\/en\/#\/schema\/person\/image\/\",\"url\":\"https:\/\/secure.gravatar.com\/avatar\/20ec9e74f48620b8ee4253da6b114950?s=96&d=mm&r=g\",\"contentUrl\":\"https:\/\/secure.gravatar.com\/avatar\/20ec9e74f48620b8ee4253da6b114950?s=96&d=mm&r=g\",\"caption\":\"Jose Perez Gabarron\"}}]}<\/script>\n<!-- \/ Yoast SEO plugin. -->","yoast_head_json":{"title":"Virbac project for a new logistics platform in the Nice C\u00f4te d'Azur Metropolis - Invest in C\u00f4te d&#039;Azur","description":"Virbac plans for a significant expansion in Carros, marking a strong commitment to reindustrialization and the local economy, with operations expected to begin between 2026 and 2027.","robots":{"index":"index","follow":"follow","max-snippet":"max-snippet:-1","max-image-preview":"max-image-preview:large","max-video-preview":"max-video-preview:-1"},"canonical":"https:\/\/www.investincotedazur.com\/en\/virbac-project-for-a-new-logistics-platform-in-the-nice-cote-dazur-metropolis\/","og_locale":"en_US","og_type":"article","og_title":"Virbac project for a new logistics platform in the Nice C\u00f4te d'Azur Metropolis - Invest in C\u00f4te d&#039;Azur","og_description":"Virbac plans for a significant expansion in Carros, marking a strong commitment to reindustrialization and the local economy, with operations expected to begin between 2026 and 2027.","og_url":"https:\/\/www.investincotedazur.com\/en\/virbac-project-for-a-new-logistics-platform-in-the-nice-cote-dazur-metropolis\/","og_site_name":"Invest in C\u00f4te d&#039;Azur","article_published_time":"2024-02-28T07:58:01+00:00","article_modified_time":"2024-03-02T09:52:45+00:00","og_image":[{"width":700,"height":700,"url":"https:\/\/www.investincotedazur.com\/wp-content\/uploads\/2024\/02\/projet-virbac-metropole-nice.png","type":"image\/png"}],"author":"Jose Perez Gabarron","twitter_card":"summary_large_image","twitter_creator":"@Investcotedazur","twitter_site":"@Investcotedazur","twitter_misc":{"Written by":"Jose Perez Gabarron","Est. reading time":"2 minutes"},"schema":{"@context":"https:\/\/schema.org","@graph":[{"@type":"Article","@id":"https:\/\/www.investincotedazur.com\/en\/virbac-project-for-a-new-logistics-platform-in-the-nice-cote-dazur-metropolis\/#article","isPartOf":{"@id":"https:\/\/www.investincotedazur.com\/en\/virbac-project-for-a-new-logistics-platform-in-the-nice-cote-dazur-metropolis\/"},"author":{"name":"Jose Perez Gabarron","@id":"https:\/\/www.investincotedazur.com\/en\/#\/schema\/person\/ebbeede4229d29e0861488f2bd1036d9"},"headline":"Virbac project for a new logistics platform in the Nice C\u00f4te d&#8217;Azur Metropolis","datePublished":"2024-02-28T07:58:01+00:00","dateModified":"2024-03-02T09:52:45+00:00","mainEntityOfPage":{"@id":"https:\/\/www.investincotedazur.com\/en\/virbac-project-for-a-new-logistics-platform-in-the-nice-cote-dazur-metropolis\/"},"wordCount":320,"publisher":{"@id":"https:\/\/www.investincotedazur.com\/en\/#organization"},"articleSection":["Health","industry","Nice C\u00f4te d'Azur Metropolis"],"inLanguage":"en-US"},{"@type":"WebPage","@id":"https:\/\/www.investincotedazur.com\/en\/virbac-project-for-a-new-logistics-platform-in-the-nice-cote-dazur-metropolis\/","url":"https:\/\/www.investincotedazur.com\/en\/virbac-project-for-a-new-logistics-platform-in-the-nice-cote-dazur-metropolis\/","name":"Virbac project for a new logistics platform in the Nice C\u00f4te d'Azur Metropolis - Invest in C\u00f4te d&#039;Azur","isPartOf":{"@id":"https:\/\/www.investincotedazur.com\/en\/#website"},"datePublished":"2024-02-28T07:58:01+00:00","dateModified":"2024-03-02T09:52:45+00:00","description":"Virbac plans for a significant expansion in Carros, marking a strong commitment to reindustrialization and the local economy, with operations expected to begin between 2026 and 2027.","inLanguage":"en-US","potentialAction":[{"@type":"ReadAction","target":["https:\/\/www.investincotedazur.com\/en\/virbac-project-for-a-new-logistics-platform-in-the-nice-cote-dazur-metropolis\/"]}]},{"@type":"WebSite","@id":"https:\/\/www.investincotedazur.com\/en\/#website","url":"https:\/\/www.investincotedazur.com\/en\/","name":"Invest in C\u00f4te d'Azur","description":"","publisher":{"@id":"https:\/\/www.investincotedazur.com\/en\/#organization"},"alternateName":"Invest in C\u00f4te d'Azur","potentialAction":[{"@type":"SearchAction","target":{"@type":"EntryPoint","urlTemplate":"https:\/\/www.investincotedazur.com\/en\/?s={search_term_string}"},"query-input":"required name=search_term_string"}],"inLanguage":"en-US"},{"@type":"Organization","@id":"https:\/\/www.investincotedazur.com\/en\/#organization","name":"Invest in C\u00f4te d'Azur","alternateName":"Invest in C\u00f4te d'Azur","url":"https:\/\/www.investincotedazur.com\/en\/","logo":{"@type":"ImageObject","inLanguage":"en-US","@id":"https:\/\/www.investincotedazur.com\/en\/#\/schema\/logo\/image\/","url":"https:\/\/www.investincotedazur.com\/wp-content\/uploads\/2023\/05\/cropped-New-missions-3.png","contentUrl":"https:\/\/www.investincotedazur.com\/wp-content\/uploads\/2023\/05\/cropped-New-missions-3.png","width":512,"height":512,"caption":"Invest in C\u00f4te d'Azur"},"image":{"@id":"https:\/\/www.investincotedazur.com\/en\/#\/schema\/logo\/image\/"},"sameAs":["https:\/\/www.linkedin.com\/company\/investincotedazur\/","https:\/\/twitter.com\/Investcotedazur"]},{"@type":"Person","@id":"https:\/\/www.investincotedazur.com\/en\/#\/schema\/person\/ebbeede4229d29e0861488f2bd1036d9","name":"Jose Perez Gabarron","image":{"@type":"ImageObject","inLanguage":"en-US","@id":"https:\/\/www.investincotedazur.com\/en\/#\/schema\/person\/image\/","url":"https:\/\/secure.gravatar.com\/avatar\/20ec9e74f48620b8ee4253da6b114950?s=96&d=mm&r=g","contentUrl":"https:\/\/secure.gravatar.com\/avatar\/20ec9e74f48620b8ee4253da6b114950?s=96&d=mm&r=g","caption":"Jose Perez Gabarron"}}]}},"_links":{"self":[{"href":"https:\/\/www.investincotedazur.com\/en\/wp-json\/wp\/v2\/posts\/18527"}],"collection":[{"href":"https:\/\/www.investincotedazur.com\/en\/wp-json\/wp\/v2\/posts"}],"about":[{"href":"https:\/\/www.investincotedazur.com\/en\/wp-json\/wp\/v2\/types\/post"}],"author":[{"embeddable":true,"href":"https:\/\/www.investincotedazur.com\/en\/wp-json\/wp\/v2\/users\/14"}],"replies":[{"embeddable":true,"href":"https:\/\/www.investincotedazur.com\/en\/wp-json\/wp\/v2\/comments?post=18527"}],"version-history":[{"count":2,"href":"https:\/\/www.investincotedazur.com\/en\/wp-json\/wp\/v2\/posts\/18527\/revisions"}],"predecessor-version":[{"id":18535,"href":"https:\/\/www.investincotedazur.com\/en\/wp-json\/wp\/v2\/posts\/18527\/revisions\/18535"}],"wp:featuredmedia":[{"embeddable":true,"href":"https:\/\/www.investincotedazur.com\/en\/wp-json\/wp\/v2\/media\/18494"}],"wp:attachment":[{"href":"https:\/\/www.investincotedazur.com\/en\/wp-json\/wp\/v2\/media?parent=18527"}],"wp:term":[{"taxonomy":"category","embeddable":true,"href":"https:\/\/www.investincotedazur.com\/en\/wp-json\/wp\/v2\/categories?post=18527"},{"taxonomy":"post_tag","embeddable":true,"href":"https:\/\/www.investincotedazur.com\/en\/wp-json\/wp\/v2\/tags?post=18527"}],"curies":[{"name":"wp","href":"https:\/\/api.w.org\/{rel}","templated":true}]}}