{"id":18525,"date":"2024-02-28T11:20:41","date_gmt":"2024-02-28T10:20:41","guid":{"rendered":"https:\/\/www.investincotedazur.com\/?p=18525"},"modified":"2024-03-03T22:46:01","modified_gmt":"2024-03-03T21:46:01","slug":"the-nice-cote-dazur-metropolis-accelerates-towards-sustainable-mobility","status":"publish","type":"post","link":"https:\/\/www.investincotedazur.com\/en\/the-nice-cote-dazur-metropolis-accelerates-towards-sustainable-mobility\/","title":{"rendered":"The Nice C\u00f4te d\u2019Azur Metropolis Accelerates Towards Sustainable Mobility"},"content":{"rendered":"\n<div class=\"wp-container-3 wp-block-columns has-background\" style=\"background-color:#f1f1f1\">\n<div class=\"wp-container-1 wp-block-column\">\n<figure class=\"wp-block-image size-full is-style-rounded\"><img width=\"700\" height=\"700\" src=\"https:\/\/www.investincotedazur.com\/wp-content\/uploads\/2024\/02\/mobilite-durable-nice.png\" alt=\"Sustainable Mobility Nice\" class=\"wp-image-18498\" srcset=\"https:\/\/www.investincotedazur.com\/wp-content\/uploads\/2024\/02\/mobilite-durable-nice.png 700w, https:\/\/www.investincotedazur.com\/wp-content\/uploads\/2024\/02\/mobilite-durable-nice-300x300.png 300w, https:\/\/www.investincotedazur.com\/wp-content\/uploads\/2024\/02\/mobilite-durable-nice-150x150.png 150w\" sizes=\"(max-width: 700px) 100vw, 700px\" \/><\/figure>\n<\/div>\n\n\n\n<div class=\"wp-container-2 wp-block-column\" style=\"flex-basis:800px\">\n<p class=\"has-medium-font-size\"><strong>Key Highlights:<\/strong><\/p>\n\n\n\n<ol type=\"1\" class=\"has-medium-font-size\"><li>Continuation and funding of major sustainable transport projects, including the extension of tramway lines and the electrification of buses.<\/li><li>Significant development of cycling infrastructure, aiming for a 10% modal share of cycling by 2026.<\/li><li>Expansion of the electric vehicle charging network, with a goal surpassed two years ahead of the scheduled deadline.<\/li><\/ol>\n<\/div>\n<\/div>\n\n\n\n<h2><strong>Ecological Transition and Sustainable Transport: The 2024 Milestone<\/strong><strong><\/strong><\/h2>\n\n\n\n<p class=\"has-medium-font-size\"><a href=\"https:\/\/www.nice24.fr\/societe\/transports\/en-2024-la-metropole-poursuivra-sa-transition-ecologique-a-travers-les-transports-durables\/\">The Nice C\u00f4te d\u2019Azur Metropolis is implementing an ambitious ecological transition plan<\/a> focused on the development of sustainable transportation.<\/p>\n\n\n\n<p class=\"has-medium-font-size\">The year 2024 marks a key step in this journey, with the continuation of funding for structuring mobility projects.<\/p>\n\n\n\n<p class=\"has-medium-font-size\"><strong>Tramway lines 4 and 5 will benefit from crucial operations for their deployment, including land acquisitions and preparatory work.<\/strong><\/p>\n\n\n\n<p class=\"has-medium-font-size\">Simultaneously, the <strong>electrification of the bus fleet and the expansion of the capacities of tramway line 1<\/strong> reflect the Metropolis&#8217;s commitment to clean and efficient mobility.<\/p>\n\n\n\n<p class=\"has-medium-font-size\">The Nice C\u00f4te d\u2019Azur Metropolis continues to improve multimodal exchange hubs (PEMs), notably with the recent commissioning of new infrastructures at Nice Saint-Augustin and the progress of <a href=\"https:\/\/www.investincotedazur.com\/en\/the-esplanade-and-bus-station-of-the-cagnes-sur-mer-multimodal-exchange-hub-were-officially-inaugurated\/\">works at Cagnes-sur-Mer<\/a>, aiming for efficient interconnection between various modes of transport while awaiting the construction of <a href=\"https:\/\/www.investincotedazur.com\/en\/nice-airport-train-station-europes-first-bioclimatic-station\/\">Europe&#8217;s first bioclimatic station planned for 2028.<\/a>.<\/p>\n\n\n\n<p class=\"has-medium-font-size\">These initiatives, including studies for the Beaulieu-sur-Mer PEM, reflect a commitment to smooth and integrated urban mobility.<\/p>\n\n\n\n<div style=\"height:100px\" aria-hidden=\"true\" class=\"wp-block-spacer\"><\/div>\n\n\n\n<h2><strong>Development of Cycling Infrastructures<\/strong><\/h2>\n\n\n\n<p class=\"has-medium-font-size\">The goal of achieving a 10% modal share of cycling by 2026 is materializing through significant investments in the cycling path network and associated services.<\/p>\n\n\n\n<p class=\"has-medium-font-size\">The year 2024 will see the completion of major cycling links, such as the Nice-La Trinit\u00e9 two-way cycle path, strengthening the network between municipalities.<\/p>\n\n\n\n<p class=\"has-medium-font-size\">The introduction of a new <a href=\"https:\/\/www.investincotedazur.com\/velo-libre-service-nice\/\">bike-sharing scheme<\/a>, extended to six additional municipalities, illustrates the desire to promote a sustainable and accessible alternative to individual car use.<\/p>\n\n\n\n<div style=\"height:100px\" aria-hidden=\"true\" class=\"wp-block-spacer\"><\/div>\n\n\n\n<h2><strong>Electric Charging Infrastructure: A Major Advance for Electric Vehicles<\/strong><\/h2>\n\n\n\n<p class=\"has-medium-font-size\"><strong>The increase in charging points for electric vehicles<\/strong> is part of the Metropolis&#8217;s overall strategy for decarbonizing mobility. By the beginning of 2024, 600 charging points have been installed, allowing the Nice C\u00f4te d\u2019Azur Metropolis to be two years ahead of its initial objectives, thus encouraging the adoption of clean vehicles by its residents and visitors.<\/p>\n\n\n\n<p class=\"has-medium-font-size\">This progress, combined with the deployment of shared electric mobility solutions, positions the Metropolis as a model of energy transition in the field of transportation.<\/p>\n\n\n\n<div style=\"height:48px\" aria-hidden=\"true\" class=\"wp-block-spacer\"><\/div>\n\n\n\n<hr class=\"wp-block-separator has-text-color has-vivid-cyan-blue-color has-alpha-channel-opacity has-vivid-cyan-blue-background-color has-background\"\/>\n\n\n\n<h2 class=\"has-vivid-cyan-blue-color has-text-color\">Ecological Transition Nice C\u00f4te d&#8217;Azur<\/h2>\n\n\n\n<div style=\"height:23px\" aria-hidden=\"true\" class=\"wp-block-spacer\"><\/div>\n\n\n<ul class=\"wp-block-latest-posts__list is-grid columns-2 wp-block-latest-posts\"><li><div class=\"wp-block-latest-posts__featured-image alignleft\"><a href=\"https:\/\/www.investincotedazur.com\/en\/les-alchimistes-nice-bio-waste-recovery-soil-regeneration\/\" aria-label=\"Les Alchimistes establishes an agency in Nice to transform bio-waste into a resource to regenerate soils\"><img width=\"150\" height=\"150\" src=\"https:\/\/www.investincotedazur.com\/wp-content\/uploads\/2026\/02\/investincotedazur-2026-02-13T095813.069-150x150.jpg\" class=\"attachment-thumbnail size-thumbnail wp-post-image\" alt=\"les alchimistes Nice\" style=\"max-width:50px;\" loading=\"lazy\" srcset=\"https:\/\/www.investincotedazur.com\/wp-content\/uploads\/2026\/02\/investincotedazur-2026-02-13T095813.069-150x150.jpg 150w, https:\/\/www.investincotedazur.com\/wp-content\/uploads\/2026\/02\/investincotedazur-2026-02-13T095813.069-300x300.jpg 300w, https:\/\/www.investincotedazur.com\/wp-content\/uploads\/2026\/02\/investincotedazur-2026-02-13T095813.069.jpg 700w\" sizes=\"(max-width: 150px) 100vw, 150px\" \/><\/a><\/div><a class=\"wp-block-latest-posts__post-title\" href=\"https:\/\/www.investincotedazur.com\/en\/les-alchimistes-nice-bio-waste-recovery-soil-regeneration\/\">Les Alchimistes establishes an agency in Nice to transform bio-waste into a resource to regenerate soils<\/a><\/li>\n<li><div class=\"wp-block-latest-posts__featured-image alignleft\"><a href=\"https:\/\/www.investincotedazur.com\/en\/team-nice-cote-dazur-showcases-ai-ecosystem-at-ai-business-tour-and-waicf-2026\/\" aria-label=\"Artificial intelligence: Team Nice C\u00f4te d\u2019Azur mobilized for an AI Business Tour and WAICF 2026\"><img width=\"150\" height=\"150\" src=\"https:\/\/www.investincotedazur.com\/wp-content\/uploads\/2026\/02\/investincotedazur-72-150x150.png\" class=\"attachment-thumbnail size-thumbnail wp-post-image\" alt=\"eam Nice C\u00f4te d\u2019Azur mobilized for an AI Business Tour and WAICF 2026\" style=\"max-width:50px;\" loading=\"lazy\" srcset=\"https:\/\/www.investincotedazur.com\/wp-content\/uploads\/2026\/02\/investincotedazur-72-150x150.png 150w, https:\/\/www.investincotedazur.com\/wp-content\/uploads\/2026\/02\/investincotedazur-72-700x700.png 700w\" sizes=\"(max-width: 150px) 100vw, 150px\" \/><\/a><\/div><a class=\"wp-block-latest-posts__post-title\" href=\"https:\/\/www.investincotedazur.com\/en\/team-nice-cote-dazur-showcases-ai-ecosystem-at-ai-business-tour-and-waicf-2026\/\">Artificial intelligence: Team Nice C\u00f4te d\u2019Azur mobilized for an AI Business Tour and WAICF 2026<\/a><\/li>\n<li><div class=\"wp-block-latest-posts__featured-image alignleft\"><a href=\"https:\/\/www.investincotedazur.com\/en\/oceanwell-and-eau-dazur-sign-an-mou-with-a-view-to-developing-an-underwater-farm-in-the-nice-cote-dazur-metropolis\/\" aria-label=\"OceanWell and Eau d\u2019Azur sign an MoU with a view to developing an underwater farm in the Nice C\u00f4te d\u2019Azur Metropolis\"><img width=\"150\" height=\"150\" src=\"https:\/\/www.investincotedazur.com\/wp-content\/uploads\/2026\/02\/investincotedazur-2026-02-02T092019.276-150x150.jpg\" class=\"attachment-thumbnail size-thumbnail wp-post-image\" alt=\"OceanWell et Eau d&#039;Azur signent un protocole d&#039;accord\" style=\"max-width:50px;\" loading=\"lazy\" srcset=\"https:\/\/www.investincotedazur.com\/wp-content\/uploads\/2026\/02\/investincotedazur-2026-02-02T092019.276-150x150.jpg 150w, https:\/\/www.investincotedazur.com\/wp-content\/uploads\/2026\/02\/investincotedazur-2026-02-02T092019.276-300x300.jpg 300w, https:\/\/www.investincotedazur.com\/wp-content\/uploads\/2026\/02\/investincotedazur-2026-02-02T092019.276.jpg 700w\" sizes=\"(max-width: 150px) 100vw, 150px\" \/><\/a><\/div><a class=\"wp-block-latest-posts__post-title\" href=\"https:\/\/www.investincotedazur.com\/en\/oceanwell-and-eau-dazur-sign-an-mou-with-a-view-to-developing-an-underwater-farm-in-the-nice-cote-dazur-metropolis\/\">OceanWell and Eau d\u2019Azur sign an MoU with a view to developing an underwater farm in the Nice C\u00f4te d\u2019Azur Metropolis<\/a><\/li>\n<li><div class=\"wp-block-latest-posts__featured-image alignleft\"><a href=\"https:\/\/www.investincotedazur.com\/en\/team-nice-cote-dazur-participates-in-euromaritime-2026\/\" aria-label=\"Team Nice C\u00f4te d\u2019Azur participates in Euromaritime 2026\"><img width=\"150\" height=\"150\" src=\"https:\/\/www.investincotedazur.com\/wp-content\/uploads\/2026\/01\/investincotedazur-67-150x150.png\" class=\"attachment-thumbnail size-thumbnail wp-post-image\" alt=\"Team Nice C\u00f4te d\u2019Azur participe \u00e0 Euromaritime 2026\" style=\"max-width:50px;\" loading=\"lazy\" srcset=\"https:\/\/www.investincotedazur.com\/wp-content\/uploads\/2026\/01\/investincotedazur-67-150x150.png 150w, https:\/\/www.investincotedazur.com\/wp-content\/uploads\/2026\/01\/investincotedazur-67-700x700.png 700w\" sizes=\"(max-width: 150px) 100vw, 150px\" \/><\/a><\/div><a class=\"wp-block-latest-posts__post-title\" href=\"https:\/\/www.investincotedazur.com\/en\/team-nice-cote-dazur-participates-in-euromaritime-2026\/\">Team Nice C\u00f4te d\u2019Azur participates in Euromaritime 2026<\/a><\/li>\n<li><div class=\"wp-block-latest-posts__featured-image alignleft\"><a href=\"https:\/\/www.investincotedazur.com\/en\/the-cote-dazur-is-emerging-as-a-testing-ground-for-decarbonised-air-mobility\/\" aria-label=\"The C\u00f4te d\u2019Azur is emerging as a testing ground for decarbonised air mobility\"><img width=\"150\" height=\"150\" src=\"https:\/\/www.investincotedazur.com\/wp-content\/uploads\/2026\/01\/mobilite-arienne-decarbonee-150x150.png\" class=\"attachment-thumbnail size-thumbnail wp-post-image\" alt=\"mobilit\u00e9 arienne decarbonee\" style=\"max-width:50px;\" loading=\"lazy\" srcset=\"https:\/\/www.investincotedazur.com\/wp-content\/uploads\/2026\/01\/mobilite-arienne-decarbonee-150x150.png 150w, https:\/\/www.investincotedazur.com\/wp-content\/uploads\/2026\/01\/mobilite-arienne-decarbonee-700x700.png 700w\" sizes=\"(max-width: 150px) 100vw, 150px\" \/><\/a><\/div><a class=\"wp-block-latest-posts__post-title\" href=\"https:\/\/www.investincotedazur.com\/en\/the-cote-dazur-is-emerging-as-a-testing-ground-for-decarbonised-air-mobility\/\">The C\u00f4te d\u2019Azur is emerging as a testing ground for decarbonised air mobility<\/a><\/li>\n<li><div class=\"wp-block-latest-posts__featured-image alignleft\"><a href=\"https:\/\/www.investincotedazur.com\/en\/heading-for-the-cote-dazur-blue-economy-innovation-and-transition-serving-the-region\/\" aria-label=\"Heading for the C\u00f4te d\u2019Azur blue economy: innovation and transition serving the region\"><img width=\"150\" height=\"150\" src=\"https:\/\/www.investincotedazur.com\/wp-content\/uploads\/2025\/11\/investincotedazur-25-150x150.png\" class=\"attachment-thumbnail size-thumbnail wp-post-image\" alt=\"\u00e9conomie bleue azur\u00e9enne\" style=\"max-width:50px;\" loading=\"lazy\" srcset=\"https:\/\/www.investincotedazur.com\/wp-content\/uploads\/2025\/11\/investincotedazur-25-150x150.png 150w, https:\/\/www.investincotedazur.com\/wp-content\/uploads\/2025\/11\/investincotedazur-25-700x700.png 700w\" sizes=\"(max-width: 150px) 100vw, 150px\" \/><\/a><\/div><a class=\"wp-block-latest-posts__post-title\" href=\"https:\/\/www.investincotedazur.com\/en\/heading-for-the-cote-dazur-blue-economy-innovation-and-transition-serving-the-region\/\">Heading for the C\u00f4te d\u2019Azur blue economy: innovation and transition serving the region<\/a><\/li>\n<li><div class=\"wp-block-latest-posts__featured-image alignleft\"><a href=\"https:\/\/www.investincotedazur.com\/en\/blue-innovation-challenge-supporting-innovation-in-marine-space-protection\/\" aria-label=\"Blue Innovation Challenge: supporting innovation in the blue economy sector\"><img width=\"150\" height=\"150\" src=\"https:\/\/www.investincotedazur.com\/wp-content\/uploads\/2023\/07\/BLUE-INNOVATION-CHALLENGE-150x150.jpg\" class=\"attachment-thumbnail size-thumbnail wp-post-image\" alt=\"BLUE-INNOVATION-CHALLENGE\" style=\"max-width:50px;\" loading=\"lazy\" srcset=\"https:\/\/www.investincotedazur.com\/wp-content\/uploads\/2023\/07\/BLUE-INNOVATION-CHALLENGE-150x150.jpg 150w, https:\/\/www.investincotedazur.com\/wp-content\/uploads\/2023\/07\/BLUE-INNOVATION-CHALLENGE-700x700.jpg 700w\" sizes=\"(max-width: 150px) 100vw, 150px\" \/><\/a><\/div><a class=\"wp-block-latest-posts__post-title\" href=\"https:\/\/www.investincotedazur.com\/en\/blue-innovation-challenge-supporting-innovation-in-marine-space-protection\/\">Blue Innovation Challenge: supporting innovation in the blue economy sector<\/a><\/li>\n<li><div class=\"wp-block-latest-posts__featured-image alignleft\"><a href=\"https:\/\/www.investincotedazur.com\/en\/a-demonstrator-eco-district-of-the-city-of-tomorrow-in-cagnes-sur-mer\/\" aria-label=\"A demonstrator eco-district of the city of tomorrow in Cagnes-sur-Mer\"><img width=\"150\" height=\"150\" src=\"https:\/\/www.investincotedazur.com\/wp-content\/uploads\/2025\/09\/ecoquartier-cagnes-sur-mer-150x150.png\" class=\"attachment-thumbnail size-thumbnail wp-post-image\" alt=\"ecoquartier cagnes sur mer\" style=\"max-width:50px;\" loading=\"lazy\" srcset=\"https:\/\/www.investincotedazur.com\/wp-content\/uploads\/2025\/09\/ecoquartier-cagnes-sur-mer-150x150.png 150w, https:\/\/www.investincotedazur.com\/wp-content\/uploads\/2025\/09\/ecoquartier-cagnes-sur-mer-700x700.png 700w\" sizes=\"(max-width: 150px) 100vw, 150px\" \/><\/a><\/div><a class=\"wp-block-latest-posts__post-title\" href=\"https:\/\/www.investincotedazur.com\/en\/a-demonstrator-eco-district-of-the-city-of-tomorrow-in-cagnes-sur-mer\/\">A demonstrator eco-district of the city of tomorrow in Cagnes-sur-Mer<\/a><\/li>\n<li><div class=\"wp-block-latest-posts__featured-image alignleft\"><a href=\"https:\/\/www.investincotedazur.com\/en\/voltaica-raises-e2-5-million-to-support-its-industrial-transformation-and-european-expansion\/\" aria-label=\"Volta\u00efca raises \u20ac2.5 million to support its industrial transformation and European expansion\"><img width=\"150\" height=\"150\" src=\"https:\/\/www.investincotedazur.com\/wp-content\/uploads\/2025\/07\/levee-de-fonds-voltaica-150x150.jpg\" class=\"attachment-thumbnail size-thumbnail wp-post-image\" alt=\"levee de fonds voltaica\" style=\"max-width:50px;\" loading=\"lazy\" srcset=\"https:\/\/www.investincotedazur.com\/wp-content\/uploads\/2025\/07\/levee-de-fonds-voltaica-150x150.jpg 150w, https:\/\/www.investincotedazur.com\/wp-content\/uploads\/2025\/07\/levee-de-fonds-voltaica-300x300.jpg 300w, https:\/\/www.investincotedazur.com\/wp-content\/uploads\/2025\/07\/levee-de-fonds-voltaica.jpg 700w\" sizes=\"(max-width: 150px) 100vw, 150px\" \/><\/a><\/div><a class=\"wp-block-latest-posts__post-title\" href=\"https:\/\/www.investincotedazur.com\/en\/voltaica-raises-e2-5-million-to-support-its-industrial-transformation-and-european-expansion\/\">Volta\u00efca raises \u20ac2.5 million to support its industrial transformation and European expansion<\/a><\/li>\n<li><div class=\"wp-block-latest-posts__featured-image alignleft\"><a href=\"https:\/\/www.investincotedazur.com\/en\/sustainable-city-parc-meridia-project-enters-implementation-phase\/\" aria-label=\"Sustainable city: Parc M\u00e9ridia project enters implementation phase\"><img width=\"150\" height=\"150\" src=\"https:\/\/www.investincotedazur.com\/wp-content\/uploads\/2025\/02\/investincotedazur-7-150x150.jpg\" class=\"attachment-thumbnail size-thumbnail wp-post-image\" alt=\"parc Meridia\" style=\"max-width:50px;\" loading=\"lazy\" srcset=\"https:\/\/www.investincotedazur.com\/wp-content\/uploads\/2025\/02\/investincotedazur-7-150x150.jpg 150w, https:\/\/www.investincotedazur.com\/wp-content\/uploads\/2025\/02\/investincotedazur-7-300x300.jpg 300w, https:\/\/www.investincotedazur.com\/wp-content\/uploads\/2025\/02\/investincotedazur-7.jpg 700w\" sizes=\"(max-width: 150px) 100vw, 150px\" \/><\/a><\/div><a class=\"wp-block-latest-posts__post-title\" href=\"https:\/\/www.investincotedazur.com\/en\/sustainable-city-parc-meridia-project-enters-implementation-phase\/\">Sustainable city: Parc M\u00e9ridia project enters implementation phase<\/a><\/li>\n<\/ul>","protected":false},"excerpt":{"rendered":"<p>Key Highlights: Continuation and funding of major sustainable transport projects, including the extension of tramway lines and the electrification of buses. Significant development of cycling infrastructure, aiming for a 10% modal share of cycling by 2026. Expansion of the electric vehicle charging network, with a goal surpassed two years ahead of the scheduled deadline. Ecological [&hellip;]<\/p>\n","protected":false},"author":14,"featured_media":18499,"comment_status":"closed","ping_status":"closed","sticky":false,"template":"","format":"standard","meta":{"_mi_skip_tracking":false,"_monsterinsights_sitenote_active":false,"_monsterinsights_sitenote_note":"","_monsterinsights_sitenote_category":0},"categories":[91,153,102],"tags":[],"acf":[],"yoast_head":"<!-- This site is optimized with the Yoast SEO plugin v19.12 - https:\/\/yoast.com\/wordpress\/plugins\/seo\/ -->\n<title>Nice C\u00f4te d&#039;Azur Metropolis: Sustainable Mobility - Invest in C\u00f4te d&#039;Azur<\/title>\n<meta name=\"description\" content=\"The Nice C\u00f4te d&#039;Azur Metropolis intensifies its efforts in sustainable mobility, with tramway, bicycle, and electric charging infrastructure projects.\" \/>\n<meta name=\"robots\" content=\"index, follow, max-snippet:-1, max-image-preview:large, max-video-preview:-1\" \/>\n<link rel=\"canonical\" href=\"https:\/\/www.investincotedazur.com\/en\/the-nice-cote-dazur-metropolis-accelerates-towards-sustainable-mobility\/\" \/>\n<meta property=\"og:locale\" content=\"en_US\" \/>\n<meta property=\"og:type\" content=\"article\" \/>\n<meta property=\"og:title\" content=\"Nice C\u00f4te d&#039;Azur Metropolis: Sustainable Mobility - Invest in C\u00f4te d&#039;Azur\" \/>\n<meta property=\"og:description\" content=\"The Nice C\u00f4te d&#039;Azur Metropolis intensifies its efforts in sustainable mobility, with tramway, bicycle, and electric charging infrastructure projects.\" \/>\n<meta property=\"og:url\" content=\"https:\/\/www.investincotedazur.com\/en\/the-nice-cote-dazur-metropolis-accelerates-towards-sustainable-mobility\/\" \/>\n<meta property=\"og:site_name\" content=\"Invest in C\u00f4te d&#039;Azur\" \/>\n<meta property=\"article:published_time\" content=\"2024-02-28T10:20:41+00:00\" \/>\n<meta property=\"article:modified_time\" content=\"2024-03-03T21:46:01+00:00\" \/>\n<meta property=\"og:image\" content=\"https:\/\/www.investincotedazur.com\/wp-content\/uploads\/2024\/02\/mobilite-durable-nice.png\" \/>\n\t<meta property=\"og:image:width\" content=\"700\" \/>\n\t<meta property=\"og:image:height\" content=\"700\" \/>\n\t<meta property=\"og:image:type\" content=\"image\/png\" \/>\n<meta name=\"author\" content=\"Jose Perez Gabarron\" \/>\n<meta name=\"twitter:card\" content=\"summary_large_image\" \/>\n<meta name=\"twitter:creator\" content=\"@Investcotedazur\" \/>\n<meta name=\"twitter:site\" content=\"@Investcotedazur\" \/>\n<meta name=\"twitter:label1\" content=\"Written by\" \/>\n\t<meta name=\"twitter:data1\" content=\"Jose Perez Gabarron\" \/>\n\t<meta name=\"twitter:label2\" content=\"Est. reading time\" \/>\n\t<meta name=\"twitter:data2\" content=\"3 minutes\" \/>\n<script type=\"application\/ld+json\" class=\"yoast-schema-graph\">{\"@context\":\"https:\/\/schema.org\",\"@graph\":[{\"@type\":\"Article\",\"@id\":\"https:\/\/www.investincotedazur.com\/en\/the-nice-cote-dazur-metropolis-accelerates-towards-sustainable-mobility\/#article\",\"isPartOf\":{\"@id\":\"https:\/\/www.investincotedazur.com\/en\/the-nice-cote-dazur-metropolis-accelerates-towards-sustainable-mobility\/\"},\"author\":{\"name\":\"Jose Perez Gabarron\",\"@id\":\"https:\/\/www.investincotedazur.com\/en\/#\/schema\/person\/ebbeede4229d29e0861488f2bd1036d9\"},\"headline\":\"The Nice C\u00f4te d\u2019Azur Metropolis Accelerates Towards Sustainable Mobility\",\"datePublished\":\"2024-02-28T10:20:41+00:00\",\"dateModified\":\"2024-03-03T21:46:01+00:00\",\"mainEntityOfPage\":{\"@id\":\"https:\/\/www.investincotedazur.com\/en\/the-nice-cote-dazur-metropolis-accelerates-towards-sustainable-mobility\/\"},\"wordCount\":392,\"publisher\":{\"@id\":\"https:\/\/www.investincotedazur.com\/en\/#organization\"},\"articleSection\":[\"Cleantech\",\"Connectivity\",\"Nice C\u00f4te d'Azur Metropolis\"],\"inLanguage\":\"en-US\"},{\"@type\":\"WebPage\",\"@id\":\"https:\/\/www.investincotedazur.com\/en\/the-nice-cote-dazur-metropolis-accelerates-towards-sustainable-mobility\/\",\"url\":\"https:\/\/www.investincotedazur.com\/en\/the-nice-cote-dazur-metropolis-accelerates-towards-sustainable-mobility\/\",\"name\":\"Nice C\u00f4te d'Azur Metropolis: Sustainable Mobility - Invest in C\u00f4te d&#039;Azur\",\"isPartOf\":{\"@id\":\"https:\/\/www.investincotedazur.com\/en\/#website\"},\"datePublished\":\"2024-02-28T10:20:41+00:00\",\"dateModified\":\"2024-03-03T21:46:01+00:00\",\"description\":\"The Nice C\u00f4te d'Azur Metropolis intensifies its efforts in sustainable mobility, with tramway, bicycle, and electric charging infrastructure projects.\",\"inLanguage\":\"en-US\",\"potentialAction\":[{\"@type\":\"ReadAction\",\"target\":[\"https:\/\/www.investincotedazur.com\/en\/the-nice-cote-dazur-metropolis-accelerates-towards-sustainable-mobility\/\"]}]},{\"@type\":\"WebSite\",\"@id\":\"https:\/\/www.investincotedazur.com\/en\/#website\",\"url\":\"https:\/\/www.investincotedazur.com\/en\/\",\"name\":\"Invest in C\u00f4te d'Azur\",\"description\":\"\",\"publisher\":{\"@id\":\"https:\/\/www.investincotedazur.com\/en\/#organization\"},\"alternateName\":\"Invest in C\u00f4te d'Azur\",\"potentialAction\":[{\"@type\":\"SearchAction\",\"target\":{\"@type\":\"EntryPoint\",\"urlTemplate\":\"https:\/\/www.investincotedazur.com\/en\/?s={search_term_string}\"},\"query-input\":\"required name=search_term_string\"}],\"inLanguage\":\"en-US\"},{\"@type\":\"Organization\",\"@id\":\"https:\/\/www.investincotedazur.com\/en\/#organization\",\"name\":\"Invest in C\u00f4te d'Azur\",\"alternateName\":\"Invest in C\u00f4te d'Azur\",\"url\":\"https:\/\/www.investincotedazur.com\/en\/\",\"logo\":{\"@type\":\"ImageObject\",\"inLanguage\":\"en-US\",\"@id\":\"https:\/\/www.investincotedazur.com\/en\/#\/schema\/logo\/image\/\",\"url\":\"https:\/\/www.investincotedazur.com\/wp-content\/uploads\/2023\/05\/cropped-New-missions-3.png\",\"contentUrl\":\"https:\/\/www.investincotedazur.com\/wp-content\/uploads\/2023\/05\/cropped-New-missions-3.png\",\"width\":512,\"height\":512,\"caption\":\"Invest in C\u00f4te d'Azur\"},\"image\":{\"@id\":\"https:\/\/www.investincotedazur.com\/en\/#\/schema\/logo\/image\/\"},\"sameAs\":[\"https:\/\/www.linkedin.com\/company\/investincotedazur\/\",\"https:\/\/twitter.com\/Investcotedazur\"]},{\"@type\":\"Person\",\"@id\":\"https:\/\/www.investincotedazur.com\/en\/#\/schema\/person\/ebbeede4229d29e0861488f2bd1036d9\",\"name\":\"Jose Perez Gabarron\",\"image\":{\"@type\":\"ImageObject\",\"inLanguage\":\"en-US\",\"@id\":\"https:\/\/www.investincotedazur.com\/en\/#\/schema\/person\/image\/\",\"url\":\"https:\/\/secure.gravatar.com\/avatar\/20ec9e74f48620b8ee4253da6b114950?s=96&d=mm&r=g\",\"contentUrl\":\"https:\/\/secure.gravatar.com\/avatar\/20ec9e74f48620b8ee4253da6b114950?s=96&d=mm&r=g\",\"caption\":\"Jose Perez Gabarron\"}}]}<\/script>\n<!-- \/ Yoast SEO plugin. -->","yoast_head_json":{"title":"Nice C\u00f4te d'Azur Metropolis: Sustainable Mobility - Invest in C\u00f4te d&#039;Azur","description":"The Nice C\u00f4te d'Azur Metropolis intensifies its efforts in sustainable mobility, with tramway, bicycle, and electric charging infrastructure projects.","robots":{"index":"index","follow":"follow","max-snippet":"max-snippet:-1","max-image-preview":"max-image-preview:large","max-video-preview":"max-video-preview:-1"},"canonical":"https:\/\/www.investincotedazur.com\/en\/the-nice-cote-dazur-metropolis-accelerates-towards-sustainable-mobility\/","og_locale":"en_US","og_type":"article","og_title":"Nice C\u00f4te d'Azur Metropolis: Sustainable Mobility - Invest in C\u00f4te d&#039;Azur","og_description":"The Nice C\u00f4te d'Azur Metropolis intensifies its efforts in sustainable mobility, with tramway, bicycle, and electric charging infrastructure projects.","og_url":"https:\/\/www.investincotedazur.com\/en\/the-nice-cote-dazur-metropolis-accelerates-towards-sustainable-mobility\/","og_site_name":"Invest in C\u00f4te d&#039;Azur","article_published_time":"2024-02-28T10:20:41+00:00","article_modified_time":"2024-03-03T21:46:01+00:00","og_image":[{"width":700,"height":700,"url":"https:\/\/www.investincotedazur.com\/wp-content\/uploads\/2024\/02\/mobilite-durable-nice.png","type":"image\/png"}],"author":"Jose Perez Gabarron","twitter_card":"summary_large_image","twitter_creator":"@Investcotedazur","twitter_site":"@Investcotedazur","twitter_misc":{"Written by":"Jose Perez Gabarron","Est. reading time":"3 minutes"},"schema":{"@context":"https:\/\/schema.org","@graph":[{"@type":"Article","@id":"https:\/\/www.investincotedazur.com\/en\/the-nice-cote-dazur-metropolis-accelerates-towards-sustainable-mobility\/#article","isPartOf":{"@id":"https:\/\/www.investincotedazur.com\/en\/the-nice-cote-dazur-metropolis-accelerates-towards-sustainable-mobility\/"},"author":{"name":"Jose Perez Gabarron","@id":"https:\/\/www.investincotedazur.com\/en\/#\/schema\/person\/ebbeede4229d29e0861488f2bd1036d9"},"headline":"The Nice C\u00f4te d\u2019Azur Metropolis Accelerates Towards Sustainable Mobility","datePublished":"2024-02-28T10:20:41+00:00","dateModified":"2024-03-03T21:46:01+00:00","mainEntityOfPage":{"@id":"https:\/\/www.investincotedazur.com\/en\/the-nice-cote-dazur-metropolis-accelerates-towards-sustainable-mobility\/"},"wordCount":392,"publisher":{"@id":"https:\/\/www.investincotedazur.com\/en\/#organization"},"articleSection":["Cleantech","Connectivity","Nice C\u00f4te d'Azur Metropolis"],"inLanguage":"en-US"},{"@type":"WebPage","@id":"https:\/\/www.investincotedazur.com\/en\/the-nice-cote-dazur-metropolis-accelerates-towards-sustainable-mobility\/","url":"https:\/\/www.investincotedazur.com\/en\/the-nice-cote-dazur-metropolis-accelerates-towards-sustainable-mobility\/","name":"Nice C\u00f4te d'Azur Metropolis: Sustainable Mobility - Invest in C\u00f4te d&#039;Azur","isPartOf":{"@id":"https:\/\/www.investincotedazur.com\/en\/#website"},"datePublished":"2024-02-28T10:20:41+00:00","dateModified":"2024-03-03T21:46:01+00:00","description":"The Nice C\u00f4te d'Azur Metropolis intensifies its efforts in sustainable mobility, with tramway, bicycle, and electric charging infrastructure projects.","inLanguage":"en-US","potentialAction":[{"@type":"ReadAction","target":["https:\/\/www.investincotedazur.com\/en\/the-nice-cote-dazur-metropolis-accelerates-towards-sustainable-mobility\/"]}]},{"@type":"WebSite","@id":"https:\/\/www.investincotedazur.com\/en\/#website","url":"https:\/\/www.investincotedazur.com\/en\/","name":"Invest in C\u00f4te d'Azur","description":"","publisher":{"@id":"https:\/\/www.investincotedazur.com\/en\/#organization"},"alternateName":"Invest in C\u00f4te d'Azur","potentialAction":[{"@type":"SearchAction","target":{"@type":"EntryPoint","urlTemplate":"https:\/\/www.investincotedazur.com\/en\/?s={search_term_string}"},"query-input":"required name=search_term_string"}],"inLanguage":"en-US"},{"@type":"Organization","@id":"https:\/\/www.investincotedazur.com\/en\/#organization","name":"Invest in C\u00f4te d'Azur","alternateName":"Invest in C\u00f4te d'Azur","url":"https:\/\/www.investincotedazur.com\/en\/","logo":{"@type":"ImageObject","inLanguage":"en-US","@id":"https:\/\/www.investincotedazur.com\/en\/#\/schema\/logo\/image\/","url":"https:\/\/www.investincotedazur.com\/wp-content\/uploads\/2023\/05\/cropped-New-missions-3.png","contentUrl":"https:\/\/www.investincotedazur.com\/wp-content\/uploads\/2023\/05\/cropped-New-missions-3.png","width":512,"height":512,"caption":"Invest in C\u00f4te d'Azur"},"image":{"@id":"https:\/\/www.investincotedazur.com\/en\/#\/schema\/logo\/image\/"},"sameAs":["https:\/\/www.linkedin.com\/company\/investincotedazur\/","https:\/\/twitter.com\/Investcotedazur"]},{"@type":"Person","@id":"https:\/\/www.investincotedazur.com\/en\/#\/schema\/person\/ebbeede4229d29e0861488f2bd1036d9","name":"Jose Perez Gabarron","image":{"@type":"ImageObject","inLanguage":"en-US","@id":"https:\/\/www.investincotedazur.com\/en\/#\/schema\/person\/image\/","url":"https:\/\/secure.gravatar.com\/avatar\/20ec9e74f48620b8ee4253da6b114950?s=96&d=mm&r=g","contentUrl":"https:\/\/secure.gravatar.com\/avatar\/20ec9e74f48620b8ee4253da6b114950?s=96&d=mm&r=g","caption":"Jose Perez Gabarron"}}]}},"_links":{"self":[{"href":"https:\/\/www.investincotedazur.com\/en\/wp-json\/wp\/v2\/posts\/18525"}],"collection":[{"href":"https:\/\/www.investincotedazur.com\/en\/wp-json\/wp\/v2\/posts"}],"about":[{"href":"https:\/\/www.investincotedazur.com\/en\/wp-json\/wp\/v2\/types\/post"}],"author":[{"embeddable":true,"href":"https:\/\/www.investincotedazur.com\/en\/wp-json\/wp\/v2\/users\/14"}],"replies":[{"embeddable":true,"href":"https:\/\/www.investincotedazur.com\/en\/wp-json\/wp\/v2\/comments?post=18525"}],"version-history":[{"count":2,"href":"https:\/\/www.investincotedazur.com\/en\/wp-json\/wp\/v2\/posts\/18525\/revisions"}],"predecessor-version":[{"id":18536,"href":"https:\/\/www.investincotedazur.com\/en\/wp-json\/wp\/v2\/posts\/18525\/revisions\/18536"}],"wp:featuredmedia":[{"embeddable":true,"href":"https:\/\/www.investincotedazur.com\/en\/wp-json\/wp\/v2\/media\/18499"}],"wp:attachment":[{"href":"https:\/\/www.investincotedazur.com\/en\/wp-json\/wp\/v2\/media?parent=18525"}],"wp:term":[{"taxonomy":"category","embeddable":true,"href":"https:\/\/www.investincotedazur.com\/en\/wp-json\/wp\/v2\/categories?post=18525"},{"taxonomy":"post_tag","embeddable":true,"href":"https:\/\/www.investincotedazur.com\/en\/wp-json\/wp\/v2\/tags?post=18525"}],"curies":[{"name":"wp","href":"https:\/\/api.w.org\/{rel}","templated":true}]}}