{"id":18505,"date":"2024-02-10T00:06:40","date_gmt":"2024-02-09T23:06:40","guid":{"rendered":"https:\/\/www.investincotedazur.com\/?p=18505"},"modified":"2024-03-02T09:47:58","modified_gmt":"2024-03-02T08:47:58","slug":"decarbonization-of-nice-cote-dazur-airport-supported-by-the-eu-and-the-banque-des-territoires","status":"publish","type":"post","link":"https:\/\/www.investincotedazur.com\/en\/decarbonization-of-nice-cote-dazur-airport-supported-by-the-eu-and-the-banque-des-territoires\/","title":{"rendered":"Decarbonization of Nice C\u00f4te d\u2019Azur Airport Supported by the EU and the Banque des Territoires"},"content":{"rendered":"\n<div class=\"wp-container-3 wp-block-columns has-background\" style=\"background-color:#f1f1f1\">\n<div class=\"wp-container-1 wp-block-column\">\n<figure class=\"wp-block-image size-full is-style-rounded\"><img width=\"700\" height=\"700\" src=\"https:\/\/www.investincotedazur.com\/wp-content\/uploads\/2024\/01\/aeroport-cote-azur-2023.png\" alt=\"aeroport-cote-azur-2023\" class=\"wp-image-18169\" srcset=\"https:\/\/www.investincotedazur.com\/wp-content\/uploads\/2024\/01\/aeroport-cote-azur-2023.png 700w, https:\/\/www.investincotedazur.com\/wp-content\/uploads\/2024\/01\/aeroport-cote-azur-2023-300x300.png 300w, https:\/\/www.investincotedazur.com\/wp-content\/uploads\/2024\/01\/aeroport-cote-azur-2023-150x150.png 150w\" sizes=\"(max-width: 700px) 100vw, 700px\" \/><\/figure>\n<\/div>\n\n\n\n<div class=\"wp-container-2 wp-block-column\" style=\"flex-basis:800px\">\n<p class=\"has-medium-font-size\"><strong>Key Highlights:<\/strong><\/p>\n\n\n\n<ol class=\"has-medium-font-size\"><li>The European Commission and the Banque des Territoires (Caisse des D\u00e9p\u00f4ts Group) are financing the project to electrify ground operations at Nice C\u00f4te d\u2019Azur Airport with a total grant of 8.7 million euros.<\/li><li>This project is part of the European Green Deal&#8217;s objective and aims to supply electricity to parked aircraft at all contact parking stands by 2025 and at all remote parking stands by 2030.<\/li><li>The initiative is expected to result in an annual reduction of about 6,700 tons of CO2 emissions at the airport, thanks to the electrification of 69 aircraft stands and the installation of electric charging stations.<\/li><\/ol>\n<\/div>\n<\/div>\n\n\n\n<p class=\"has-medium-font-size\">To achieve the ambitious goals set by the European Green Deal in terms of green mobility and environmental transition, the European Commission is mobilizing the AFIF and its implementation partners, among them Caisse des D\u00e9p\u00f4ts in France, to fund projects such as the one at Nice C\u00f4te d\u2019Azur Airport. <\/p>\n\n\n\n<p class=\"has-medium-font-size\">This project directly contributes to the implementation of the regulation on the deployment of an infrastructure for alternative fuels (AFIR), which stipulates that airports must provide electricity to parked aircraft at all contact parking stands (boarding gates) by 2025 and at all remote parking stands by 2030.<\/p>\n\n\n\n<p class=\"has-medium-font-size\">As part of its CAP 2030 climate strategy, the A\u00e9roports de la C\u00f4te d\u2019Azur (ACA) group, in which Caisse des D\u00e9p\u00f4ts is a shareholder, aims not only to achieve &#8220;NetZero carbon emission without offsetting&#8221; by 2030 at the latest for its own emissions (scope 1 and 2) but also to reduce its scope 3 emissions (those of its stakeholders). Therefore, reducing the environmental footprint of the entire air transport chain is fundamental. Through the electrification of ground operations, the project will save around 6,700 tons of CO2 emissions per year at Nice C\u00f4te d\u2019Azur.<\/p>\n\n\n\n<p class=\"has-background has-medium-font-size\" style=\"background-color:#f1f1f1\"><strong>Specifically, the project aims for the electrification of remote aircraft stands by installing 50 Hz sockets on 69 aircraft stands. <\/strong>This will allow the powering of mobile equipment providing electricity and air conditioning to parked aircraft during ground operations. The project will actively contribute to the continued reduction of CO2 emissions from aircraft during layovers at the airport as it will significantly limit the use of ground support equipment running on fuel or the use of aircraft auxiliary power units (APUs) during ground operations. In addition, ACA will also set up electric charging stations to support the electrification of the vehicle fleet and ground equipment. Both aspects of the project will be gradually deployed until 2026.<\/p>\n\n\n\n<p class=\"has-medium-font-size\"><strong>To carry out this decarbonization project, Nice-C\u00f4te d\u2019Azur Airport will benefit from 4.1 million euros in European grants and financial support from the Banque des Territoires, in the form of quasi-equity financing of 4.6 million euros.<\/strong><\/p>\n\n\n\n<p class=\"has-medium-font-size\">This electrification project for ground services at Nice C\u00f4te d\u2019Azur Airport is emblematic of the essential role airports play in the decarbonization of the aviation sector. Thanks to the grant from the European Union and the financing from the Banque des Territoires, this virtuous project, carried by local actors, will very concretely contribute to the achievement of the goals of the European Green Deal. The European Union will continue to support these sustainable initiatives, in partnership with financial institutions, and will launch a new AFIF project call in the first quarter of 2024, endowed with nearly one billion euros,&#8221; highlighted <strong>Richard Ferrer, Head of the Alternative Fuels sector at the European Climate, Infrastructure and Environment Agency (CINEA).<\/strong><\/p>\n\n\n\n<p class=\"has-medium-font-size\">&#8220;Being the laboratory for the airport of tomorrow means acting concretely to massively reduce CO2 emissions from airport operations. After being the first airport in France to obtain the <a href=\"https:\/\/www.investincotedazur.com\/certification-4-les-aeroports-de-la-cote-dazur\/\">Airport Carbon Accreditation level 4+ Transition<\/a>, Nice C\u00f4te d\u2019Azur Airport was a <strong>pioneer in the electrification of stopover operations for both general and commercial aviation.<\/strong> his new step fully fits into our strategy of decarbonizing our operations as well as those of our partners, airlines, and ground handlers. We therefore warmly thank the European Commission and Caisse des D\u00e9p\u00f4ts for their support of this ambition,&#8221; <strong>stated Franck Goldnadel, Chairman of the Executive Board of A\u00e9roports de la C\u00f4te d\u2019Azur.<\/strong><\/p>\n\n\n\n<p class=\"has-medium-font-size\">This commitment fully aligns with the Banque des Territoires&#8217; strategy to support environmentally friendly mobility and thus more sustainable territories. &#8220;By participating in the financing of this airport electrification operation, the Banque des Territoires confirms its willingness to support the decarbonization of transportation and more broadly its commitment to ecological and energy transformation, one of the major challenges for Caisse des D\u00e9p\u00f4ts,&#8221; said Alexis Rouque, Regional Director of the Banque des Territoires in Provence-Alpes-C\u00f4te d\u2019Azur.<\/p>\n\n\n\n<p class=\"has-medium-font-size\">Launched in November 2021 as part of the Connecting Europe Facility, the call for projects aims to accelerate the ecological transition in transport by relying on the expertise of long-term investors who financially contribute to environmentally friendly infrastructure projects. The complementarity of European grants and financing proves very effective in bringing forth economically and technically viable clean transport solutions.<\/p>\n\n\n\n<p class=\"has-medium-font-size\">The European Commission can rely on Caisse des D\u00e9p\u00f4ts, its implementation partner in France for AFIF, thus benefiting from the territorial presence of the Banque des Territoires, which brings financing and expertise to projects.<\/p>\n\n\n\n<div style=\"height:48px\" aria-hidden=\"true\" class=\"wp-block-spacer\"><\/div>\n\n\n\n<hr class=\"wp-block-separator has-text-color has-vivid-cyan-blue-color has-alpha-channel-opacity has-vivid-cyan-blue-background-color has-background\"\/>\n\n\n\n<h2 class=\"has-vivid-cyan-blue-color has-text-color\">Ecological Transition Nice C\u00f4te d&#8217;Azur<\/h2>\n\n\n\n<div style=\"height:23px\" aria-hidden=\"true\" class=\"wp-block-spacer\"><\/div>\n\n\n<ul class=\"wp-block-latest-posts__list is-grid columns-2 wp-block-latest-posts\"><li><div class=\"wp-block-latest-posts__featured-image alignleft\"><a href=\"https:\/\/www.investincotedazur.com\/en\/les-alchimistes-nice-bio-waste-recovery-soil-regeneration\/\" aria-label=\"Les Alchimistes establishes an agency in Nice to transform bio-waste into a resource to regenerate soils\"><img width=\"150\" height=\"150\" src=\"https:\/\/www.investincotedazur.com\/wp-content\/uploads\/2026\/02\/investincotedazur-2026-02-13T095813.069-150x150.jpg\" class=\"attachment-thumbnail size-thumbnail wp-post-image\" alt=\"les alchimistes Nice\" style=\"max-width:50px;\" loading=\"lazy\" srcset=\"https:\/\/www.investincotedazur.com\/wp-content\/uploads\/2026\/02\/investincotedazur-2026-02-13T095813.069-150x150.jpg 150w, https:\/\/www.investincotedazur.com\/wp-content\/uploads\/2026\/02\/investincotedazur-2026-02-13T095813.069-300x300.jpg 300w, https:\/\/www.investincotedazur.com\/wp-content\/uploads\/2026\/02\/investincotedazur-2026-02-13T095813.069.jpg 700w\" sizes=\"(max-width: 150px) 100vw, 150px\" \/><\/a><\/div><a class=\"wp-block-latest-posts__post-title\" href=\"https:\/\/www.investincotedazur.com\/en\/les-alchimistes-nice-bio-waste-recovery-soil-regeneration\/\">Les Alchimistes establishes an agency in Nice to transform bio-waste into a resource to regenerate soils<\/a><\/li>\n<li><div class=\"wp-block-latest-posts__featured-image alignleft\"><a href=\"https:\/\/www.investincotedazur.com\/en\/team-nice-cote-dazur-showcases-ai-ecosystem-at-ai-business-tour-and-waicf-2026\/\" aria-label=\"Artificial intelligence: Team Nice C\u00f4te d\u2019Azur mobilized for an AI Business Tour and WAICF 2026\"><img width=\"150\" height=\"150\" src=\"https:\/\/www.investincotedazur.com\/wp-content\/uploads\/2026\/02\/investincotedazur-72-150x150.png\" class=\"attachment-thumbnail size-thumbnail wp-post-image\" alt=\"eam Nice C\u00f4te d\u2019Azur mobilized for an AI Business Tour and WAICF 2026\" style=\"max-width:50px;\" loading=\"lazy\" srcset=\"https:\/\/www.investincotedazur.com\/wp-content\/uploads\/2026\/02\/investincotedazur-72-150x150.png 150w, https:\/\/www.investincotedazur.com\/wp-content\/uploads\/2026\/02\/investincotedazur-72-700x700.png 700w\" sizes=\"(max-width: 150px) 100vw, 150px\" \/><\/a><\/div><a class=\"wp-block-latest-posts__post-title\" href=\"https:\/\/www.investincotedazur.com\/en\/team-nice-cote-dazur-showcases-ai-ecosystem-at-ai-business-tour-and-waicf-2026\/\">Artificial intelligence: Team Nice C\u00f4te d\u2019Azur mobilized for an AI Business Tour and WAICF 2026<\/a><\/li>\n<li><div class=\"wp-block-latest-posts__featured-image alignleft\"><a href=\"https:\/\/www.investincotedazur.com\/en\/oceanwell-and-eau-dazur-sign-an-mou-with-a-view-to-developing-an-underwater-farm-in-the-nice-cote-dazur-metropolis\/\" aria-label=\"OceanWell and Eau d\u2019Azur sign an MoU with a view to developing an underwater farm in the Nice C\u00f4te d\u2019Azur Metropolis\"><img width=\"150\" height=\"150\" src=\"https:\/\/www.investincotedazur.com\/wp-content\/uploads\/2026\/02\/investincotedazur-2026-02-02T092019.276-150x150.jpg\" class=\"attachment-thumbnail size-thumbnail wp-post-image\" alt=\"OceanWell et Eau d&#039;Azur signent un protocole d&#039;accord\" style=\"max-width:50px;\" loading=\"lazy\" srcset=\"https:\/\/www.investincotedazur.com\/wp-content\/uploads\/2026\/02\/investincotedazur-2026-02-02T092019.276-150x150.jpg 150w, https:\/\/www.investincotedazur.com\/wp-content\/uploads\/2026\/02\/investincotedazur-2026-02-02T092019.276-300x300.jpg 300w, https:\/\/www.investincotedazur.com\/wp-content\/uploads\/2026\/02\/investincotedazur-2026-02-02T092019.276.jpg 700w\" sizes=\"(max-width: 150px) 100vw, 150px\" \/><\/a><\/div><a class=\"wp-block-latest-posts__post-title\" href=\"https:\/\/www.investincotedazur.com\/en\/oceanwell-and-eau-dazur-sign-an-mou-with-a-view-to-developing-an-underwater-farm-in-the-nice-cote-dazur-metropolis\/\">OceanWell and Eau d\u2019Azur sign an MoU with a view to developing an underwater farm in the Nice C\u00f4te d\u2019Azur Metropolis<\/a><\/li>\n<li><div class=\"wp-block-latest-posts__featured-image alignleft\"><a href=\"https:\/\/www.investincotedazur.com\/en\/team-nice-cote-dazur-participates-in-euromaritime-2026\/\" aria-label=\"Team Nice C\u00f4te d\u2019Azur participates in Euromaritime 2026\"><img width=\"150\" height=\"150\" src=\"https:\/\/www.investincotedazur.com\/wp-content\/uploads\/2026\/01\/investincotedazur-67-150x150.png\" class=\"attachment-thumbnail size-thumbnail wp-post-image\" alt=\"Team Nice C\u00f4te d\u2019Azur participe \u00e0 Euromaritime 2026\" style=\"max-width:50px;\" loading=\"lazy\" srcset=\"https:\/\/www.investincotedazur.com\/wp-content\/uploads\/2026\/01\/investincotedazur-67-150x150.png 150w, https:\/\/www.investincotedazur.com\/wp-content\/uploads\/2026\/01\/investincotedazur-67-700x700.png 700w\" sizes=\"(max-width: 150px) 100vw, 150px\" \/><\/a><\/div><a class=\"wp-block-latest-posts__post-title\" href=\"https:\/\/www.investincotedazur.com\/en\/team-nice-cote-dazur-participates-in-euromaritime-2026\/\">Team Nice C\u00f4te d\u2019Azur participates in Euromaritime 2026<\/a><\/li>\n<li><div class=\"wp-block-latest-posts__featured-image alignleft\"><a href=\"https:\/\/www.investincotedazur.com\/en\/the-cote-dazur-is-emerging-as-a-testing-ground-for-decarbonised-air-mobility\/\" aria-label=\"The C\u00f4te d\u2019Azur is emerging as a testing ground for decarbonised air mobility\"><img width=\"150\" height=\"150\" src=\"https:\/\/www.investincotedazur.com\/wp-content\/uploads\/2026\/01\/mobilite-arienne-decarbonee-150x150.png\" class=\"attachment-thumbnail size-thumbnail wp-post-image\" alt=\"mobilit\u00e9 arienne decarbonee\" style=\"max-width:50px;\" loading=\"lazy\" srcset=\"https:\/\/www.investincotedazur.com\/wp-content\/uploads\/2026\/01\/mobilite-arienne-decarbonee-150x150.png 150w, https:\/\/www.investincotedazur.com\/wp-content\/uploads\/2026\/01\/mobilite-arienne-decarbonee-700x700.png 700w\" sizes=\"(max-width: 150px) 100vw, 150px\" \/><\/a><\/div><a class=\"wp-block-latest-posts__post-title\" href=\"https:\/\/www.investincotedazur.com\/en\/the-cote-dazur-is-emerging-as-a-testing-ground-for-decarbonised-air-mobility\/\">The C\u00f4te d\u2019Azur is emerging as a testing ground for decarbonised air mobility<\/a><\/li>\n<li><div class=\"wp-block-latest-posts__featured-image alignleft\"><a href=\"https:\/\/www.investincotedazur.com\/en\/heading-for-the-cote-dazur-blue-economy-innovation-and-transition-serving-the-region\/\" aria-label=\"Heading for the C\u00f4te d\u2019Azur blue economy: innovation and transition serving the region\"><img width=\"150\" height=\"150\" src=\"https:\/\/www.investincotedazur.com\/wp-content\/uploads\/2025\/11\/investincotedazur-25-150x150.png\" class=\"attachment-thumbnail size-thumbnail wp-post-image\" alt=\"\u00e9conomie bleue azur\u00e9enne\" style=\"max-width:50px;\" loading=\"lazy\" srcset=\"https:\/\/www.investincotedazur.com\/wp-content\/uploads\/2025\/11\/investincotedazur-25-150x150.png 150w, https:\/\/www.investincotedazur.com\/wp-content\/uploads\/2025\/11\/investincotedazur-25-700x700.png 700w\" sizes=\"(max-width: 150px) 100vw, 150px\" \/><\/a><\/div><a class=\"wp-block-latest-posts__post-title\" href=\"https:\/\/www.investincotedazur.com\/en\/heading-for-the-cote-dazur-blue-economy-innovation-and-transition-serving-the-region\/\">Heading for the C\u00f4te d\u2019Azur blue economy: innovation and transition serving the region<\/a><\/li>\n<li><div class=\"wp-block-latest-posts__featured-image alignleft\"><a href=\"https:\/\/www.investincotedazur.com\/en\/blue-innovation-challenge-supporting-innovation-in-marine-space-protection\/\" aria-label=\"Blue Innovation Challenge: supporting innovation in the blue economy sector\"><img width=\"150\" height=\"150\" src=\"https:\/\/www.investincotedazur.com\/wp-content\/uploads\/2023\/07\/BLUE-INNOVATION-CHALLENGE-150x150.jpg\" class=\"attachment-thumbnail size-thumbnail wp-post-image\" alt=\"BLUE-INNOVATION-CHALLENGE\" style=\"max-width:50px;\" loading=\"lazy\" srcset=\"https:\/\/www.investincotedazur.com\/wp-content\/uploads\/2023\/07\/BLUE-INNOVATION-CHALLENGE-150x150.jpg 150w, https:\/\/www.investincotedazur.com\/wp-content\/uploads\/2023\/07\/BLUE-INNOVATION-CHALLENGE-700x700.jpg 700w\" sizes=\"(max-width: 150px) 100vw, 150px\" \/><\/a><\/div><a class=\"wp-block-latest-posts__post-title\" href=\"https:\/\/www.investincotedazur.com\/en\/blue-innovation-challenge-supporting-innovation-in-marine-space-protection\/\">Blue Innovation Challenge: supporting innovation in the blue economy sector<\/a><\/li>\n<li><div class=\"wp-block-latest-posts__featured-image alignleft\"><a href=\"https:\/\/www.investincotedazur.com\/en\/a-demonstrator-eco-district-of-the-city-of-tomorrow-in-cagnes-sur-mer\/\" aria-label=\"A demonstrator eco-district of the city of tomorrow in Cagnes-sur-Mer\"><img width=\"150\" height=\"150\" src=\"https:\/\/www.investincotedazur.com\/wp-content\/uploads\/2025\/09\/ecoquartier-cagnes-sur-mer-150x150.png\" class=\"attachment-thumbnail size-thumbnail wp-post-image\" alt=\"ecoquartier cagnes sur mer\" style=\"max-width:50px;\" loading=\"lazy\" srcset=\"https:\/\/www.investincotedazur.com\/wp-content\/uploads\/2025\/09\/ecoquartier-cagnes-sur-mer-150x150.png 150w, https:\/\/www.investincotedazur.com\/wp-content\/uploads\/2025\/09\/ecoquartier-cagnes-sur-mer-700x700.png 700w\" sizes=\"(max-width: 150px) 100vw, 150px\" \/><\/a><\/div><a class=\"wp-block-latest-posts__post-title\" href=\"https:\/\/www.investincotedazur.com\/en\/a-demonstrator-eco-district-of-the-city-of-tomorrow-in-cagnes-sur-mer\/\">A demonstrator eco-district of the city of tomorrow in Cagnes-sur-Mer<\/a><\/li>\n<li><div class=\"wp-block-latest-posts__featured-image alignleft\"><a href=\"https:\/\/www.investincotedazur.com\/en\/voltaica-raises-e2-5-million-to-support-its-industrial-transformation-and-european-expansion\/\" aria-label=\"Volta\u00efca raises \u20ac2.5 million to support its industrial transformation and European expansion\"><img width=\"150\" height=\"150\" src=\"https:\/\/www.investincotedazur.com\/wp-content\/uploads\/2025\/07\/levee-de-fonds-voltaica-150x150.jpg\" class=\"attachment-thumbnail size-thumbnail wp-post-image\" alt=\"levee de fonds voltaica\" style=\"max-width:50px;\" loading=\"lazy\" srcset=\"https:\/\/www.investincotedazur.com\/wp-content\/uploads\/2025\/07\/levee-de-fonds-voltaica-150x150.jpg 150w, https:\/\/www.investincotedazur.com\/wp-content\/uploads\/2025\/07\/levee-de-fonds-voltaica-300x300.jpg 300w, https:\/\/www.investincotedazur.com\/wp-content\/uploads\/2025\/07\/levee-de-fonds-voltaica.jpg 700w\" sizes=\"(max-width: 150px) 100vw, 150px\" \/><\/a><\/div><a class=\"wp-block-latest-posts__post-title\" href=\"https:\/\/www.investincotedazur.com\/en\/voltaica-raises-e2-5-million-to-support-its-industrial-transformation-and-european-expansion\/\">Volta\u00efca raises \u20ac2.5 million to support its industrial transformation and European expansion<\/a><\/li>\n<li><div class=\"wp-block-latest-posts__featured-image alignleft\"><a href=\"https:\/\/www.investincotedazur.com\/en\/sustainable-city-parc-meridia-project-enters-implementation-phase\/\" aria-label=\"Sustainable city: Parc M\u00e9ridia project enters implementation phase\"><img width=\"150\" height=\"150\" src=\"https:\/\/www.investincotedazur.com\/wp-content\/uploads\/2025\/02\/investincotedazur-7-150x150.jpg\" class=\"attachment-thumbnail size-thumbnail wp-post-image\" alt=\"parc Meridia\" style=\"max-width:50px;\" loading=\"lazy\" srcset=\"https:\/\/www.investincotedazur.com\/wp-content\/uploads\/2025\/02\/investincotedazur-7-150x150.jpg 150w, https:\/\/www.investincotedazur.com\/wp-content\/uploads\/2025\/02\/investincotedazur-7-300x300.jpg 300w, https:\/\/www.investincotedazur.com\/wp-content\/uploads\/2025\/02\/investincotedazur-7.jpg 700w\" sizes=\"(max-width: 150px) 100vw, 150px\" \/><\/a><\/div><a class=\"wp-block-latest-posts__post-title\" href=\"https:\/\/www.investincotedazur.com\/en\/sustainable-city-parc-meridia-project-enters-implementation-phase\/\">Sustainable city: Parc M\u00e9ridia project enters implementation phase<\/a><\/li>\n<\/ul>","protected":false},"excerpt":{"rendered":"<p>Key Highlights: The European Commission and the Banque des Territoires (Caisse des D\u00e9p\u00f4ts Group) are financing the project to electrify ground operations at Nice C\u00f4te d\u2019Azur Airport with a total grant of 8.7 million euros. This project is part of the European Green Deal&#8217;s objective and aims to supply electricity to parked aircraft at all [&hellip;]<\/p>\n","protected":false},"author":14,"featured_media":18170,"comment_status":"closed","ping_status":"closed","sticky":false,"template":"","format":"standard","meta":{"_mi_skip_tracking":false,"_monsterinsights_sitenote_active":false,"_monsterinsights_sitenote_note":"","_monsterinsights_sitenote_category":0},"categories":[91,153,102],"tags":[],"acf":[],"yoast_head":"<!-- This site is optimized with the Yoast SEO plugin v19.12 - https:\/\/yoast.com\/wordpress\/plugins\/seo\/ -->\n<title>Decarbonization at Nice C\u00f4te d&#039;Azur Airport - Invest in C\u00f4te d&#039;Azur<\/title>\n<meta name=\"description\" content=\"The decarbonization project at Nice C\u00f4te d&#039;Azur Airport, supported by the European Union and the Banque des Territoires, aims for a significant reduction in CO2 emissions, in line with the goals of the European Green Deal.\" \/>\n<meta name=\"robots\" content=\"index, follow, max-snippet:-1, max-image-preview:large, max-video-preview:-1\" \/>\n<link rel=\"canonical\" href=\"https:\/\/www.investincotedazur.com\/en\/decarbonization-of-nice-cote-dazur-airport-supported-by-the-eu-and-the-banque-des-territoires\/\" \/>\n<meta property=\"og:locale\" content=\"en_US\" \/>\n<meta property=\"og:type\" content=\"article\" \/>\n<meta property=\"og:title\" content=\"Decarbonization at Nice C\u00f4te d&#039;Azur Airport - Invest in C\u00f4te d&#039;Azur\" \/>\n<meta property=\"og:description\" content=\"The decarbonization project at Nice C\u00f4te d&#039;Azur Airport, supported by the European Union and the Banque des Territoires, aims for a significant reduction in CO2 emissions, in line with the goals of the European Green Deal.\" \/>\n<meta property=\"og:url\" content=\"https:\/\/www.investincotedazur.com\/en\/decarbonization-of-nice-cote-dazur-airport-supported-by-the-eu-and-the-banque-des-territoires\/\" \/>\n<meta property=\"og:site_name\" content=\"Invest in C\u00f4te d&#039;Azur\" \/>\n<meta property=\"article:published_time\" content=\"2024-02-09T23:06:40+00:00\" \/>\n<meta property=\"article:modified_time\" content=\"2024-03-02T08:47:58+00:00\" \/>\n<meta property=\"og:image\" content=\"https:\/\/www.investincotedazur.com\/wp-content\/uploads\/2024\/01\/aeroport-cote-azur-2023.png\" \/>\n\t<meta property=\"og:image:width\" content=\"700\" \/>\n\t<meta property=\"og:image:height\" content=\"700\" \/>\n\t<meta property=\"og:image:type\" content=\"image\/png\" \/>\n<meta name=\"author\" content=\"Jose Perez Gabarron\" \/>\n<meta name=\"twitter:card\" content=\"summary_large_image\" \/>\n<meta name=\"twitter:creator\" content=\"@Investcotedazur\" \/>\n<meta name=\"twitter:site\" content=\"@Investcotedazur\" \/>\n<meta name=\"twitter:label1\" content=\"Written by\" \/>\n\t<meta name=\"twitter:data1\" content=\"Jose Perez Gabarron\" \/>\n\t<meta name=\"twitter:label2\" content=\"Est. reading time\" \/>\n\t<meta name=\"twitter:data2\" content=\"5 minutes\" \/>\n<script type=\"application\/ld+json\" class=\"yoast-schema-graph\">{\"@context\":\"https:\/\/schema.org\",\"@graph\":[{\"@type\":\"Article\",\"@id\":\"https:\/\/www.investincotedazur.com\/en\/decarbonization-of-nice-cote-dazur-airport-supported-by-the-eu-and-the-banque-des-territoires\/#article\",\"isPartOf\":{\"@id\":\"https:\/\/www.investincotedazur.com\/en\/decarbonization-of-nice-cote-dazur-airport-supported-by-the-eu-and-the-banque-des-territoires\/\"},\"author\":{\"name\":\"Jose Perez Gabarron\",\"@id\":\"https:\/\/www.investincotedazur.com\/en\/#\/schema\/person\/ebbeede4229d29e0861488f2bd1036d9\"},\"headline\":\"Decarbonization of Nice C\u00f4te d\u2019Azur Airport Supported by the EU and the Banque des Territoires\",\"datePublished\":\"2024-02-09T23:06:40+00:00\",\"dateModified\":\"2024-03-02T08:47:58+00:00\",\"mainEntityOfPage\":{\"@id\":\"https:\/\/www.investincotedazur.com\/en\/decarbonization-of-nice-cote-dazur-airport-supported-by-the-eu-and-the-banque-des-territoires\/\"},\"wordCount\":872,\"publisher\":{\"@id\":\"https:\/\/www.investincotedazur.com\/en\/#organization\"},\"articleSection\":[\"Cleantech\",\"Connectivity\",\"Nice C\u00f4te d'Azur Metropolis\"],\"inLanguage\":\"en-US\"},{\"@type\":\"WebPage\",\"@id\":\"https:\/\/www.investincotedazur.com\/en\/decarbonization-of-nice-cote-dazur-airport-supported-by-the-eu-and-the-banque-des-territoires\/\",\"url\":\"https:\/\/www.investincotedazur.com\/en\/decarbonization-of-nice-cote-dazur-airport-supported-by-the-eu-and-the-banque-des-territoires\/\",\"name\":\"Decarbonization at Nice C\u00f4te d'Azur Airport - Invest in C\u00f4te d&#039;Azur\",\"isPartOf\":{\"@id\":\"https:\/\/www.investincotedazur.com\/en\/#website\"},\"datePublished\":\"2024-02-09T23:06:40+00:00\",\"dateModified\":\"2024-03-02T08:47:58+00:00\",\"description\":\"The decarbonization project at Nice C\u00f4te d'Azur Airport, supported by the European Union and the Banque des Territoires, aims for a significant reduction in CO2 emissions, in line with the goals of the European Green Deal.\",\"inLanguage\":\"en-US\",\"potentialAction\":[{\"@type\":\"ReadAction\",\"target\":[\"https:\/\/www.investincotedazur.com\/en\/decarbonization-of-nice-cote-dazur-airport-supported-by-the-eu-and-the-banque-des-territoires\/\"]}]},{\"@type\":\"WebSite\",\"@id\":\"https:\/\/www.investincotedazur.com\/en\/#website\",\"url\":\"https:\/\/www.investincotedazur.com\/en\/\",\"name\":\"Invest in C\u00f4te d'Azur\",\"description\":\"\",\"publisher\":{\"@id\":\"https:\/\/www.investincotedazur.com\/en\/#organization\"},\"alternateName\":\"Invest in C\u00f4te d'Azur\",\"potentialAction\":[{\"@type\":\"SearchAction\",\"target\":{\"@type\":\"EntryPoint\",\"urlTemplate\":\"https:\/\/www.investincotedazur.com\/en\/?s={search_term_string}\"},\"query-input\":\"required name=search_term_string\"}],\"inLanguage\":\"en-US\"},{\"@type\":\"Organization\",\"@id\":\"https:\/\/www.investincotedazur.com\/en\/#organization\",\"name\":\"Invest in C\u00f4te d'Azur\",\"alternateName\":\"Invest in C\u00f4te d'Azur\",\"url\":\"https:\/\/www.investincotedazur.com\/en\/\",\"logo\":{\"@type\":\"ImageObject\",\"inLanguage\":\"en-US\",\"@id\":\"https:\/\/www.investincotedazur.com\/en\/#\/schema\/logo\/image\/\",\"url\":\"https:\/\/www.investincotedazur.com\/wp-content\/uploads\/2023\/05\/cropped-New-missions-3.png\",\"contentUrl\":\"https:\/\/www.investincotedazur.com\/wp-content\/uploads\/2023\/05\/cropped-New-missions-3.png\",\"width\":512,\"height\":512,\"caption\":\"Invest in C\u00f4te d'Azur\"},\"image\":{\"@id\":\"https:\/\/www.investincotedazur.com\/en\/#\/schema\/logo\/image\/\"},\"sameAs\":[\"https:\/\/www.linkedin.com\/company\/investincotedazur\/\",\"https:\/\/twitter.com\/Investcotedazur\"]},{\"@type\":\"Person\",\"@id\":\"https:\/\/www.investincotedazur.com\/en\/#\/schema\/person\/ebbeede4229d29e0861488f2bd1036d9\",\"name\":\"Jose Perez Gabarron\",\"image\":{\"@type\":\"ImageObject\",\"inLanguage\":\"en-US\",\"@id\":\"https:\/\/www.investincotedazur.com\/en\/#\/schema\/person\/image\/\",\"url\":\"https:\/\/secure.gravatar.com\/avatar\/20ec9e74f48620b8ee4253da6b114950?s=96&d=mm&r=g\",\"contentUrl\":\"https:\/\/secure.gravatar.com\/avatar\/20ec9e74f48620b8ee4253da6b114950?s=96&d=mm&r=g\",\"caption\":\"Jose Perez Gabarron\"}}]}<\/script>\n<!-- \/ Yoast SEO plugin. -->","yoast_head_json":{"title":"Decarbonization at Nice C\u00f4te d'Azur Airport - Invest in C\u00f4te d&#039;Azur","description":"The decarbonization project at Nice C\u00f4te d'Azur Airport, supported by the European Union and the Banque des Territoires, aims for a significant reduction in CO2 emissions, in line with the goals of the European Green Deal.","robots":{"index":"index","follow":"follow","max-snippet":"max-snippet:-1","max-image-preview":"max-image-preview:large","max-video-preview":"max-video-preview:-1"},"canonical":"https:\/\/www.investincotedazur.com\/en\/decarbonization-of-nice-cote-dazur-airport-supported-by-the-eu-and-the-banque-des-territoires\/","og_locale":"en_US","og_type":"article","og_title":"Decarbonization at Nice C\u00f4te d'Azur Airport - Invest in C\u00f4te d&#039;Azur","og_description":"The decarbonization project at Nice C\u00f4te d'Azur Airport, supported by the European Union and the Banque des Territoires, aims for a significant reduction in CO2 emissions, in line with the goals of the European Green Deal.","og_url":"https:\/\/www.investincotedazur.com\/en\/decarbonization-of-nice-cote-dazur-airport-supported-by-the-eu-and-the-banque-des-territoires\/","og_site_name":"Invest in C\u00f4te d&#039;Azur","article_published_time":"2024-02-09T23:06:40+00:00","article_modified_time":"2024-03-02T08:47:58+00:00","og_image":[{"width":700,"height":700,"url":"https:\/\/www.investincotedazur.com\/wp-content\/uploads\/2024\/01\/aeroport-cote-azur-2023.png","type":"image\/png"}],"author":"Jose Perez Gabarron","twitter_card":"summary_large_image","twitter_creator":"@Investcotedazur","twitter_site":"@Investcotedazur","twitter_misc":{"Written by":"Jose Perez Gabarron","Est. reading time":"5 minutes"},"schema":{"@context":"https:\/\/schema.org","@graph":[{"@type":"Article","@id":"https:\/\/www.investincotedazur.com\/en\/decarbonization-of-nice-cote-dazur-airport-supported-by-the-eu-and-the-banque-des-territoires\/#article","isPartOf":{"@id":"https:\/\/www.investincotedazur.com\/en\/decarbonization-of-nice-cote-dazur-airport-supported-by-the-eu-and-the-banque-des-territoires\/"},"author":{"name":"Jose Perez Gabarron","@id":"https:\/\/www.investincotedazur.com\/en\/#\/schema\/person\/ebbeede4229d29e0861488f2bd1036d9"},"headline":"Decarbonization of Nice C\u00f4te d\u2019Azur Airport Supported by the EU and the Banque des Territoires","datePublished":"2024-02-09T23:06:40+00:00","dateModified":"2024-03-02T08:47:58+00:00","mainEntityOfPage":{"@id":"https:\/\/www.investincotedazur.com\/en\/decarbonization-of-nice-cote-dazur-airport-supported-by-the-eu-and-the-banque-des-territoires\/"},"wordCount":872,"publisher":{"@id":"https:\/\/www.investincotedazur.com\/en\/#organization"},"articleSection":["Cleantech","Connectivity","Nice C\u00f4te d'Azur Metropolis"],"inLanguage":"en-US"},{"@type":"WebPage","@id":"https:\/\/www.investincotedazur.com\/en\/decarbonization-of-nice-cote-dazur-airport-supported-by-the-eu-and-the-banque-des-territoires\/","url":"https:\/\/www.investincotedazur.com\/en\/decarbonization-of-nice-cote-dazur-airport-supported-by-the-eu-and-the-banque-des-territoires\/","name":"Decarbonization at Nice C\u00f4te d'Azur Airport - Invest in C\u00f4te d&#039;Azur","isPartOf":{"@id":"https:\/\/www.investincotedazur.com\/en\/#website"},"datePublished":"2024-02-09T23:06:40+00:00","dateModified":"2024-03-02T08:47:58+00:00","description":"The decarbonization project at Nice C\u00f4te d'Azur Airport, supported by the European Union and the Banque des Territoires, aims for a significant reduction in CO2 emissions, in line with the goals of the European Green Deal.","inLanguage":"en-US","potentialAction":[{"@type":"ReadAction","target":["https:\/\/www.investincotedazur.com\/en\/decarbonization-of-nice-cote-dazur-airport-supported-by-the-eu-and-the-banque-des-territoires\/"]}]},{"@type":"WebSite","@id":"https:\/\/www.investincotedazur.com\/en\/#website","url":"https:\/\/www.investincotedazur.com\/en\/","name":"Invest in C\u00f4te d'Azur","description":"","publisher":{"@id":"https:\/\/www.investincotedazur.com\/en\/#organization"},"alternateName":"Invest in C\u00f4te d'Azur","potentialAction":[{"@type":"SearchAction","target":{"@type":"EntryPoint","urlTemplate":"https:\/\/www.investincotedazur.com\/en\/?s={search_term_string}"},"query-input":"required name=search_term_string"}],"inLanguage":"en-US"},{"@type":"Organization","@id":"https:\/\/www.investincotedazur.com\/en\/#organization","name":"Invest in C\u00f4te d'Azur","alternateName":"Invest in C\u00f4te d'Azur","url":"https:\/\/www.investincotedazur.com\/en\/","logo":{"@type":"ImageObject","inLanguage":"en-US","@id":"https:\/\/www.investincotedazur.com\/en\/#\/schema\/logo\/image\/","url":"https:\/\/www.investincotedazur.com\/wp-content\/uploads\/2023\/05\/cropped-New-missions-3.png","contentUrl":"https:\/\/www.investincotedazur.com\/wp-content\/uploads\/2023\/05\/cropped-New-missions-3.png","width":512,"height":512,"caption":"Invest in C\u00f4te d'Azur"},"image":{"@id":"https:\/\/www.investincotedazur.com\/en\/#\/schema\/logo\/image\/"},"sameAs":["https:\/\/www.linkedin.com\/company\/investincotedazur\/","https:\/\/twitter.com\/Investcotedazur"]},{"@type":"Person","@id":"https:\/\/www.investincotedazur.com\/en\/#\/schema\/person\/ebbeede4229d29e0861488f2bd1036d9","name":"Jose Perez Gabarron","image":{"@type":"ImageObject","inLanguage":"en-US","@id":"https:\/\/www.investincotedazur.com\/en\/#\/schema\/person\/image\/","url":"https:\/\/secure.gravatar.com\/avatar\/20ec9e74f48620b8ee4253da6b114950?s=96&d=mm&r=g","contentUrl":"https:\/\/secure.gravatar.com\/avatar\/20ec9e74f48620b8ee4253da6b114950?s=96&d=mm&r=g","caption":"Jose Perez Gabarron"}}]}},"_links":{"self":[{"href":"https:\/\/www.investincotedazur.com\/en\/wp-json\/wp\/v2\/posts\/18505"}],"collection":[{"href":"https:\/\/www.investincotedazur.com\/en\/wp-json\/wp\/v2\/posts"}],"about":[{"href":"https:\/\/www.investincotedazur.com\/en\/wp-json\/wp\/v2\/types\/post"}],"author":[{"embeddable":true,"href":"https:\/\/www.investincotedazur.com\/en\/wp-json\/wp\/v2\/users\/14"}],"replies":[{"embeddable":true,"href":"https:\/\/www.investincotedazur.com\/en\/wp-json\/wp\/v2\/comments?post=18505"}],"version-history":[{"count":4,"href":"https:\/\/www.investincotedazur.com\/en\/wp-json\/wp\/v2\/posts\/18505\/revisions"}],"predecessor-version":[{"id":18509,"href":"https:\/\/www.investincotedazur.com\/en\/wp-json\/wp\/v2\/posts\/18505\/revisions\/18509"}],"wp:featuredmedia":[{"embeddable":true,"href":"https:\/\/www.investincotedazur.com\/en\/wp-json\/wp\/v2\/media\/18170"}],"wp:attachment":[{"href":"https:\/\/www.investincotedazur.com\/en\/wp-json\/wp\/v2\/media?parent=18505"}],"wp:term":[{"taxonomy":"category","embeddable":true,"href":"https:\/\/www.investincotedazur.com\/en\/wp-json\/wp\/v2\/categories?post=18505"},{"taxonomy":"post_tag","embeddable":true,"href":"https:\/\/www.investincotedazur.com\/en\/wp-json\/wp\/v2\/tags?post=18505"}],"curies":[{"name":"wp","href":"https:\/\/api.w.org\/{rel}","templated":true}]}}