{"id":16971,"date":"2023-09-12T19:14:03","date_gmt":"2023-09-12T17:14:03","guid":{"rendered":"https:\/\/www.investincotedazur.com\/?p=16971"},"modified":"2023-09-12T19:35:25","modified_gmt":"2023-09-12T17:35:25","slug":"the-construction-of-a-new-eco-district-in-nice-ecovallee-will-begin-in-2024-in-la-gaude","status":"publish","type":"post","link":"https:\/\/www.investincotedazur.com\/en\/the-construction-of-a-new-eco-district-in-nice-ecovallee-will-begin-in-2024-in-la-gaude\/","title":{"rendered":"The construction of a new eco-district in Nice Ecovall\u00e9e will begin in 2024 in La Gaude"},"content":{"rendered":"\n<div class=\"wp-container-3 wp-block-columns\">\n<div class=\"wp-container-1 wp-block-column\" style=\"flex-basis:33.33%\">\n<figure class=\"wp-block-image size-full\"><img width=\"700\" height=\"700\" src=\"https:\/\/www.investincotedazur.com\/wp-content\/uploads\/2023\/09\/Copie-de-Publications-TCA-50.png\" alt=\"The development of the ZAC Le Hameau de La Baronne in La Gaude (Alpes-Maritimes) will be launched in 2024\" class=\"wp-image-16962\" srcset=\"https:\/\/www.investincotedazur.com\/wp-content\/uploads\/2023\/09\/Copie-de-Publications-TCA-50.png 700w, https:\/\/www.investincotedazur.com\/wp-content\/uploads\/2023\/09\/Copie-de-Publications-TCA-50-300x300.png 300w, https:\/\/www.investincotedazur.com\/wp-content\/uploads\/2023\/09\/Copie-de-Publications-TCA-50-150x150.png 150w\" sizes=\"(max-width: 700px) 100vw, 700px\" \/><\/figure>\n<\/div>\n\n\n\n<div class=\"wp-container-2 wp-block-column\" style=\"flex-basis:66.66%\">\n<p>The development of the ZAC Le Hameau de La Baronne in La Gaude, within the Nice C\u00f4te d&#8217;Azur Metropolis and on the perimeter of the OIN Ecovall\u00e9e, will be launched in 2024.<\/p>\n\n\n\n<p>The prefectural decree signed on August 4, 2023, validates the public facilities program for the ZAC Le Hameau de La Baronne and initiates <strong>the development phase of this future strategic EcoDistrict for the town of La Gaude (06).<\/strong> <\/p>\n\n\n\n<p><a href=\"http:\/\/www.ecovallee-plaineduvar.fr\" target=\"_blank\" rel=\"noreferrer noopener nofollow\">The EPA Nice Ecovall\u00e9e<\/a> is involved in this project to ensure harmonious and high-quality development, the establishment of housing including social housing, and the construction of suitable infrastructure. <\/p>\n\n\n\n<p>Uniquely conducted under the principle of the ZAC with participation, <strong>the initial construction is set to begin in 2024 with the first deliveries expected in 2026.<\/strong><\/p>\n<\/div>\n<\/div>\n\n\n\n<div style=\"height:37px\" aria-hidden=\"true\" class=\"wp-block-spacer\"><\/div>\n\n\n\n<div class=\"wp-container-6 wp-block-columns\">\n<div class=\"wp-container-4 wp-block-column\" style=\"flex-basis:66.66%\">\n<p>The La Gaude town hall, the Nice C\u00f4te d\u2019Azur Metropolis, and the EPA Nice Ecovall\u00e9e have teamed up, through a partnership protocol signed in March 2020, for the design of a <strong>harmonious urban project in the Hameau de La Baronne area.<\/strong> <\/p>\n\n\n\n<p>The mission of the EPA Nice Ecovall\u00e9e as a developer is notably to act as a coordinator to ensure a collaborative project, and to address the following main challenges:<\/p>\n\n\n\n<ul><li>The improvement and development of infrastructure to promote peaceful traffic flow;<\/li><li>The development of high-quality public spaces that connect with the existing hamlet while respecting the site&#8217;s identity;<\/li><li>The enhancement of natural and landscaped areas, especially through the creation of green public spaces.<\/li><\/ul>\n\n\n\n<p>For this purpose, in collaboration with the municipality, the EPA Nice Ecovall\u00e9e initiated, from the start of the development project, <strong>extensive consultations<\/strong> involving the public and stakeholders of the future district. <\/p>\n\n\n\n<p>Public meetings, workshops, exploratory walks, exhibitions, information brochures; this two-year consultation allowed the residents of La Gaude to share their strong expectations for the future of the hamlet. <\/p>\n<\/div>\n\n\n\n<div class=\"wp-container-5 wp-block-column\" style=\"flex-basis:33.33%\">\n<figure class=\"wp-block-image size-full\"><img width=\"431\" height=\"605\" src=\"https:\/\/www.investincotedazur.com\/wp-content\/uploads\/2023\/09\/image_2023-09-12_185733448.png\" alt=\"Perimeter\" class=\"wp-image-16966\" srcset=\"https:\/\/www.investincotedazur.com\/wp-content\/uploads\/2023\/09\/image_2023-09-12_185733448.png 431w, https:\/\/www.investincotedazur.com\/wp-content\/uploads\/2023\/09\/image_2023-09-12_185733448-214x300.png 214w\" sizes=\"(max-width: 431px) 100vw, 431px\" \/><\/figure>\n<\/div>\n<\/div>\n\n\n\n<div style=\"height:25px\" aria-hidden=\"true\" class=\"wp-block-spacer\"><\/div>\n\n\n<div class=\"wp-block-image\">\n<figure class=\"aligncenter size-large\"><img width=\"1024\" height=\"327\" src=\"https:\/\/www.investincotedazur.com\/wp-content\/uploads\/2023\/09\/image_2023-09-12_184915232-1024x327.png\" alt=\"Ambiance Perspectives - Credit Richez Associ&#xE9;s &amp;amp; Pena Paysages.\" class=\"wp-image-16964\" srcset=\"https:\/\/www.investincotedazur.com\/wp-content\/uploads\/2023\/09\/image_2023-09-12_184915232-1024x327.png 1024w, https:\/\/www.investincotedazur.com\/wp-content\/uploads\/2023\/09\/image_2023-09-12_184915232-300x96.png 300w, https:\/\/www.investincotedazur.com\/wp-content\/uploads\/2023\/09\/image_2023-09-12_184915232-768x245.png 768w, https:\/\/www.investincotedazur.com\/wp-content\/uploads\/2023\/09\/image_2023-09-12_184915232.png 1415w\" sizes=\"(max-width: 1024px) 100vw, 1024px\" \/><figcaption>Ambiance Perspectives &#8211; Credit Richez Associ\u00e9s &amp; Pena Paysages.<\/figcaption><\/figure><\/div>\n\n\n<div style=\"height:38px\" aria-hidden=\"true\" class=\"wp-block-spacer\"><\/div>\n\n\n\n<h2>A unique approach to ZAC with participation<\/h2>\n\n\n\n<p>The Hameau de La Baronne project, due to its context and specificities, led the EPA Nice Ecovall\u00e9e and its partners to prioritize <strong>the principle of partial land control, also called &#8220;ZAC with participation,&#8221; a unique approach for the territory.<\/strong> Indeed, the area was already buildable but lacked facilities, and the land registry provided a design compatible with the conception of a coherent urban project.<\/p>\n\n\n\n<p>Thus, landowners who wish to do so will have the opportunity to sell directly to developers for the realization of real estate projects, in accordance with the rules defined by the EPA. Since its initiation of the operation, the EPA maintains a regular relationship with landowners and titled developers, in particular to assist them in realizing their project within the development operation.<\/p>\n\n\n\n<div style=\"height:39px\" aria-hidden=\"true\" class=\"wp-block-spacer\"><\/div>\n\n\n\n<h2>A rehabilitation of existing facilities in a neighborhood that retains the village spirit<\/h2>\n\n\n\n<p>The project management of the neighborhood was entrusted to the consortium Richez Associ\u00e9s (architect and urban planner), Pena Paysages (landscaper), Setec International (VRD), Franck Boutt\u00e9 Associ\u00e9s (environment and energy), and Urbanwater (hydraulic strategy).<\/p>\n\n\n\n<p><strong>The development of public spaces is one of the priority challenges of the project led by the EPA<\/strong> to ensure accessibility and smooth movement within the neighborhood.<\/p>\n\n\n\n<p>The existing public facilities are enhanced with <strong>a new square in front of the school<\/strong> and a <strong>commercial square<\/strong> near the La Baronne road.<\/p>\n\n\n\n<p>The development of these public spaces and facilities, supported by a significant pedestrian network, allows for <strong>a dynamic and commercial neighborhood life<\/strong> in a tree-lined and pleasant space, faithful to its landscape and agricultural heritage, with the aim of preserving its village spirit. <\/p>\n\n\n\n<p>The transport routes will be strengthened to accommodate the residents of the approximately 570 new homes: the road connection of the La Baronne road (RM2209), direct with Nice, is accompanied by the implementation of public transport and an overall improvement of the roads. Soft modes of transportation will also be strongly favored (creation of pedestrian paths and bike lanes).<\/p>\n\n\n\n<div style=\"height:54px\" aria-hidden=\"true\" class=\"wp-block-spacer\"><\/div>\n\n\n\n<h2>A bioclimatic and landscaped neighborhood<\/h2>\n\n\n\n<p>Committed to the <strong>EcoDistrict approach<\/strong>, the project places great emphasis on landscape integration, water management, and bioclimatism.<\/p>\n\n\n\n<p>The location of the neighborhood, at the intersection of the hills and the La Baronne road, offers varied living spaces and landscapes. Benefiting from strong identity elements to be enhanced, <strong>each relief has adapted architecture<\/strong> that preserves the views and adapts to the site&#8217;s imperatives (conservation of terraced walls and terraced orchards, leveling of surfaces on the hillsides).<\/p>\n\n\n\n<p><strong>As a result of consultation with the site&#8217;s residents, a large landscaped park located at the heart of the project<\/strong> ensures a north\/south pedestrian connection within the neighborhood. Its role is multifaceted: it creates a calming meeting and strolling place, preserves existing species, and plays a technical role in managing rainwater.<\/p>\n\n\n\n<div style=\"height:22px\" aria-hidden=\"true\" class=\"wp-block-spacer\"><\/div>\n\n\n<div class=\"wp-block-image\">\n<figure class=\"aligncenter size-full\"><img width=\"557\" height=\"657\" src=\"https:\/\/www.investincotedazur.com\/wp-content\/uploads\/2023\/09\/image_2023-09-12_190023310.png\" alt=\"Development Principles\" class=\"wp-image-16968\" srcset=\"https:\/\/www.investincotedazur.com\/wp-content\/uploads\/2023\/09\/image_2023-09-12_190023310.png 557w, https:\/\/www.investincotedazur.com\/wp-content\/uploads\/2023\/09\/image_2023-09-12_190023310-254x300.png 254w\" sizes=\"(max-width: 557px) 100vw, 557px\" \/><\/figure><\/div>\n\n\n<div style=\"height:29px\" aria-hidden=\"true\" class=\"wp-block-spacer\"><\/div>\n\n\n\n<p>Public spaces are envisioned as tools for managing rainwater with infiltration and retention areas to limit downstream flow.<\/p>\n\n\n\n<p>The buildings meet objectives of simplicity and energy resilience inspired by nature according to <strong>the concept of Mediterranean urbanism:<\/strong> they are positioned based on exposure, shade, and wind to ensure the coolness of the dwellings.<\/p>\n\n\n\n<p>All projects will comply with the <strong>Ecovall\u00e9e Quality environmental standard.<\/strong> Created by the EPA Nice Ecovall\u00e9e in 2013 in collaboration with ADEME, and made mandatory under the metropolitan local urban plan, it sets the environmental performance objectives to be achieved by operators, both private and public, within the framework of development and construction projects carried out within Nice \u00c9covall\u00e9e. Specifically created for the Plaine du Var territory, it contains ambitious performance objectives in terms of landscape and biodiversity, comfort, energy, water, waste, and transportation.<\/p>\n\n\n\n<div style=\"height:39px\" aria-hidden=\"true\" class=\"wp-block-spacer\"><\/div>\n\n\n\n<h2><strong>Key dates of the operation<\/strong><\/h2>\n\n\n\n<ul><li>March 7, 2019: Initiation of the operation at the Board of Directors of the EPA Nice Ecovall\u00e9e<\/li><li>March 2, 2020: Signing of the partnership protocol with the Municipality and the Metropolis<\/li><li>July 21, 2021: Favorable opinion from the environmental authority on the draft creation file and its impact study<\/li><li>October 7, 2021: Approval of the consultation report<\/li><li>May 31, 2022: Prefectural decree creating the ZAC<\/li><li>September 23, 2022: Submission of the implementation file to the environmental authority<\/li><li>June 13, 2023: Favorable opinion from the municipality on the PEP (public facilities program)<\/li><li>August 4, 2023: Prefectural decree approving the public facilities program<\/li><\/ul>\n\n\n\n<p><\/p>\n\n\n\n<p><\/p>\n\n\n\n<h2><strong>The Hameau de La Baronne &#8211; Facts and Figures<\/strong><\/h2>\n\n\n\n<ul><li>Project Management<strong>:<\/strong> Richez Associ\u00e9s, Pena Paysages, Setec International, Franck Boutt\u00e9 Associ\u00e9s, and Urbanwater.<\/li><li>A project covering approximately 15 hectares, which is approximately 45,600 square meters of floor area.<\/li><li>41,500 square meters of housing, which equates to approximately 570 housing units, including 35% designated as social housing.<\/li><li>1,500 square meters of Gross Floor Area (SDP) for local shops and services<\/li><li>2,600 square meters of public facilities<\/li><\/ul>\n\n\n\n<div style=\"height:100px\" aria-hidden=\"true\" class=\"wp-block-spacer\"><\/div>\n\n\n\n<hr class=\"wp-block-separator has-text-color has-vivid-cyan-blue-color has-alpha-channel-opacity has-vivid-cyan-blue-background-color has-background\"\/>\n\n\n\n<h2 class=\"has-vivid-cyan-blue-color has-text-color\">Nice Ecovall\u00e9e &#8211; Nice C\u00f4te d&#8217;Azur<\/h2>\n\n\n\n<div style=\"height:19px\" aria-hidden=\"true\" class=\"wp-block-spacer\"><\/div>\n\n\n<ul class=\"wp-block-latest-posts__list is-grid columns-2 wp-block-latest-posts\"><li><div class=\"wp-block-latest-posts__featured-image alignleft\"><img width=\"150\" height=\"150\" src=\"https:\/\/www.investincotedazur.com\/wp-content\/uploads\/2025\/07\/de-labaca-bpmed-150x150.jpg\" class=\"attachment-thumbnail size-thumbnail wp-post-image\" alt=\"de labaca bpmed\" style=\"max-width:50px;max-height:50px;\" loading=\"lazy\" srcset=\"https:\/\/www.investincotedazur.com\/wp-content\/uploads\/2025\/07\/de-labaca-bpmed-150x150.jpg 150w, https:\/\/www.investincotedazur.com\/wp-content\/uploads\/2025\/07\/de-labaca-bpmed-300x300.jpg 300w, https:\/\/www.investincotedazur.com\/wp-content\/uploads\/2025\/07\/de-labaca-bpmed.jpg 700w\" sizes=\"(max-width: 150px) 100vw, 150px\" \/><\/div><a class=\"wp-block-latest-posts__post-title\" href=\"https:\/\/www.investincotedazur.com\/en\/banque-populaire-mediterranee-to-renovate-its-headquarters-in-nice-arenas\/\">Banque Populaire M\u00e9diterran\u00e9e to Renovate Its Headquarters in Nice Ar\u00e9nas<\/a><\/li>\n<li><div class=\"wp-block-latest-posts__featured-image alignleft\"><img width=\"150\" height=\"150\" src=\"https:\/\/www.investincotedazur.com\/wp-content\/uploads\/2025\/09\/airport-carbon-accreditation-niveau-5-nice-cote-dazur-150x150.jpg\" class=\"attachment-thumbnail size-thumbnail wp-post-image\" alt=\"airport carbon accreditation niveau 5 nice cote dazur\" style=\"max-width:50px;max-height:50px;\" loading=\"lazy\" srcset=\"https:\/\/www.investincotedazur.com\/wp-content\/uploads\/2025\/09\/airport-carbon-accreditation-niveau-5-nice-cote-dazur-150x150.jpg 150w, https:\/\/www.investincotedazur.com\/wp-content\/uploads\/2025\/09\/airport-carbon-accreditation-niveau-5-nice-cote-dazur-700x700.jpg 700w\" sizes=\"(max-width: 150px) 100vw, 150px\" \/><\/div><a class=\"wp-block-latest-posts__post-title\" href=\"https:\/\/www.investincotedazur.com\/en\/nice-cote-dazur-airport-reaches-level-5-of-the-airport-carbon-accreditation\/\">Nice C\u00f4te d\u2019Azur Airport reaches Level 5 of the Airport Carbon Accreditation<\/a><\/li>\n<li><div class=\"wp-block-latest-posts__featured-image alignleft\"><img width=\"150\" height=\"150\" src=\"https:\/\/www.investincotedazur.com\/wp-content\/uploads\/2025\/02\/investincotedazur-7-150x150.jpg\" class=\"attachment-thumbnail size-thumbnail wp-post-image\" alt=\"parc Meridia\" style=\"max-width:50px;max-height:50px;\" loading=\"lazy\" srcset=\"https:\/\/www.investincotedazur.com\/wp-content\/uploads\/2025\/02\/investincotedazur-7-150x150.jpg 150w, https:\/\/www.investincotedazur.com\/wp-content\/uploads\/2025\/02\/investincotedazur-7-300x300.jpg 300w, https:\/\/www.investincotedazur.com\/wp-content\/uploads\/2025\/02\/investincotedazur-7.jpg 700w\" sizes=\"(max-width: 150px) 100vw, 150px\" \/><\/div><a class=\"wp-block-latest-posts__post-title\" href=\"https:\/\/www.investincotedazur.com\/en\/sustainable-city-parc-meridia-project-enters-implementation-phase\/\">Sustainable city: Parc M\u00e9ridia project enters implementation phase<\/a><\/li>\n<li><div class=\"wp-block-latest-posts__featured-image alignleft\"><img width=\"150\" height=\"150\" src=\"https:\/\/www.investincotedazur.com\/wp-content\/uploads\/2023\/11\/gare-bioclimatique-nice-150x150.png\" class=\"attachment-thumbnail size-thumbnail wp-post-image\" alt=\"gare bioclimatique nice\" style=\"max-width:50px;max-height:50px;\" loading=\"lazy\" srcset=\"https:\/\/www.investincotedazur.com\/wp-content\/uploads\/2023\/11\/gare-bioclimatique-nice-150x150.png 150w, https:\/\/www.investincotedazur.com\/wp-content\/uploads\/2023\/11\/gare-bioclimatique-nice-300x300.png 300w, https:\/\/www.investincotedazur.com\/wp-content\/uploads\/2023\/11\/gare-bioclimatique-nice.png 700w\" sizes=\"(max-width: 150px) 100vw, 150px\" \/><\/div><a class=\"wp-block-latest-posts__post-title\" href=\"https:\/\/www.investincotedazur.com\/en\/nice-airport-train-station-europes-first-bioclimatic-station\/\">Nice Airport Train Station, Europe&#8217;s First Bioclimatic Station<\/a><\/li>\n<li><div class=\"wp-block-latest-posts__featured-image alignleft\"><img width=\"150\" height=\"150\" src=\"https:\/\/www.investincotedazur.com\/wp-content\/uploads\/2022\/08\/land-your-business-nice-cote-dazur-1024x1024-1-150x150.png\" class=\"attachment-thumbnail size-thumbnail wp-post-image\" alt=\"\" style=\"max-width:50px;max-height:50px;\" loading=\"lazy\" srcset=\"https:\/\/www.investincotedazur.com\/wp-content\/uploads\/2022\/08\/land-your-business-nice-cote-dazur-1024x1024-1-150x150.png 150w, https:\/\/www.investincotedazur.com\/wp-content\/uploads\/2022\/08\/land-your-business-nice-cote-dazur-1024x1024-1-300x300.png 300w, https:\/\/www.investincotedazur.com\/wp-content\/uploads\/2022\/08\/land-your-business-nice-cote-dazur-1024x1024-1.png 1024w, https:\/\/www.investincotedazur.com\/wp-content\/uploads\/2022\/08\/land-your-business-nice-cote-dazur-1024x1024-1-768x768.png 768w, https:\/\/www.investincotedazur.com\/wp-content\/uploads\/2022\/08\/land-your-business-nice-cote-dazur-1024x1024-1-700x700.png 700w\" sizes=\"(max-width: 150px) 100vw, 150px\" \/><\/div><a class=\"wp-block-latest-posts__post-title\" href=\"https:\/\/www.investincotedazur.com\/en\/business-landing-nice-cote-dazur-support-for-business-set-up-in-france\/\">Business Landing Nice C\u00f4te d&#8217;Azur: Support for business set up in France<\/a><\/li>\n<li><div class=\"wp-block-latest-posts__featured-image alignleft\"><img width=\"150\" height=\"150\" src=\"https:\/\/www.investincotedazur.com\/wp-content\/uploads\/2023\/04\/station-haliotis-2-Nice-150x150.png\" class=\"attachment-thumbnail size-thumbnail wp-post-image\" alt=\"station haliotis 2 Nice\" style=\"max-width:50px;max-height:50px;\" loading=\"lazy\" srcset=\"https:\/\/www.investincotedazur.com\/wp-content\/uploads\/2023\/04\/station-haliotis-2-Nice-150x150.png 150w, https:\/\/www.investincotedazur.com\/wp-content\/uploads\/2023\/04\/station-haliotis-2-Nice-300x300.png 300w, https:\/\/www.investincotedazur.com\/wp-content\/uploads\/2023\/04\/station-haliotis-2-Nice-1024x1024.png 1024w, https:\/\/www.investincotedazur.com\/wp-content\/uploads\/2023\/04\/station-haliotis-2-Nice-768x768.png 768w, https:\/\/www.investincotedazur.com\/wp-content\/uploads\/2023\/04\/station-haliotis-2-Nice-700x700.png 700w, https:\/\/www.investincotedazur.com\/wp-content\/uploads\/2023\/04\/station-haliotis-2-Nice.png 1080w\" sizes=\"(max-width: 150px) 100vw, 150px\" \/><\/div><a class=\"wp-block-latest-posts__post-title\" href=\"https:\/\/www.investincotedazur.com\/en\/haliotis-2-station-in-nice-the-largest-wastewater-treatment-project-in-france\/\">Haliotis 2 station in Nice, the largest wastewater treatment project in France.<\/a><\/li>\n<li><div class=\"wp-block-latest-posts__featured-image alignleft\"><img width=\"150\" height=\"150\" src=\"https:\/\/www.investincotedazur.com\/wp-content\/uploads\/2025\/04\/Equipe-CMP-150x150.jpg\" class=\"attachment-thumbnail size-thumbnail wp-post-image\" alt=\"Circum Medtech Pharma\" style=\"max-width:50px;max-height:50px;\" loading=\"lazy\" srcset=\"https:\/\/www.investincotedazur.com\/wp-content\/uploads\/2025\/04\/Equipe-CMP-150x150.jpg 150w, https:\/\/www.investincotedazur.com\/wp-content\/uploads\/2025\/04\/Equipe-CMP-700x700.jpg 700w\" sizes=\"(max-width: 150px) 100vw, 150px\" \/><\/div><a class=\"wp-block-latest-posts__post-title\" href=\"https:\/\/www.investincotedazur.com\/en\/in-nice-circum-medtech-pharma-is-making-the-medtech-value-chain-more-agile-more-reliable-and-more-efficient\/\">In Nice, Circum Medtech Pharma is making the Medtech value chain more agile, more reliable, and more efficient<\/a><\/li>\n<li><div class=\"wp-block-latest-posts__featured-image alignleft\"><img width=\"150\" height=\"150\" src=\"https:\/\/www.investincotedazur.com\/wp-content\/uploads\/2025\/01\/INPHYNI-Nice-Meridia-150x150.jpg\" class=\"attachment-thumbnail size-thumbnail wp-post-image\" alt=\"INPHYNI Nice Meridia\" style=\"max-width:50px;max-height:50px;\" loading=\"lazy\" srcset=\"https:\/\/www.investincotedazur.com\/wp-content\/uploads\/2025\/01\/INPHYNI-Nice-Meridia-150x150.jpg 150w, https:\/\/www.investincotedazur.com\/wp-content\/uploads\/2025\/01\/INPHYNI-Nice-Meridia-300x300.jpg 300w, https:\/\/www.investincotedazur.com\/wp-content\/uploads\/2025\/01\/INPHYNI-Nice-Meridia.jpg 700w\" sizes=\"(max-width: 150px) 100vw, 150px\" \/><\/div><a class=\"wp-block-latest-posts__post-title\" href=\"https:\/\/www.investincotedazur.com\/en\/institut-de-physique-de-nice-inphyni-a-center-of-excellence-at-the-heart-of-nice-meridia\/\">Institut de Physique de Nice (INPHYNI): A Center of Excellence at the Heart of Nice M\u00e9ridia<\/a><\/li>\n<\/ul>","protected":false},"excerpt":{"rendered":"<p>The development of the ZAC Le Hameau de La Baronne in La Gaude, within the Nice C\u00f4te d&#8217;Azur Metropolis and on the perimeter of the OIN Ecovall\u00e9e, will be launched in 2024. The prefectural decree signed on August 4, 2023, validates the public facilities program for the ZAC Le Hameau de La Baronne and initiates [&hellip;]<\/p>\n","protected":false},"author":14,"featured_media":16961,"comment_status":"closed","ping_status":"open","sticky":false,"template":"","format":"standard","meta":{"_mi_skip_tracking":false,"_monsterinsights_sitenote_active":false,"_monsterinsights_sitenote_note":"","_monsterinsights_sitenote_category":0},"categories":[92,99,102,134,140],"tags":[],"acf":[],"yoast_head":"<!-- This site is optimized with the Yoast SEO plugin v19.12 - https:\/\/yoast.com\/wordpress\/plugins\/seo\/ -->\n<title>The construction of a new eco-district in Nice Ecovall\u00e9e will begin in 2024 in La Gaude - Invest in C\u00f4te d&#039;Azur<\/title>\n<meta name=\"description\" content=\"The development of the ZAC Le Hameau de La Baronne in La Gaude, within the Nice C\u00f4te d&#039;Azur Metropolis and on the perimeter of the OIN Ecovall\u00e9e, will be launched in 2024.\" \/>\n<meta name=\"robots\" content=\"index, follow, max-snippet:-1, max-image-preview:large, max-video-preview:-1\" \/>\n<link rel=\"canonical\" href=\"https:\/\/www.investincotedazur.com\/en\/the-construction-of-a-new-eco-district-in-nice-ecovallee-will-begin-in-2024-in-la-gaude\/\" \/>\n<meta property=\"og:locale\" content=\"en_US\" \/>\n<meta property=\"og:type\" content=\"article\" \/>\n<meta property=\"og:title\" content=\"The construction of a new eco-district in Nice Ecovall\u00e9e will begin in 2024 in La Gaude - Invest in C\u00f4te d&#039;Azur\" \/>\n<meta property=\"og:description\" content=\"The development of the ZAC Le Hameau de La Baronne in La Gaude, within the Nice C\u00f4te d&#039;Azur Metropolis and on the perimeter of the OIN Ecovall\u00e9e, will be launched in 2024.\" \/>\n<meta property=\"og:url\" content=\"https:\/\/www.investincotedazur.com\/en\/the-construction-of-a-new-eco-district-in-nice-ecovallee-will-begin-in-2024-in-la-gaude\/\" \/>\n<meta property=\"og:site_name\" content=\"Invest in C\u00f4te d&#039;Azur\" \/>\n<meta property=\"article:published_time\" content=\"2023-09-12T17:14:03+00:00\" \/>\n<meta property=\"article:modified_time\" content=\"2023-09-12T17:35:25+00:00\" \/>\n<meta property=\"og:image\" content=\"https:\/\/www.investincotedazur.com\/wp-content\/uploads\/2023\/09\/Copie-de-Publications-TCA-50.png\" \/>\n\t<meta property=\"og:image:width\" content=\"700\" \/>\n\t<meta property=\"og:image:height\" content=\"700\" \/>\n\t<meta property=\"og:image:type\" content=\"image\/png\" \/>\n<meta name=\"author\" content=\"Jose Perez Gabarron\" \/>\n<meta name=\"twitter:card\" content=\"summary_large_image\" \/>\n<meta name=\"twitter:creator\" content=\"@Investcotedazur\" \/>\n<meta name=\"twitter:site\" content=\"@Investcotedazur\" \/>\n<meta name=\"twitter:label1\" content=\"Written by\" \/>\n\t<meta name=\"twitter:data1\" content=\"Jose Perez Gabarron\" \/>\n\t<meta name=\"twitter:label2\" content=\"Est. reading time\" \/>\n\t<meta name=\"twitter:data2\" content=\"7 minutes\" \/>\n<script type=\"application\/ld+json\" class=\"yoast-schema-graph\">{\"@context\":\"https:\/\/schema.org\",\"@graph\":[{\"@type\":\"Article\",\"@id\":\"https:\/\/www.investincotedazur.com\/en\/the-construction-of-a-new-eco-district-in-nice-ecovallee-will-begin-in-2024-in-la-gaude\/#article\",\"isPartOf\":{\"@id\":\"https:\/\/www.investincotedazur.com\/en\/the-construction-of-a-new-eco-district-in-nice-ecovallee-will-begin-in-2024-in-la-gaude\/\"},\"author\":{\"name\":\"Jose Perez Gabarron\",\"@id\":\"https:\/\/www.investincotedazur.com\/en\/#\/schema\/person\/ebbeede4229d29e0861488f2bd1036d9\"},\"headline\":\"The construction of a new eco-district in Nice Ecovall\u00e9e will begin in 2024 in La Gaude\",\"datePublished\":\"2023-09-12T17:14:03+00:00\",\"dateModified\":\"2023-09-12T17:35:25+00:00\",\"mainEntityOfPage\":{\"@id\":\"https:\/\/www.investincotedazur.com\/en\/the-construction-of-a-new-eco-district-in-nice-ecovallee-will-begin-in-2024-in-la-gaude\/\"},\"wordCount\":1096,\"publisher\":{\"@id\":\"https:\/\/www.investincotedazur.com\/en\/#organization\"},\"articleSection\":[\"C\u00f4te d'Azur Planning\",\"Infrastructures\",\"Nice C\u00f4te d'Azur Metropolis\",\"Nice Ecovall\u00e9e\",\"Quality of Life\"],\"inLanguage\":\"en-US\"},{\"@type\":\"WebPage\",\"@id\":\"https:\/\/www.investincotedazur.com\/en\/the-construction-of-a-new-eco-district-in-nice-ecovallee-will-begin-in-2024-in-la-gaude\/\",\"url\":\"https:\/\/www.investincotedazur.com\/en\/the-construction-of-a-new-eco-district-in-nice-ecovallee-will-begin-in-2024-in-la-gaude\/\",\"name\":\"The construction of a new eco-district in Nice Ecovall\u00e9e will begin in 2024 in La Gaude - Invest in C\u00f4te d&#039;Azur\",\"isPartOf\":{\"@id\":\"https:\/\/www.investincotedazur.com\/en\/#website\"},\"datePublished\":\"2023-09-12T17:14:03+00:00\",\"dateModified\":\"2023-09-12T17:35:25+00:00\",\"description\":\"The development of the ZAC Le Hameau de La Baronne in La Gaude, within the Nice C\u00f4te d'Azur Metropolis and on the perimeter of the OIN Ecovall\u00e9e, will be launched in 2024.\",\"inLanguage\":\"en-US\",\"potentialAction\":[{\"@type\":\"ReadAction\",\"target\":[\"https:\/\/www.investincotedazur.com\/en\/the-construction-of-a-new-eco-district-in-nice-ecovallee-will-begin-in-2024-in-la-gaude\/\"]}]},{\"@type\":\"WebSite\",\"@id\":\"https:\/\/www.investincotedazur.com\/en\/#website\",\"url\":\"https:\/\/www.investincotedazur.com\/en\/\",\"name\":\"Invest in C\u00f4te d'Azur\",\"description\":\"\",\"publisher\":{\"@id\":\"https:\/\/www.investincotedazur.com\/en\/#organization\"},\"alternateName\":\"Invest in C\u00f4te d'Azur\",\"potentialAction\":[{\"@type\":\"SearchAction\",\"target\":{\"@type\":\"EntryPoint\",\"urlTemplate\":\"https:\/\/www.investincotedazur.com\/en\/?s={search_term_string}\"},\"query-input\":\"required name=search_term_string\"}],\"inLanguage\":\"en-US\"},{\"@type\":\"Organization\",\"@id\":\"https:\/\/www.investincotedazur.com\/en\/#organization\",\"name\":\"Invest in C\u00f4te d'Azur\",\"alternateName\":\"Invest in C\u00f4te d'Azur\",\"url\":\"https:\/\/www.investincotedazur.com\/en\/\",\"logo\":{\"@type\":\"ImageObject\",\"inLanguage\":\"en-US\",\"@id\":\"https:\/\/www.investincotedazur.com\/en\/#\/schema\/logo\/image\/\",\"url\":\"https:\/\/www.investincotedazur.com\/wp-content\/uploads\/2023\/05\/cropped-New-missions-3.png\",\"contentUrl\":\"https:\/\/www.investincotedazur.com\/wp-content\/uploads\/2023\/05\/cropped-New-missions-3.png\",\"width\":512,\"height\":512,\"caption\":\"Invest in C\u00f4te d'Azur\"},\"image\":{\"@id\":\"https:\/\/www.investincotedazur.com\/en\/#\/schema\/logo\/image\/\"},\"sameAs\":[\"https:\/\/www.linkedin.com\/company\/investincotedazur\/\",\"https:\/\/twitter.com\/Investcotedazur\"]},{\"@type\":\"Person\",\"@id\":\"https:\/\/www.investincotedazur.com\/en\/#\/schema\/person\/ebbeede4229d29e0861488f2bd1036d9\",\"name\":\"Jose Perez Gabarron\",\"image\":{\"@type\":\"ImageObject\",\"inLanguage\":\"en-US\",\"@id\":\"https:\/\/www.investincotedazur.com\/en\/#\/schema\/person\/image\/\",\"url\":\"https:\/\/secure.gravatar.com\/avatar\/20ec9e74f48620b8ee4253da6b114950?s=96&d=mm&r=g\",\"contentUrl\":\"https:\/\/secure.gravatar.com\/avatar\/20ec9e74f48620b8ee4253da6b114950?s=96&d=mm&r=g\",\"caption\":\"Jose Perez Gabarron\"}}]}<\/script>\n<!-- \/ Yoast SEO plugin. -->","yoast_head_json":{"title":"The construction of a new eco-district in Nice Ecovall\u00e9e will begin in 2024 in La Gaude - Invest in C\u00f4te d&#039;Azur","description":"The development of the ZAC Le Hameau de La Baronne in La Gaude, within the Nice C\u00f4te d'Azur Metropolis and on the perimeter of the OIN Ecovall\u00e9e, will be launched in 2024.","robots":{"index":"index","follow":"follow","max-snippet":"max-snippet:-1","max-image-preview":"max-image-preview:large","max-video-preview":"max-video-preview:-1"},"canonical":"https:\/\/www.investincotedazur.com\/en\/the-construction-of-a-new-eco-district-in-nice-ecovallee-will-begin-in-2024-in-la-gaude\/","og_locale":"en_US","og_type":"article","og_title":"The construction of a new eco-district in Nice Ecovall\u00e9e will begin in 2024 in La Gaude - Invest in C\u00f4te d&#039;Azur","og_description":"The development of the ZAC Le Hameau de La Baronne in La Gaude, within the Nice C\u00f4te d'Azur Metropolis and on the perimeter of the OIN Ecovall\u00e9e, will be launched in 2024.","og_url":"https:\/\/www.investincotedazur.com\/en\/the-construction-of-a-new-eco-district-in-nice-ecovallee-will-begin-in-2024-in-la-gaude\/","og_site_name":"Invest in C\u00f4te d&#039;Azur","article_published_time":"2023-09-12T17:14:03+00:00","article_modified_time":"2023-09-12T17:35:25+00:00","og_image":[{"width":700,"height":700,"url":"https:\/\/www.investincotedazur.com\/wp-content\/uploads\/2023\/09\/Copie-de-Publications-TCA-50.png","type":"image\/png"}],"author":"Jose Perez Gabarron","twitter_card":"summary_large_image","twitter_creator":"@Investcotedazur","twitter_site":"@Investcotedazur","twitter_misc":{"Written by":"Jose Perez Gabarron","Est. reading time":"7 minutes"},"schema":{"@context":"https:\/\/schema.org","@graph":[{"@type":"Article","@id":"https:\/\/www.investincotedazur.com\/en\/the-construction-of-a-new-eco-district-in-nice-ecovallee-will-begin-in-2024-in-la-gaude\/#article","isPartOf":{"@id":"https:\/\/www.investincotedazur.com\/en\/the-construction-of-a-new-eco-district-in-nice-ecovallee-will-begin-in-2024-in-la-gaude\/"},"author":{"name":"Jose Perez Gabarron","@id":"https:\/\/www.investincotedazur.com\/en\/#\/schema\/person\/ebbeede4229d29e0861488f2bd1036d9"},"headline":"The construction of a new eco-district in Nice Ecovall\u00e9e will begin in 2024 in La Gaude","datePublished":"2023-09-12T17:14:03+00:00","dateModified":"2023-09-12T17:35:25+00:00","mainEntityOfPage":{"@id":"https:\/\/www.investincotedazur.com\/en\/the-construction-of-a-new-eco-district-in-nice-ecovallee-will-begin-in-2024-in-la-gaude\/"},"wordCount":1096,"publisher":{"@id":"https:\/\/www.investincotedazur.com\/en\/#organization"},"articleSection":["C\u00f4te d'Azur Planning","Infrastructures","Nice C\u00f4te d'Azur Metropolis","Nice Ecovall\u00e9e","Quality of Life"],"inLanguage":"en-US"},{"@type":"WebPage","@id":"https:\/\/www.investincotedazur.com\/en\/the-construction-of-a-new-eco-district-in-nice-ecovallee-will-begin-in-2024-in-la-gaude\/","url":"https:\/\/www.investincotedazur.com\/en\/the-construction-of-a-new-eco-district-in-nice-ecovallee-will-begin-in-2024-in-la-gaude\/","name":"The construction of a new eco-district in Nice Ecovall\u00e9e will begin in 2024 in La Gaude - Invest in C\u00f4te d&#039;Azur","isPartOf":{"@id":"https:\/\/www.investincotedazur.com\/en\/#website"},"datePublished":"2023-09-12T17:14:03+00:00","dateModified":"2023-09-12T17:35:25+00:00","description":"The development of the ZAC Le Hameau de La Baronne in La Gaude, within the Nice C\u00f4te d'Azur Metropolis and on the perimeter of the OIN Ecovall\u00e9e, will be launched in 2024.","inLanguage":"en-US","potentialAction":[{"@type":"ReadAction","target":["https:\/\/www.investincotedazur.com\/en\/the-construction-of-a-new-eco-district-in-nice-ecovallee-will-begin-in-2024-in-la-gaude\/"]}]},{"@type":"WebSite","@id":"https:\/\/www.investincotedazur.com\/en\/#website","url":"https:\/\/www.investincotedazur.com\/en\/","name":"Invest in C\u00f4te d'Azur","description":"","publisher":{"@id":"https:\/\/www.investincotedazur.com\/en\/#organization"},"alternateName":"Invest in C\u00f4te d'Azur","potentialAction":[{"@type":"SearchAction","target":{"@type":"EntryPoint","urlTemplate":"https:\/\/www.investincotedazur.com\/en\/?s={search_term_string}"},"query-input":"required name=search_term_string"}],"inLanguage":"en-US"},{"@type":"Organization","@id":"https:\/\/www.investincotedazur.com\/en\/#organization","name":"Invest in C\u00f4te d'Azur","alternateName":"Invest in C\u00f4te d'Azur","url":"https:\/\/www.investincotedazur.com\/en\/","logo":{"@type":"ImageObject","inLanguage":"en-US","@id":"https:\/\/www.investincotedazur.com\/en\/#\/schema\/logo\/image\/","url":"https:\/\/www.investincotedazur.com\/wp-content\/uploads\/2023\/05\/cropped-New-missions-3.png","contentUrl":"https:\/\/www.investincotedazur.com\/wp-content\/uploads\/2023\/05\/cropped-New-missions-3.png","width":512,"height":512,"caption":"Invest in C\u00f4te d'Azur"},"image":{"@id":"https:\/\/www.investincotedazur.com\/en\/#\/schema\/logo\/image\/"},"sameAs":["https:\/\/www.linkedin.com\/company\/investincotedazur\/","https:\/\/twitter.com\/Investcotedazur"]},{"@type":"Person","@id":"https:\/\/www.investincotedazur.com\/en\/#\/schema\/person\/ebbeede4229d29e0861488f2bd1036d9","name":"Jose Perez Gabarron","image":{"@type":"ImageObject","inLanguage":"en-US","@id":"https:\/\/www.investincotedazur.com\/en\/#\/schema\/person\/image\/","url":"https:\/\/secure.gravatar.com\/avatar\/20ec9e74f48620b8ee4253da6b114950?s=96&d=mm&r=g","contentUrl":"https:\/\/secure.gravatar.com\/avatar\/20ec9e74f48620b8ee4253da6b114950?s=96&d=mm&r=g","caption":"Jose Perez Gabarron"}}]}},"_links":{"self":[{"href":"https:\/\/www.investincotedazur.com\/en\/wp-json\/wp\/v2\/posts\/16971"}],"collection":[{"href":"https:\/\/www.investincotedazur.com\/en\/wp-json\/wp\/v2\/posts"}],"about":[{"href":"https:\/\/www.investincotedazur.com\/en\/wp-json\/wp\/v2\/types\/post"}],"author":[{"embeddable":true,"href":"https:\/\/www.investincotedazur.com\/en\/wp-json\/wp\/v2\/users\/14"}],"replies":[{"embeddable":true,"href":"https:\/\/www.investincotedazur.com\/en\/wp-json\/wp\/v2\/comments?post=16971"}],"version-history":[{"count":4,"href":"https:\/\/www.investincotedazur.com\/en\/wp-json\/wp\/v2\/posts\/16971\/revisions"}],"predecessor-version":[{"id":16975,"href":"https:\/\/www.investincotedazur.com\/en\/wp-json\/wp\/v2\/posts\/16971\/revisions\/16975"}],"wp:featuredmedia":[{"embeddable":true,"href":"https:\/\/www.investincotedazur.com\/en\/wp-json\/wp\/v2\/media\/16961"}],"wp:attachment":[{"href":"https:\/\/www.investincotedazur.com\/en\/wp-json\/wp\/v2\/media?parent=16971"}],"wp:term":[{"taxonomy":"category","embeddable":true,"href":"https:\/\/www.investincotedazur.com\/en\/wp-json\/wp\/v2\/categories?post=16971"},{"taxonomy":"post_tag","embeddable":true,"href":"https:\/\/www.investincotedazur.com\/en\/wp-json\/wp\/v2\/tags?post=16971"}],"curies":[{"name":"wp","href":"https:\/\/api.w.org\/{rel}","templated":true}]}}