{"id":16893,"date":"2023-09-05T16:54:43","date_gmt":"2023-09-05T14:54:43","guid":{"rendered":"https:\/\/www.investincotedazur.com\/?p=16893"},"modified":"2023-09-05T17:07:18","modified_gmt":"2023-09-05T15:07:18","slug":"retail-tender-announcement-for-nice-cote-dazur-airport","status":"publish","type":"post","link":"https:\/\/www.investincotedazur.com\/en\/retail-tender-announcement-for-nice-cote-dazur-airport\/","title":{"rendered":"Retail Tender Announcement for Nice C\u00f4te d\u2019Azur Airport"},"content":{"rendered":"\n<div class=\"wp-container-3 wp-block-columns\">\n<div class=\"wp-container-1 wp-block-column\" style=\"flex-basis:33.33%\">\n<figure class=\"wp-block-image size-full\"><img width=\"700\" height=\"700\" src=\"https:\/\/www.investincotedazur.com\/wp-content\/uploads\/2023\/09\/Publications-TCA-2023-09-05T163124.605.png\" alt=\"\" class=\"wp-image-16890\" srcset=\"https:\/\/www.investincotedazur.com\/wp-content\/uploads\/2023\/09\/Publications-TCA-2023-09-05T163124.605.png 700w, https:\/\/www.investincotedazur.com\/wp-content\/uploads\/2023\/09\/Publications-TCA-2023-09-05T163124.605-300x300.png 300w, https:\/\/www.investincotedazur.com\/wp-content\/uploads\/2023\/09\/Publications-TCA-2023-09-05T163124.605-150x150.png 150w\" sizes=\"(max-width: 700px) 100vw, 700px\" \/><\/figure>\n<\/div>\n\n\n\n<div class=\"wp-container-2 wp-block-column\" style=\"flex-basis:66.66%\">\n<p class=\"has-medium-font-size\">With the ambition to magnify the uniqueness, diversity, and the art of living of the C\u00f4te d&#8217;Azur, the <strong>Nice C\u00f4te d\u2019Azur Airport announces the launch of a major tender for its entire retail space.<\/strong> <\/p>\n\n\n\n<p class=\"has-medium-font-size\">Spanning an area of 4500m2 across three of its terminals, the airport is opening its doors to potential partners eager to attract a diverse clientele, primarily consisting of CSP+ travelers and a significant <a href=\"https:\/\/www.investincotedazur.com\/en\/nice-cote-dazur-airport-expands-its-network-for-summer-2023\/\">international presence.<\/a><\/p>\n\n\n\n<p class=\"has-medium-font-size\">Traditional segments such as &#8220;Duty Free&#8221; products, fashion, and local gastronomy will be included. However, the airport encourages the introduction of new concepts focused on children, well-being, and eco-responsibility, thereby reflecting emerging market trends and the values of the region.<\/p>\n\n\n\n<p><\/p>\n<\/div>\n<\/div>\n\n\n\n<h2><strong>Nice C\u00f4te d&#8217;Azur Airport: The Gateway to the Region<\/strong><\/h2>\n\n\n\n<p>As stated by Candice Cadreils, Director of the Commercial BU of C\u00f4te d&#8217;Azur Airports: &#8221; <em>The Nice C\u00f4te d\u2019Azur Airport aims to be a bridge between the Riviera and the rest of the world. More than a showcase, it serves as a jewel box for brands. As the gateway to a vast region renowned worldwide, the Nice C\u00f4te d\u2019Azur Airport has implemented a bold strategy to turn boarding time into a surprising, unforgettable, and unique experience in Europe. This policy earned it the title of &#8220;Best Airport Operator in the World&#8221; at the 2018 Frontier Awards. <\/em>&#8220;<\/p>\n\n\n\n<div style=\"height:63px\" aria-hidden=\"true\" class=\"wp-block-spacer\"><\/div>\n\n\n\n<h2><strong>A multi-stage selection process<\/strong><\/h2>\n\n\n\n<p>For brands interested in this unique opportunity, the application process has been clearly outlined in four steps, starting with <strong>the submission of applications before September 29, 2023.<\/strong><\/p>\n\n\n\n<p>The links provided below detail the specific categories for which the airport is seeking candidates.<\/p>\n\n\n\n<ul><li><a href=\"https:\/\/achats.nice.aeroport.fr\/autres-consultations\/2023-aot-retail-luxe-premium\">https:\/\/achats.nice.aeroport.fr\/autres-consultations\/2023-aot-retail-luxe-premium<\/a><\/li><li><a href=\"https:\/\/achats.nice.aeroport.fr\/autres-consultations\/2023-aot-duty-free-multimarques-mode-fashion\">https:\/\/achats.nice.aeroport.fr\/autres-consultations\/2023-aot-duty-free-multimarques-mode-fashion<\/a><\/li><li><a href=\"https:\/\/achats.nice.aeroport.fr\/autres-consultations\/2023-aot-horlogerie-bijouterie-joaillerie-watches-jewelry\">https:\/\/achats.nice.aeroport.fr\/autres-consultations\/2023-aot-horlogerie-bijouterie-joaillerie-watches-jewelry<\/a><\/li><\/ul>\n\n\n\n<p>Following the initial submission, shortlisted candidates will be required to present their comprehensive proposal in February 2024, followed by an evaluation in May of the same year. The final contracts, which will span a period of 7 to 8 years, will see the commencement of work in November 2024, with a grand opening anticipated for January 2025.<\/p>\n\n\n\n<div style=\"height:100px\" aria-hidden=\"true\" class=\"wp-block-spacer\"><\/div>\n\n\n\n<hr class=\"wp-block-separator has-text-color has-vivid-cyan-blue-color has-alpha-channel-opacity has-vivid-cyan-blue-background-color has-background\"\/>\n\n\n\n<h2 class=\"has-vivid-cyan-blue-color has-text-color\">Connectivity &#8211; Nice C\u00f4te d&#8217;Azur France<\/h2>\n\n\n\n<div style=\"height:27px\" aria-hidden=\"true\" class=\"wp-block-spacer\"><\/div>\n\n\n<ul class=\"wp-block-latest-posts__list is-grid columns-2 wp-block-latest-posts\"><li><div class=\"wp-block-latest-posts__featured-image alignleft\"><img width=\"150\" height=\"150\" src=\"https:\/\/www.investincotedazur.com\/wp-content\/uploads\/2026\/04\/Twin-Jet-vols-Nice-Olbia-et-Nice-Minorque-ete-2026-150x150.png\" class=\"attachment-thumbnail size-thumbnail wp-post-image\" alt=\"Twin Jet  vols Nice-Olbia et Nice-Minorque \u00e9t\u00e9 2026\" style=\"max-width:50px;\" loading=\"lazy\" srcset=\"https:\/\/www.investincotedazur.com\/wp-content\/uploads\/2026\/04\/Twin-Jet-vols-Nice-Olbia-et-Nice-Minorque-ete-2026-150x150.png 150w, https:\/\/www.investincotedazur.com\/wp-content\/uploads\/2026\/04\/Twin-Jet-vols-Nice-Olbia-et-Nice-Minorque-ete-2026-700x700.png 700w\" sizes=\"(max-width: 150px) 100vw, 150px\" \/><\/div><a class=\"wp-block-latest-posts__post-title\" href=\"https:\/\/www.investincotedazur.com\/en\/twin-jet-new-routes-nice-olbia-and-nice-menorca-summer-2026\/\">Twin Jet new routes Nice\u2013Olbia and Nice\u2013Menorca summer 2026<\/a><\/li>\n<li><div class=\"wp-block-latest-posts__featured-image alignleft\"><img width=\"150\" height=\"150\" src=\"https:\/\/www.investincotedazur.com\/wp-content\/uploads\/2026\/04\/investincotedazur-2026-04-16T170826.346-150x150.png\" class=\"attachment-thumbnail size-thumbnail wp-post-image\" alt=\"extension t2 nice\" style=\"max-width:50px;\" loading=\"lazy\" srcset=\"https:\/\/www.investincotedazur.com\/wp-content\/uploads\/2026\/04\/investincotedazur-2026-04-16T170826.346-150x150.png 150w, https:\/\/www.investincotedazur.com\/wp-content\/uploads\/2026\/04\/investincotedazur-2026-04-16T170826.346-700x700.png 700w\" sizes=\"(max-width: 150px) 100vw, 150px\" \/><\/div><a class=\"wp-block-latest-posts__post-title\" href=\"https:\/\/www.investincotedazur.com\/en\/nice-cote-dazur-airport-terminal-2-extension-23000-sq-m-and-capacity-increased-to-18-million-passengers\/\">Nice C\u00f4te d\u2019Azur Airport Terminal 2 extension: 23,000 sq m and capacity increased to 18 million passengers<\/a><\/li>\n<li><div class=\"wp-block-latest-posts__featured-image alignleft\"><img width=\"150\" height=\"150\" src=\"https:\/\/www.investincotedazur.com\/wp-content\/uploads\/2026\/03\/aeroport-nice-cote-dazur-ete-2026-reseau-150x150.jpg\" class=\"attachment-thumbnail size-thumbnail wp-post-image\" alt=\"a\u00e9roport nice c\u00f4te d\u2019azur \u00e9t\u00e9 2026 r\u00e9seau\" style=\"max-width:50px;\" loading=\"lazy\" srcset=\"https:\/\/www.investincotedazur.com\/wp-content\/uploads\/2026\/03\/aeroport-nice-cote-dazur-ete-2026-reseau-150x150.jpg 150w, https:\/\/www.investincotedazur.com\/wp-content\/uploads\/2026\/03\/aeroport-nice-cote-dazur-ete-2026-reseau-300x300.jpg 300w, https:\/\/www.investincotedazur.com\/wp-content\/uploads\/2026\/03\/aeroport-nice-cote-dazur-ete-2026-reseau.jpg 700w\" sizes=\"(max-width: 150px) 100vw, 150px\" \/><\/div><a class=\"wp-block-latest-posts__post-title\" href=\"https:\/\/www.investincotedazur.com\/en\/nice-cote-dazur-airport-summer-2026-a-record-network-of-130-destinations\/\">Nice C\u00f4te d\u2019Azur Airport summer 2026: a record network of 130 destinations<\/a><\/li>\n<li><div class=\"wp-block-latest-posts__featured-image alignleft\"><img width=\"150\" height=\"150\" src=\"https:\/\/www.investincotedazur.com\/wp-content\/uploads\/2026\/03\/nice-cork-2026-150x150.jpg\" class=\"attachment-thumbnail size-thumbnail wp-post-image\" alt=\"nice cork 2026\" style=\"max-width:50px;\" loading=\"lazy\" srcset=\"https:\/\/www.investincotedazur.com\/wp-content\/uploads\/2026\/03\/nice-cork-2026-150x150.jpg 150w, https:\/\/www.investincotedazur.com\/wp-content\/uploads\/2026\/03\/nice-cork-2026-300x300.jpg 300w, https:\/\/www.investincotedazur.com\/wp-content\/uploads\/2026\/03\/nice-cork-2026.jpg 700w\" sizes=\"(max-width: 150px) 100vw, 150px\" \/><\/div><a class=\"wp-block-latest-posts__post-title\" href=\"https:\/\/www.investincotedazur.com\/en\/cork-nice-direct-aer-lingus-service-from-may-2026\/\">Cork\u2013Nice: Direct Aer Lingus service from May 2026<\/a><\/li>\n<li><div class=\"wp-block-latest-posts__featured-image alignleft\"><img width=\"150\" height=\"150\" src=\"https:\/\/www.investincotedazur.com\/wp-content\/uploads\/2024\/01\/aeroport-cote-azur-2023-150x150.png\" class=\"attachment-thumbnail size-thumbnail wp-post-image\" alt=\"aeroport-cote-azur-2023\" style=\"max-width:50px;\" loading=\"lazy\" srcset=\"https:\/\/www.investincotedazur.com\/wp-content\/uploads\/2024\/01\/aeroport-cote-azur-2023-150x150.png 150w, https:\/\/www.investincotedazur.com\/wp-content\/uploads\/2024\/01\/aeroport-cote-azur-2023-300x300.png 300w, https:\/\/www.investincotedazur.com\/wp-content\/uploads\/2024\/01\/aeroport-cote-azur-2023.png 700w\" sizes=\"(max-width: 150px) 100vw, 150px\" \/><\/div><a class=\"wp-block-latest-posts__post-title\" href=\"https:\/\/www.investincotedazur.com\/en\/e2-8-billion-in-economic-impact-in-2024-for-nice-cote-dazur-and-cannes-mandelieu-airports\/\">\u20ac2.8 billion in economic impact in 2024 for Nice C\u00f4te d\u2019Azur and Cannes-Mandelieu Airports<\/a><\/li>\n<li><div class=\"wp-block-latest-posts__featured-image alignleft\"><img width=\"150\" height=\"150\" src=\"https:\/\/www.investincotedazur.com\/wp-content\/uploads\/2026\/01\/mobilite-arienne-decarbonee-150x150.png\" class=\"attachment-thumbnail size-thumbnail wp-post-image\" alt=\"mobilit\u00e9 arienne decarbonee\" style=\"max-width:50px;\" loading=\"lazy\" srcset=\"https:\/\/www.investincotedazur.com\/wp-content\/uploads\/2026\/01\/mobilite-arienne-decarbonee-150x150.png 150w, https:\/\/www.investincotedazur.com\/wp-content\/uploads\/2026\/01\/mobilite-arienne-decarbonee-700x700.png 700w\" sizes=\"(max-width: 150px) 100vw, 150px\" \/><\/div><a class=\"wp-block-latest-posts__post-title\" href=\"https:\/\/www.investincotedazur.com\/en\/the-cote-dazur-is-emerging-as-a-testing-ground-for-decarbonised-air-mobility\/\">The C\u00f4te d\u2019Azur is emerging as a testing ground for decarbonised air mobility<\/a><\/li>\n<li><div class=\"wp-block-latest-posts__featured-image alignleft\"><img width=\"150\" height=\"150\" src=\"https:\/\/www.investincotedazur.com\/wp-content\/uploads\/2026\/01\/washington-nice-french-riviera-nice-2026-150x150.jpg\" class=\"attachment-thumbnail size-thumbnail wp-post-image\" alt=\"washington nice french riviera nice 2026\" style=\"max-width:50px;\" loading=\"lazy\" srcset=\"https:\/\/www.investincotedazur.com\/wp-content\/uploads\/2026\/01\/washington-nice-french-riviera-nice-2026-150x150.jpg 150w, https:\/\/www.investincotedazur.com\/wp-content\/uploads\/2026\/01\/washington-nice-french-riviera-nice-2026-300x300.jpg 300w, https:\/\/www.investincotedazur.com\/wp-content\/uploads\/2026\/01\/washington-nice-french-riviera-nice-2026.jpg 700w\" sizes=\"(max-width: 150px) 100vw, 150px\" \/><\/div><a class=\"wp-block-latest-posts__post-title\" href=\"https:\/\/www.investincotedazur.com\/en\/united-airlines-washington-nice-2026\/\">United Airlines reactivates the Nice\u2013Washington route in summer 2026<\/a><\/li>\n<li><div class=\"wp-block-latest-posts__featured-image alignleft\"><img width=\"150\" height=\"150\" src=\"https:\/\/www.investincotedazur.com\/wp-content\/uploads\/2026\/01\/investincotedazur-2026-01-21T104349.359-150x150.jpg\" class=\"attachment-thumbnail size-thumbnail wp-post-image\" alt=\"barometre arthur loyd nice\" style=\"max-width:50px;\" loading=\"lazy\" srcset=\"https:\/\/www.investincotedazur.com\/wp-content\/uploads\/2026\/01\/investincotedazur-2026-01-21T104349.359-150x150.jpg 150w, https:\/\/www.investincotedazur.com\/wp-content\/uploads\/2026\/01\/investincotedazur-2026-01-21T104349.359-300x300.jpg 300w, https:\/\/www.investincotedazur.com\/wp-content\/uploads\/2026\/01\/investincotedazur-2026-01-21T104349.359.jpg 700w\" sizes=\"(max-width: 150px) 100vw, 150px\" \/><\/div><a class=\"wp-block-latest-posts__post-title\" href=\"https:\/\/www.investincotedazur.com\/en\/nice-cote-dazur-quality-of-life-arthur-loyd-2025\/\">Nice C\u00f4te d\u2019Azur: Second Place in Quality of Life Among Major French Metropolises in the 2025 Arthur Loyd Barometer<\/a><\/li>\n<\/ul>","protected":false},"excerpt":{"rendered":"<p>With the ambition to magnify the uniqueness, diversity, and the art of living of the C\u00f4te d&#8217;Azur, the Nice C\u00f4te d\u2019Azur Airport announces the launch of a major tender for its entire retail space. Spanning an area of 4500m2 across three of its terminals, the airport is opening its doors to potential partners eager to [&hellip;]<\/p>\n","protected":false},"author":14,"featured_media":16891,"comment_status":"closed","ping_status":"open","sticky":false,"template":"","format":"standard","meta":{"_mi_skip_tracking":false,"_monsterinsights_sitenote_active":false,"_monsterinsights_sitenote_note":"","_monsterinsights_sitenote_category":0},"categories":[153,99,102,134,105,136],"tags":[],"acf":[],"yoast_head":"<!-- This site is optimized with the Yoast SEO plugin v19.12 - https:\/\/yoast.com\/wordpress\/plugins\/seo\/ -->\n<title>Retail Tender Announcement for Nice C\u00f4te d\u2019Azur Airport - Invest in C\u00f4te d&#039;Azur<\/title>\n<meta name=\"description\" content=\"The Nice C\u00f4te d\u2019Azur Airport has issued a major tender to overhaul its entire retail space, unveiling new opportunities for global brands within the second busiest airport in France.\" \/>\n<meta name=\"robots\" content=\"index, follow, max-snippet:-1, max-image-preview:large, max-video-preview:-1\" \/>\n<link rel=\"canonical\" href=\"https:\/\/www.investincotedazur.com\/en\/retail-tender-announcement-for-nice-cote-dazur-airport\/\" \/>\n<meta property=\"og:locale\" content=\"en_US\" \/>\n<meta property=\"og:type\" content=\"article\" \/>\n<meta property=\"og:title\" content=\"Retail Tender Announcement for Nice C\u00f4te d\u2019Azur Airport - Invest in C\u00f4te d&#039;Azur\" \/>\n<meta property=\"og:description\" content=\"The Nice C\u00f4te d\u2019Azur Airport has issued a major tender to overhaul its entire retail space, unveiling new opportunities for global brands within the second busiest airport in France.\" \/>\n<meta property=\"og:url\" content=\"https:\/\/www.investincotedazur.com\/en\/retail-tender-announcement-for-nice-cote-dazur-airport\/\" \/>\n<meta property=\"og:site_name\" content=\"Invest in C\u00f4te d&#039;Azur\" \/>\n<meta property=\"article:published_time\" content=\"2023-09-05T14:54:43+00:00\" \/>\n<meta property=\"article:modified_time\" content=\"2023-09-05T15:07:18+00:00\" \/>\n<meta property=\"og:image\" content=\"https:\/\/www.investincotedazur.com\/wp-content\/uploads\/2023\/09\/Publications-TCA-2023-09-05T163124.605.png\" \/>\n\t<meta property=\"og:image:width\" content=\"700\" \/>\n\t<meta property=\"og:image:height\" content=\"700\" \/>\n\t<meta property=\"og:image:type\" content=\"image\/png\" \/>\n<meta name=\"author\" content=\"Jose Perez Gabarron\" \/>\n<meta name=\"twitter:card\" content=\"summary_large_image\" \/>\n<meta name=\"twitter:creator\" content=\"@Investcotedazur\" \/>\n<meta name=\"twitter:site\" content=\"@Investcotedazur\" \/>\n<meta name=\"twitter:label1\" content=\"Written by\" \/>\n\t<meta name=\"twitter:data1\" content=\"Jose Perez Gabarron\" \/>\n\t<meta name=\"twitter:label2\" content=\"Est. reading time\" \/>\n\t<meta name=\"twitter:data2\" content=\"2 minutes\" \/>\n<script type=\"application\/ld+json\" class=\"yoast-schema-graph\">{\"@context\":\"https:\/\/schema.org\",\"@graph\":[{\"@type\":\"Article\",\"@id\":\"https:\/\/www.investincotedazur.com\/en\/retail-tender-announcement-for-nice-cote-dazur-airport\/#article\",\"isPartOf\":{\"@id\":\"https:\/\/www.investincotedazur.com\/en\/retail-tender-announcement-for-nice-cote-dazur-airport\/\"},\"author\":{\"name\":\"Jose Perez Gabarron\",\"@id\":\"https:\/\/www.investincotedazur.com\/en\/#\/schema\/person\/ebbeede4229d29e0861488f2bd1036d9\"},\"headline\":\"Retail Tender Announcement for Nice C\u00f4te d\u2019Azur Airport\",\"datePublished\":\"2023-09-05T14:54:43+00:00\",\"dateModified\":\"2023-09-05T15:07:18+00:00\",\"mainEntityOfPage\":{\"@id\":\"https:\/\/www.investincotedazur.com\/en\/retail-tender-announcement-for-nice-cote-dazur-airport\/\"},\"wordCount\":355,\"publisher\":{\"@id\":\"https:\/\/www.investincotedazur.com\/en\/#organization\"},\"articleSection\":[\"Connectivity\",\"Infrastructures\",\"Nice C\u00f4te d'Azur Metropolis\",\"Nice Ecovall\u00e9e\",\"Services\",\"Tourisme\"],\"inLanguage\":\"en-US\"},{\"@type\":\"WebPage\",\"@id\":\"https:\/\/www.investincotedazur.com\/en\/retail-tender-announcement-for-nice-cote-dazur-airport\/\",\"url\":\"https:\/\/www.investincotedazur.com\/en\/retail-tender-announcement-for-nice-cote-dazur-airport\/\",\"name\":\"Retail Tender Announcement for Nice C\u00f4te d\u2019Azur Airport - Invest in C\u00f4te d&#039;Azur\",\"isPartOf\":{\"@id\":\"https:\/\/www.investincotedazur.com\/en\/#website\"},\"datePublished\":\"2023-09-05T14:54:43+00:00\",\"dateModified\":\"2023-09-05T15:07:18+00:00\",\"description\":\"The Nice C\u00f4te d\u2019Azur Airport has issued a major tender to overhaul its entire retail space, unveiling new opportunities for global brands within the second busiest airport in France.\",\"inLanguage\":\"en-US\",\"potentialAction\":[{\"@type\":\"ReadAction\",\"target\":[\"https:\/\/www.investincotedazur.com\/en\/retail-tender-announcement-for-nice-cote-dazur-airport\/\"]}]},{\"@type\":\"WebSite\",\"@id\":\"https:\/\/www.investincotedazur.com\/en\/#website\",\"url\":\"https:\/\/www.investincotedazur.com\/en\/\",\"name\":\"Invest in C\u00f4te d'Azur\",\"description\":\"\",\"publisher\":{\"@id\":\"https:\/\/www.investincotedazur.com\/en\/#organization\"},\"alternateName\":\"Invest in C\u00f4te d'Azur\",\"potentialAction\":[{\"@type\":\"SearchAction\",\"target\":{\"@type\":\"EntryPoint\",\"urlTemplate\":\"https:\/\/www.investincotedazur.com\/en\/?s={search_term_string}\"},\"query-input\":\"required name=search_term_string\"}],\"inLanguage\":\"en-US\"},{\"@type\":\"Organization\",\"@id\":\"https:\/\/www.investincotedazur.com\/en\/#organization\",\"name\":\"Invest in C\u00f4te d'Azur\",\"alternateName\":\"Invest in C\u00f4te d'Azur\",\"url\":\"https:\/\/www.investincotedazur.com\/en\/\",\"logo\":{\"@type\":\"ImageObject\",\"inLanguage\":\"en-US\",\"@id\":\"https:\/\/www.investincotedazur.com\/en\/#\/schema\/logo\/image\/\",\"url\":\"https:\/\/www.investincotedazur.com\/wp-content\/uploads\/2023\/05\/cropped-New-missions-3.png\",\"contentUrl\":\"https:\/\/www.investincotedazur.com\/wp-content\/uploads\/2023\/05\/cropped-New-missions-3.png\",\"width\":512,\"height\":512,\"caption\":\"Invest in C\u00f4te d'Azur\"},\"image\":{\"@id\":\"https:\/\/www.investincotedazur.com\/en\/#\/schema\/logo\/image\/\"},\"sameAs\":[\"https:\/\/www.linkedin.com\/company\/investincotedazur\/\",\"https:\/\/twitter.com\/Investcotedazur\"]},{\"@type\":\"Person\",\"@id\":\"https:\/\/www.investincotedazur.com\/en\/#\/schema\/person\/ebbeede4229d29e0861488f2bd1036d9\",\"name\":\"Jose Perez Gabarron\",\"image\":{\"@type\":\"ImageObject\",\"inLanguage\":\"en-US\",\"@id\":\"https:\/\/www.investincotedazur.com\/en\/#\/schema\/person\/image\/\",\"url\":\"https:\/\/secure.gravatar.com\/avatar\/20ec9e74f48620b8ee4253da6b114950?s=96&d=mm&r=g\",\"contentUrl\":\"https:\/\/secure.gravatar.com\/avatar\/20ec9e74f48620b8ee4253da6b114950?s=96&d=mm&r=g\",\"caption\":\"Jose Perez Gabarron\"}}]}<\/script>\n<!-- \/ Yoast SEO plugin. -->","yoast_head_json":{"title":"Retail Tender Announcement for Nice C\u00f4te d\u2019Azur Airport - Invest in C\u00f4te d&#039;Azur","description":"The Nice C\u00f4te d\u2019Azur Airport has issued a major tender to overhaul its entire retail space, unveiling new opportunities for global brands within the second busiest airport in France.","robots":{"index":"index","follow":"follow","max-snippet":"max-snippet:-1","max-image-preview":"max-image-preview:large","max-video-preview":"max-video-preview:-1"},"canonical":"https:\/\/www.investincotedazur.com\/en\/retail-tender-announcement-for-nice-cote-dazur-airport\/","og_locale":"en_US","og_type":"article","og_title":"Retail Tender Announcement for Nice C\u00f4te d\u2019Azur Airport - Invest in C\u00f4te d&#039;Azur","og_description":"The Nice C\u00f4te d\u2019Azur Airport has issued a major tender to overhaul its entire retail space, unveiling new opportunities for global brands within the second busiest airport in France.","og_url":"https:\/\/www.investincotedazur.com\/en\/retail-tender-announcement-for-nice-cote-dazur-airport\/","og_site_name":"Invest in C\u00f4te d&#039;Azur","article_published_time":"2023-09-05T14:54:43+00:00","article_modified_time":"2023-09-05T15:07:18+00:00","og_image":[{"width":700,"height":700,"url":"https:\/\/www.investincotedazur.com\/wp-content\/uploads\/2023\/09\/Publications-TCA-2023-09-05T163124.605.png","type":"image\/png"}],"author":"Jose Perez Gabarron","twitter_card":"summary_large_image","twitter_creator":"@Investcotedazur","twitter_site":"@Investcotedazur","twitter_misc":{"Written by":"Jose Perez Gabarron","Est. reading time":"2 minutes"},"schema":{"@context":"https:\/\/schema.org","@graph":[{"@type":"Article","@id":"https:\/\/www.investincotedazur.com\/en\/retail-tender-announcement-for-nice-cote-dazur-airport\/#article","isPartOf":{"@id":"https:\/\/www.investincotedazur.com\/en\/retail-tender-announcement-for-nice-cote-dazur-airport\/"},"author":{"name":"Jose Perez Gabarron","@id":"https:\/\/www.investincotedazur.com\/en\/#\/schema\/person\/ebbeede4229d29e0861488f2bd1036d9"},"headline":"Retail Tender Announcement for Nice C\u00f4te d\u2019Azur Airport","datePublished":"2023-09-05T14:54:43+00:00","dateModified":"2023-09-05T15:07:18+00:00","mainEntityOfPage":{"@id":"https:\/\/www.investincotedazur.com\/en\/retail-tender-announcement-for-nice-cote-dazur-airport\/"},"wordCount":355,"publisher":{"@id":"https:\/\/www.investincotedazur.com\/en\/#organization"},"articleSection":["Connectivity","Infrastructures","Nice C\u00f4te d'Azur Metropolis","Nice Ecovall\u00e9e","Services","Tourisme"],"inLanguage":"en-US"},{"@type":"WebPage","@id":"https:\/\/www.investincotedazur.com\/en\/retail-tender-announcement-for-nice-cote-dazur-airport\/","url":"https:\/\/www.investincotedazur.com\/en\/retail-tender-announcement-for-nice-cote-dazur-airport\/","name":"Retail Tender Announcement for Nice C\u00f4te d\u2019Azur Airport - Invest in C\u00f4te d&#039;Azur","isPartOf":{"@id":"https:\/\/www.investincotedazur.com\/en\/#website"},"datePublished":"2023-09-05T14:54:43+00:00","dateModified":"2023-09-05T15:07:18+00:00","description":"The Nice C\u00f4te d\u2019Azur Airport has issued a major tender to overhaul its entire retail space, unveiling new opportunities for global brands within the second busiest airport in France.","inLanguage":"en-US","potentialAction":[{"@type":"ReadAction","target":["https:\/\/www.investincotedazur.com\/en\/retail-tender-announcement-for-nice-cote-dazur-airport\/"]}]},{"@type":"WebSite","@id":"https:\/\/www.investincotedazur.com\/en\/#website","url":"https:\/\/www.investincotedazur.com\/en\/","name":"Invest in C\u00f4te d'Azur","description":"","publisher":{"@id":"https:\/\/www.investincotedazur.com\/en\/#organization"},"alternateName":"Invest in C\u00f4te d'Azur","potentialAction":[{"@type":"SearchAction","target":{"@type":"EntryPoint","urlTemplate":"https:\/\/www.investincotedazur.com\/en\/?s={search_term_string}"},"query-input":"required name=search_term_string"}],"inLanguage":"en-US"},{"@type":"Organization","@id":"https:\/\/www.investincotedazur.com\/en\/#organization","name":"Invest in C\u00f4te d'Azur","alternateName":"Invest in C\u00f4te d'Azur","url":"https:\/\/www.investincotedazur.com\/en\/","logo":{"@type":"ImageObject","inLanguage":"en-US","@id":"https:\/\/www.investincotedazur.com\/en\/#\/schema\/logo\/image\/","url":"https:\/\/www.investincotedazur.com\/wp-content\/uploads\/2023\/05\/cropped-New-missions-3.png","contentUrl":"https:\/\/www.investincotedazur.com\/wp-content\/uploads\/2023\/05\/cropped-New-missions-3.png","width":512,"height":512,"caption":"Invest in C\u00f4te d'Azur"},"image":{"@id":"https:\/\/www.investincotedazur.com\/en\/#\/schema\/logo\/image\/"},"sameAs":["https:\/\/www.linkedin.com\/company\/investincotedazur\/","https:\/\/twitter.com\/Investcotedazur"]},{"@type":"Person","@id":"https:\/\/www.investincotedazur.com\/en\/#\/schema\/person\/ebbeede4229d29e0861488f2bd1036d9","name":"Jose Perez Gabarron","image":{"@type":"ImageObject","inLanguage":"en-US","@id":"https:\/\/www.investincotedazur.com\/en\/#\/schema\/person\/image\/","url":"https:\/\/secure.gravatar.com\/avatar\/20ec9e74f48620b8ee4253da6b114950?s=96&d=mm&r=g","contentUrl":"https:\/\/secure.gravatar.com\/avatar\/20ec9e74f48620b8ee4253da6b114950?s=96&d=mm&r=g","caption":"Jose Perez Gabarron"}}]}},"_links":{"self":[{"href":"https:\/\/www.investincotedazur.com\/en\/wp-json\/wp\/v2\/posts\/16893"}],"collection":[{"href":"https:\/\/www.investincotedazur.com\/en\/wp-json\/wp\/v2\/posts"}],"about":[{"href":"https:\/\/www.investincotedazur.com\/en\/wp-json\/wp\/v2\/types\/post"}],"author":[{"embeddable":true,"href":"https:\/\/www.investincotedazur.com\/en\/wp-json\/wp\/v2\/users\/14"}],"replies":[{"embeddable":true,"href":"https:\/\/www.investincotedazur.com\/en\/wp-json\/wp\/v2\/comments?post=16893"}],"version-history":[{"count":5,"href":"https:\/\/www.investincotedazur.com\/en\/wp-json\/wp\/v2\/posts\/16893\/revisions"}],"predecessor-version":[{"id":16898,"href":"https:\/\/www.investincotedazur.com\/en\/wp-json\/wp\/v2\/posts\/16893\/revisions\/16898"}],"wp:featuredmedia":[{"embeddable":true,"href":"https:\/\/www.investincotedazur.com\/en\/wp-json\/wp\/v2\/media\/16891"}],"wp:attachment":[{"href":"https:\/\/www.investincotedazur.com\/en\/wp-json\/wp\/v2\/media?parent=16893"}],"wp:term":[{"taxonomy":"category","embeddable":true,"href":"https:\/\/www.investincotedazur.com\/en\/wp-json\/wp\/v2\/categories?post=16893"},{"taxonomy":"post_tag","embeddable":true,"href":"https:\/\/www.investincotedazur.com\/en\/wp-json\/wp\/v2\/tags?post=16893"}],"curies":[{"name":"wp","href":"https:\/\/api.w.org\/{rel}","templated":true}]}}