{"id":16876,"date":"2023-08-30T15:41:56","date_gmt":"2023-08-30T13:41:56","guid":{"rendered":"https:\/\/www.investincotedazur.com\/?p=16876"},"modified":"2023-08-30T22:15:24","modified_gmt":"2023-08-30T20:15:24","slug":"the-cote-dazur-a-center-of-excellence-for-autonomous-vehicles","status":"publish","type":"post","link":"https:\/\/www.investincotedazur.com\/en\/the-cote-dazur-a-center-of-excellence-for-autonomous-vehicles\/","title":{"rendered":"The C\u00f4te d&#8217;Azur a center of excellence for autonomous vehicles"},"content":{"rendered":"\n<div class=\"wp-container-3 wp-block-columns\">\n<div class=\"wp-container-1 wp-block-column\" style=\"flex-basis:33.33%\">\n<figure class=\"wp-block-image size-full\"><img width=\"700\" height=\"700\" src=\"https:\/\/www.investincotedazur.com\/wp-content\/uploads\/2023\/08\/Publications-TCA-2023-08-30T102647.654.png\" alt=\"\" class=\"wp-image-16867\" srcset=\"https:\/\/www.investincotedazur.com\/wp-content\/uploads\/2023\/08\/Publications-TCA-2023-08-30T102647.654.png 700w, https:\/\/www.investincotedazur.com\/wp-content\/uploads\/2023\/08\/Publications-TCA-2023-08-30T102647.654-300x300.png 300w, https:\/\/www.investincotedazur.com\/wp-content\/uploads\/2023\/08\/Publications-TCA-2023-08-30T102647.654-150x150.png 150w\" sizes=\"(max-width: 700px) 100vw, 700px\" \/><\/figure>\n<\/div>\n\n\n\n<div class=\"wp-container-2 wp-block-column\" style=\"flex-basis:66.66%\">\n<p>The C\u00f4te d&#8217;Azur reaffirms its position as a <a href=\"https:\/\/www.investincotedazur.com\/le-vehicule-autonome-progresse-sur-la-cote-dazur\/\">hub for innovation in the autonomous vehicle sector.<\/a> From September 6 to 8, 2023, the C\u00f4te d\u2019Azur will host industry experts in autonomous vehicles for <a href=\"https:\/\/dsc2023.org\" target=\"_blank\" rel=\"noreferrer noopener\">the 22nd edition of the Driving Simulation &amp; Virtual Reality Conference &amp; Exhibition (DSC 2023).<\/a><\/p>\n\n\n\n<p>Organized by the Driving Simulation Association, in collaboration with ENS Arts et M\u00e9tiers and Universit\u00e9 Gustave Eiffel, this conference brings together driving simulation experts from both the industrial and academic worlds, as well as simulation solution providers for autonomous vehicles.<\/p>\n\n\n\n<p>After the 2022 edition which took place in Strasbourg, the conference returns to the C\u00f4te d\u2019Azur, in Antibes, following a previous edition held in 2020.<\/p>\n\n\n\n<p>This year, over 40 professional exhibitors will be present, and more than 300 participants are expected on-site, alongside online participation introduced in 2020 as part of a hybrid organization.<\/p>\n<\/div>\n<\/div>\n\n\n\n<div style=\"height:34px\" aria-hidden=\"true\" class=\"wp-block-spacer\"><\/div>\n\n\n\n<h2>The main themes of the DSC 2023 conference<\/h2>\n\n\n\n<p>The 2023 edition of the DSC offers a comprehensive program with nearly 80 speakers during scientific sessions and presentations of industrial solutions, keynotes, and panel discussions.<\/p>\n\n\n\n<p>Participants will have the opportunity to discover the latest trends in XIL (MIL, SIL, HIL, DIL, VIL, CIL) simulation and XR for the design of advanced driver assistance systems (ADAS), automotive human-machine interface, and driving simulation, as well as the validation and verification of connected and autonomous vehicles.<\/p>\n\n\n\n<p>The topics covered include the state of the art in driving simulation technologies, research and development, progressively enriched by emerging developments in virtual and augmented reality (XR). <\/p>\n\n\n\n<p>This year&#8217;s program also includes a special session on virtual validation and certification tools for autonomous and connected vehicles, as well as ADAS applications. Topics related to human factors and motion rendering will also be addressed during the conference.<\/p>\n\n\n\n<div style=\"height:100px\" aria-hidden=\"true\" class=\"wp-block-spacer\"><\/div>\n\n\n\n<h2>The impact of the DSC on the C\u00f4te d&#8217;Azur autonomous vehicle ecosystem <\/h2>\n\n\n\n<p>The organization of DSC 2023 on the C\u00f4te d&#8217;Azur reflects the dynamism of the C\u00f4te d&#8217;Azur autonomous vehicle ecosystem. This conference is supported by the Smart Vehicle C\u00f4te d&#8217;Azur (SVCA) initiative and SIA, and sponsored by ASAM, AV Simulation, Dassault Syst\u00e8mes, Epic Games, MathWorks, and SystemX.<\/p>\n\n\n\n<p>The event helps to enhance the visibility of the C\u00f4te d&#8217;Azur autonomous and intelligent vehicle ecosystem among international stakeholders and decision-makers in the automotive sector. It is part of the development of the Smart Vehicle C\u00f4te d&#8217;Azur initiative, which aims to become a European cluster for autonomous and intelligent vehicles<\/p>\n\n\n\n<p>The Smart Vehicle C\u00f4te d&#8217;Azur initiative has successfully established a recurring event for autonomous vehicle professionals in the region, and has forged a strong partnership between the ecosystem and the Driving Simulation Association.<\/p>\n\n\n\n<p>The organization of DSC 2023 on the C\u00f4te d&#8217;Azur is an acknowledgment of the skills present within the research laboratories and companies of the C\u00f4te d&#8217;Azur, as well as a recognition of the experimentation and innovation territories that are the M\u00e9tropole Nice C\u00f4te d&#8217;Azur and the CASA.<\/p>\n\n\n\n<p>According to Jean-Fran\u00e7ois Chapperon, in charge of the SVCA initiative for Invest in C\u00f4te d\u2019Azur &#8211; Team Nice C\u00f4te d&#8217;Azur, &#8220;This event, now biennial, alternates between the C\u00f4te d&#8217;Azur and a major European city, providing a platform to showcase our expertise on an international scale. The C\u00f4te d&#8217;Azur can proudly claim to be a major innovation hub for the automotive industry. By combining an experimentation territory with an innovative ecosystem, we perfectly meet the digital transformation needs of the automotive sector.&#8221;<\/p>\n\n\n\n<div style=\"height:100px\" aria-hidden=\"true\" class=\"wp-block-spacer\"><\/div>\n\n\n\n<h2>The Smart Vehicle C\u00f4te d\u2019Azur initiative<\/h2>\n\n\n\n<p>Since its inception in 2017, the <a href=\"https:\/\/www.investincotedazur.com\/pierre-sigrist-smart-vehicle-cote-dazur\/\">Smart Vehicle C\u00f4te d&#8217;Azur<\/a> initiative has grown to become a renowned European cluster for the development of autonomous and intelligent vehicles. <\/p>\n\n\n\n<p>Today, it has over 70 members covering the entire value chain of the industry.<\/p>\n\n\n\n<p>The Smart Vehicle C\u00f4te d&#8217;Azur initiative is designed to create a robust and innovative ecosystem around new mobilities. Among the participants are start-ups, major corporations, institutions, and academic organizations.<\/p>\n\n\n\n<p>The project focuses on three main objectives:<\/p>\n\n\n\n<ol><li>Establish a mapping of stakeholders to structure and animate a complete value chain. This allows for connecting the various stakeholders, fostering collaborations, and promoting innovation within the ecosystem.<\/li><li>Promote the C\u00f4te d&#8217;Azur on a national and international scale as a &#8220;Smart Vehicle Valley&#8221;. The initiative aims to position the region as a primary hub for the development and implementation of intelligent and connected vehicles.<\/li><li>Create structuring projects and experimentation spaces to facilitate the deployment of new intelligent and connected mobility initiatives. This involves the development of infrastructures and testing facilities to support experimentation and innovation in mobility.<\/li><\/ol>\n\n\n\n<div style=\"height:100px\" aria-hidden=\"true\" class=\"wp-block-spacer\"><\/div>\n\n\n\n<hr class=\"wp-block-separator has-text-color has-vivid-cyan-blue-color has-alpha-channel-opacity has-vivid-cyan-blue-background-color has-background\"\/>\n\n\n\n<h2 class=\"has-vivid-cyan-blue-color has-text-color\">IT &#8211; Nice C\u00f4te d&#8217;Azur France<\/h2>\n\n\n\n<div style=\"height:19px\" aria-hidden=\"true\" class=\"wp-block-spacer\"><\/div>\n\n\n<ul class=\"wp-block-latest-posts__list is-grid columns-2 wp-block-latest-posts\"><li><div class=\"wp-block-latest-posts__featured-image alignleft\"><img width=\"150\" height=\"150\" src=\"https:\/\/www.investincotedazur.com\/wp-content\/uploads\/2026\/02\/fusion-firecelle-acceleran-levee-de-fonds-2026-150x150.jpg\" class=\"attachment-thumbnail size-thumbnail wp-post-image\" alt=\"fusion firecell acceleran lev\u00e9e de fonds 2026\" style=\"max-width:50px;\" loading=\"lazy\" srcset=\"https:\/\/www.investincotedazur.com\/wp-content\/uploads\/2026\/02\/fusion-firecelle-acceleran-levee-de-fonds-2026-150x150.jpg 150w, https:\/\/www.investincotedazur.com\/wp-content\/uploads\/2026\/02\/fusion-firecelle-acceleran-levee-de-fonds-2026-700x700.jpg 700w\" sizes=\"(max-width: 150px) 100vw, 150px\" \/><\/div><a class=\"wp-block-latest-posts__post-title\" href=\"https:\/\/www.investincotedazur.com\/en\/firecell-announces-a-e7-9-million-funding-round-and-merges-with-accelleran\/\">Firecell announces a \u20ac7.9 million funding round and merges with Accelleran<\/a><\/li>\n<li><div class=\"wp-block-latest-posts__featured-image alignleft\"><img width=\"150\" height=\"150\" src=\"https:\/\/www.investincotedazur.com\/wp-content\/uploads\/2026\/02\/investincotedazur-72-150x150.png\" class=\"attachment-thumbnail size-thumbnail wp-post-image\" alt=\"eam Nice C\u00f4te d\u2019Azur mobilized for an AI Business Tour and WAICF 2026\" style=\"max-width:50px;\" loading=\"lazy\" srcset=\"https:\/\/www.investincotedazur.com\/wp-content\/uploads\/2026\/02\/investincotedazur-72-150x150.png 150w, https:\/\/www.investincotedazur.com\/wp-content\/uploads\/2026\/02\/investincotedazur-72-700x700.png 700w\" sizes=\"(max-width: 150px) 100vw, 150px\" \/><\/div><a class=\"wp-block-latest-posts__post-title\" href=\"https:\/\/www.investincotedazur.com\/en\/team-nice-cote-dazur-showcases-ai-ecosystem-at-ai-business-tour-and-waicf-2026\/\">Artificial intelligence: Team Nice C\u00f4te d\u2019Azur mobilized for an AI Business Tour and WAICF 2026<\/a><\/li>\n<li><div class=\"wp-block-latest-posts__featured-image alignleft\"><img width=\"150\" height=\"150\" src=\"https:\/\/www.investincotedazur.com\/wp-content\/uploads\/2026\/01\/investincotedazur-68-150x150.png\" class=\"attachment-thumbnail size-thumbnail wp-post-image\" alt=\"\" style=\"max-width:50px;\" loading=\"lazy\" srcset=\"https:\/\/www.investincotedazur.com\/wp-content\/uploads\/2026\/01\/investincotedazur-68-150x150.png 150w, https:\/\/www.investincotedazur.com\/wp-content\/uploads\/2026\/01\/investincotedazur-68-700x700.png 700w\" sizes=\"(max-width: 150px) 100vw, 150px\" \/><\/div><a class=\"wp-block-latest-posts__post-title\" href=\"https:\/\/www.investincotedazur.com\/en\/team-nice-cote-dazur-takes-part-in-ai-big-data-expo-global-2026-in-london\/\">Team Nice C\u00f4te d\u2019Azur takes part in AI &amp; Big Data Expo Global 2026 in London<\/a><\/li>\n<li><div class=\"wp-block-latest-posts__featured-image alignleft\"><img width=\"150\" height=\"150\" src=\"https:\/\/www.investincotedazur.com\/wp-content\/uploads\/2026\/01\/investincotedazur-2026-01-12T122939.300-150x150.jpg\" class=\"attachment-thumbnail size-thumbnail wp-post-image\" alt=\"tradesource blockchain nice\" style=\"max-width:50px;\" loading=\"lazy\" srcset=\"https:\/\/www.investincotedazur.com\/wp-content\/uploads\/2026\/01\/investincotedazur-2026-01-12T122939.300-150x150.jpg 150w, https:\/\/www.investincotedazur.com\/wp-content\/uploads\/2026\/01\/investincotedazur-2026-01-12T122939.300-300x300.jpg 300w, https:\/\/www.investincotedazur.com\/wp-content\/uploads\/2026\/01\/investincotedazur-2026-01-12T122939.300.jpg 700w\" sizes=\"(max-width: 150px) 100vw, 150px\" \/><\/div><a class=\"wp-block-latest-posts__post-title\" href=\"https:\/\/www.investincotedazur.com\/en\/tradesource-deeptech-international-blockchain\/\">TradeSource (PGC): the Nice-based deeptech platform set to transform SMEs\u2019 international trade through blockchain<\/a><\/li>\n<li><div class=\"wp-block-latest-posts__featured-image alignleft\"><img width=\"150\" height=\"150\" src=\"https:\/\/www.investincotedazur.com\/wp-content\/uploads\/2025\/12\/kathrine-yanchenko-dataplain-nice-150x150.png\" class=\"attachment-thumbnail size-thumbnail wp-post-image\" alt=\"kathrine yanchenko dataplain nice\" style=\"max-width:50px;\" loading=\"lazy\" srcset=\"https:\/\/www.investincotedazur.com\/wp-content\/uploads\/2025\/12\/kathrine-yanchenko-dataplain-nice-150x150.png 150w, https:\/\/www.investincotedazur.com\/wp-content\/uploads\/2025\/12\/kathrine-yanchenko-dataplain-nice-700x700.png 700w\" sizes=\"(max-width: 150px) 100vw, 150px\" \/><\/div><a class=\"wp-block-latest-posts__post-title\" href=\"https:\/\/www.investincotedazur.com\/en\/dataplain-sets-up-in-nice-to-protect-smes-sensitive-data\/\">DataPlain sets up in Nice to protect SMEs\u2019 sensitive data<\/a><\/li>\n<li><div class=\"wp-block-latest-posts__featured-image alignleft\"><img width=\"150\" height=\"150\" src=\"https:\/\/www.investincotedazur.com\/wp-content\/uploads\/2025\/10\/investincotedazur-150x150.jpg\" class=\"attachment-thumbnail size-thumbnail wp-post-image\" alt=\"appli myhealthfrience\" style=\"max-width:50px;\" loading=\"lazy\" srcset=\"https:\/\/www.investincotedazur.com\/wp-content\/uploads\/2025\/10\/investincotedazur-150x150.jpg 150w, https:\/\/www.investincotedazur.com\/wp-content\/uploads\/2025\/10\/investincotedazur-700x700.jpg 700w\" sizes=\"(max-width: 150px) 100vw, 150px\" \/><\/div><a class=\"wp-block-latest-posts__post-title\" href=\"https:\/\/www.investincotedazur.com\/en\/myhealthfriend-a-franco-italian-app-for-preventive-health-and-well-being\/\">MyHealthFriend: a Franco-Italian app for preventive health and well-being<\/a><\/li>\n<li><div class=\"wp-block-latest-posts__featured-image alignleft\"><img width=\"150\" height=\"150\" src=\"https:\/\/www.investincotedazur.com\/wp-content\/uploads\/2024\/10\/Copie-de-investincotedazur-2025-09-17T111823.114-150x150.png\" class=\"attachment-thumbnail size-thumbnail wp-post-image\" alt=\"Big Data &amp; AI Paris 2025\" style=\"max-width:50px;\" loading=\"lazy\" srcset=\"https:\/\/www.investincotedazur.com\/wp-content\/uploads\/2024\/10\/Copie-de-investincotedazur-2025-09-17T111823.114-150x150.png 150w, https:\/\/www.investincotedazur.com\/wp-content\/uploads\/2024\/10\/Copie-de-investincotedazur-2025-09-17T111823.114-700x700.png 700w\" sizes=\"(max-width: 150px) 100vw, 150px\" \/><\/div><a class=\"wp-block-latest-posts__post-title\" href=\"https:\/\/www.investincotedazur.com\/en\/team-nice-cote-dazur-represents-the-nice-cote-dazur-metropolis-at-the-big-data-ai-2023-event\/\">Big Data &amp; AI Paris 2025: spotlight on Nice C\u00f4te d\u2019Azur\u2019s AI and big data ecosystem<\/a><\/li>\n<li><div class=\"wp-block-latest-posts__featured-image alignleft\"><img width=\"150\" height=\"150\" src=\"https:\/\/www.investincotedazur.com\/wp-content\/uploads\/2025\/09\/Copie-de-investincotedazur-2025-08-26T203820.163-150x150.png\" class=\"attachment-thumbnail size-thumbnail wp-post-image\" alt=\"\" style=\"max-width:50px;\" loading=\"lazy\" srcset=\"https:\/\/www.investincotedazur.com\/wp-content\/uploads\/2025\/09\/Copie-de-investincotedazur-2025-08-26T203820.163-150x150.png 150w, https:\/\/www.investincotedazur.com\/wp-content\/uploads\/2025\/09\/Copie-de-investincotedazur-2025-08-26T203820.163-700x700.png 700w\" sizes=\"(max-width: 150px) 100vw, 150px\" \/><\/div><a class=\"wp-block-latest-posts__post-title\" href=\"https:\/\/www.investincotedazur.com\/en\/the-nice-cote-dazur-metropolis-affirms-its-position-in-ai-at-the-ai-big-data-expo-2024\/\">AI in Nice C\u00f4te d\u2019Azur: Supporting Businesses and Investors<\/a><\/li>\n<li><div class=\"wp-block-latest-posts__featured-image alignleft\"><img width=\"150\" height=\"150\" src=\"https:\/\/www.investincotedazur.com\/wp-content\/uploads\/2025\/09\/firecell-5g-privee-nice-150x150.jpg\" class=\"attachment-thumbnail size-thumbnail wp-post-image\" alt=\"firecell 5g priv\u00e9e nice\" style=\"max-width:50px;\" loading=\"lazy\" srcset=\"https:\/\/www.investincotedazur.com\/wp-content\/uploads\/2025\/09\/firecell-5g-privee-nice-150x150.jpg 150w, https:\/\/www.investincotedazur.com\/wp-content\/uploads\/2025\/09\/firecell-5g-privee-nice-300x300.jpg 300w, https:\/\/www.investincotedazur.com\/wp-content\/uploads\/2025\/09\/firecell-5g-privee-nice.jpg 700w\" sizes=\"(max-width: 150px) 100vw, 150px\" \/><\/div><a class=\"wp-block-latest-posts__post-title\" href=\"https:\/\/www.investincotedazur.com\/en\/firecell-ultra-precise-industrial-5g-geolocation-for-airbus\/\">Firecell: Ultra-precise industrial 5G geolocation for Airbus<\/a><\/li>\n<li><div class=\"wp-block-latest-posts__featured-image alignleft\"><img width=\"150\" height=\"150\" src=\"https:\/\/www.investincotedazur.com\/wp-content\/uploads\/2025\/08\/evo-2026-nice-150x150.jpg\" class=\"attachment-thumbnail size-thumbnail wp-post-image\" alt=\"evo 2026 nice\" style=\"max-width:50px;\" loading=\"lazy\" srcset=\"https:\/\/www.investincotedazur.com\/wp-content\/uploads\/2025\/08\/evo-2026-nice-150x150.jpg 150w, https:\/\/www.investincotedazur.com\/wp-content\/uploads\/2025\/08\/evo-2026-nice-300x300.jpg 300w, https:\/\/www.investincotedazur.com\/wp-content\/uploads\/2025\/08\/evo-2026-nice.jpg 700w\" sizes=\"(max-width: 150px) 100vw, 150px\" \/><\/div><a class=\"wp-block-latest-posts__post-title\" href=\"https:\/\/www.investincotedazur.com\/en\/evo-2026-will-be-held-in-nice\/\">EVO 2026 will take place in Nice<\/a><\/li>\n<\/ul>","protected":false},"excerpt":{"rendered":"<p>The C\u00f4te d&#8217;Azur reaffirms its position as a hub for innovation in the autonomous vehicle sector. From September 6 to 8, 2023, the C\u00f4te d\u2019Azur will host industry experts in autonomous vehicles for the 22nd edition of the Driving Simulation &amp; Virtual Reality Conference &amp; Exhibition (DSC 2023). Organized by the Driving Simulation Association, in [&hellip;]<\/p>\n","protected":false},"author":14,"featured_media":16868,"comment_status":"closed","ping_status":"open","sticky":false,"template":"","format":"standard","meta":{"_mi_skip_tracking":false,"_monsterinsights_sitenote_active":false,"_monsterinsights_sitenote_note":"","_monsterinsights_sitenote_category":0},"categories":[112,137,133,101],"tags":[],"acf":[],"yoast_head":"<!-- This site is optimized with the Yoast SEO plugin v19.12 - https:\/\/yoast.com\/wordpress\/plugins\/seo\/ -->\n<title>DSC 2023: The French Riviera - Hub of Autonomous Vehicle Innovation - Invest in C\u00f4te d&#039;Azur<\/title>\n<meta name=\"description\" content=\"The DSC 2023 conference on the French Riviera: the premier event for autonomous vehicles, allowing attendees to meet experts and discover the latest innovations and trends.\" \/>\n<meta name=\"robots\" content=\"index, follow, max-snippet:-1, max-image-preview:large, max-video-preview:-1\" \/>\n<link rel=\"canonical\" href=\"https:\/\/www.investincotedazur.com\/en\/the-cote-dazur-a-center-of-excellence-for-autonomous-vehicles\/\" \/>\n<meta property=\"og:locale\" content=\"en_US\" \/>\n<meta property=\"og:type\" content=\"article\" \/>\n<meta property=\"og:title\" content=\"DSC 2023: The French Riviera - Hub of Autonomous Vehicle Innovation - Invest in C\u00f4te d&#039;Azur\" \/>\n<meta property=\"og:description\" content=\"The DSC 2023 conference on the French Riviera: the premier event for autonomous vehicles, allowing attendees to meet experts and discover the latest innovations and trends.\" \/>\n<meta property=\"og:url\" content=\"https:\/\/www.investincotedazur.com\/en\/the-cote-dazur-a-center-of-excellence-for-autonomous-vehicles\/\" \/>\n<meta property=\"og:site_name\" content=\"Invest in C\u00f4te d&#039;Azur\" \/>\n<meta property=\"article:published_time\" content=\"2023-08-30T13:41:56+00:00\" \/>\n<meta property=\"article:modified_time\" content=\"2023-08-30T20:15:24+00:00\" \/>\n<meta property=\"og:image\" content=\"https:\/\/www.investincotedazur.com\/wp-content\/uploads\/2023\/08\/Publications-TCA-2023-08-30T102647.654.png\" \/>\n\t<meta property=\"og:image:width\" content=\"700\" \/>\n\t<meta property=\"og:image:height\" content=\"700\" \/>\n\t<meta property=\"og:image:type\" content=\"image\/png\" \/>\n<meta name=\"author\" content=\"Jose Perez Gabarron\" \/>\n<meta name=\"twitter:card\" content=\"summary_large_image\" \/>\n<meta name=\"twitter:creator\" content=\"@Investcotedazur\" \/>\n<meta name=\"twitter:site\" content=\"@Investcotedazur\" \/>\n<meta name=\"twitter:label1\" content=\"Written by\" \/>\n\t<meta name=\"twitter:data1\" content=\"Jose Perez Gabarron\" \/>\n\t<meta name=\"twitter:label2\" content=\"Est. reading time\" \/>\n\t<meta name=\"twitter:data2\" content=\"4 minutes\" \/>\n<script type=\"application\/ld+json\" class=\"yoast-schema-graph\">{\"@context\":\"https:\/\/schema.org\",\"@graph\":[{\"@type\":\"Article\",\"@id\":\"https:\/\/www.investincotedazur.com\/en\/the-cote-dazur-a-center-of-excellence-for-autonomous-vehicles\/#article\",\"isPartOf\":{\"@id\":\"https:\/\/www.investincotedazur.com\/en\/the-cote-dazur-a-center-of-excellence-for-autonomous-vehicles\/\"},\"author\":{\"name\":\"Jose Perez Gabarron\",\"@id\":\"https:\/\/www.investincotedazur.com\/en\/#\/schema\/person\/ebbeede4229d29e0861488f2bd1036d9\"},\"headline\":\"The C\u00f4te d&#8217;Azur a center of excellence for autonomous vehicles\",\"datePublished\":\"2023-08-30T13:41:56+00:00\",\"dateModified\":\"2023-08-30T20:15:24+00:00\",\"mainEntityOfPage\":{\"@id\":\"https:\/\/www.investincotedazur.com\/en\/the-cote-dazur-a-center-of-excellence-for-autonomous-vehicles\/\"},\"wordCount\":770,\"publisher\":{\"@id\":\"https:\/\/www.investincotedazur.com\/en\/#organization\"},\"articleSection\":[\"Autonomous vehicle\",\"Events\",\"Innovation\",\"IT\"],\"inLanguage\":\"en-US\"},{\"@type\":\"WebPage\",\"@id\":\"https:\/\/www.investincotedazur.com\/en\/the-cote-dazur-a-center-of-excellence-for-autonomous-vehicles\/\",\"url\":\"https:\/\/www.investincotedazur.com\/en\/the-cote-dazur-a-center-of-excellence-for-autonomous-vehicles\/\",\"name\":\"DSC 2023: The French Riviera - Hub of Autonomous Vehicle Innovation - Invest in C\u00f4te d&#039;Azur\",\"isPartOf\":{\"@id\":\"https:\/\/www.investincotedazur.com\/en\/#website\"},\"datePublished\":\"2023-08-30T13:41:56+00:00\",\"dateModified\":\"2023-08-30T20:15:24+00:00\",\"description\":\"The DSC 2023 conference on the French Riviera: the premier event for autonomous vehicles, allowing attendees to meet experts and discover the latest innovations and trends.\",\"inLanguage\":\"en-US\",\"potentialAction\":[{\"@type\":\"ReadAction\",\"target\":[\"https:\/\/www.investincotedazur.com\/en\/the-cote-dazur-a-center-of-excellence-for-autonomous-vehicles\/\"]}]},{\"@type\":\"WebSite\",\"@id\":\"https:\/\/www.investincotedazur.com\/en\/#website\",\"url\":\"https:\/\/www.investincotedazur.com\/en\/\",\"name\":\"Invest in C\u00f4te d'Azur\",\"description\":\"\",\"publisher\":{\"@id\":\"https:\/\/www.investincotedazur.com\/en\/#organization\"},\"alternateName\":\"Invest in C\u00f4te d'Azur\",\"potentialAction\":[{\"@type\":\"SearchAction\",\"target\":{\"@type\":\"EntryPoint\",\"urlTemplate\":\"https:\/\/www.investincotedazur.com\/en\/?s={search_term_string}\"},\"query-input\":\"required name=search_term_string\"}],\"inLanguage\":\"en-US\"},{\"@type\":\"Organization\",\"@id\":\"https:\/\/www.investincotedazur.com\/en\/#organization\",\"name\":\"Invest in C\u00f4te d'Azur\",\"alternateName\":\"Invest in C\u00f4te d'Azur\",\"url\":\"https:\/\/www.investincotedazur.com\/en\/\",\"logo\":{\"@type\":\"ImageObject\",\"inLanguage\":\"en-US\",\"@id\":\"https:\/\/www.investincotedazur.com\/en\/#\/schema\/logo\/image\/\",\"url\":\"https:\/\/www.investincotedazur.com\/wp-content\/uploads\/2023\/05\/cropped-New-missions-3.png\",\"contentUrl\":\"https:\/\/www.investincotedazur.com\/wp-content\/uploads\/2023\/05\/cropped-New-missions-3.png\",\"width\":512,\"height\":512,\"caption\":\"Invest in C\u00f4te d'Azur\"},\"image\":{\"@id\":\"https:\/\/www.investincotedazur.com\/en\/#\/schema\/logo\/image\/\"},\"sameAs\":[\"https:\/\/www.linkedin.com\/company\/investincotedazur\/\",\"https:\/\/twitter.com\/Investcotedazur\"]},{\"@type\":\"Person\",\"@id\":\"https:\/\/www.investincotedazur.com\/en\/#\/schema\/person\/ebbeede4229d29e0861488f2bd1036d9\",\"name\":\"Jose Perez Gabarron\",\"image\":{\"@type\":\"ImageObject\",\"inLanguage\":\"en-US\",\"@id\":\"https:\/\/www.investincotedazur.com\/en\/#\/schema\/person\/image\/\",\"url\":\"https:\/\/secure.gravatar.com\/avatar\/20ec9e74f48620b8ee4253da6b114950?s=96&d=mm&r=g\",\"contentUrl\":\"https:\/\/secure.gravatar.com\/avatar\/20ec9e74f48620b8ee4253da6b114950?s=96&d=mm&r=g\",\"caption\":\"Jose Perez Gabarron\"}}]}<\/script>\n<!-- \/ Yoast SEO plugin. -->","yoast_head_json":{"title":"DSC 2023: The French Riviera - Hub of Autonomous Vehicle Innovation - Invest in C\u00f4te d&#039;Azur","description":"The DSC 2023 conference on the French Riviera: the premier event for autonomous vehicles, allowing attendees to meet experts and discover the latest innovations and trends.","robots":{"index":"index","follow":"follow","max-snippet":"max-snippet:-1","max-image-preview":"max-image-preview:large","max-video-preview":"max-video-preview:-1"},"canonical":"https:\/\/www.investincotedazur.com\/en\/the-cote-dazur-a-center-of-excellence-for-autonomous-vehicles\/","og_locale":"en_US","og_type":"article","og_title":"DSC 2023: The French Riviera - Hub of Autonomous Vehicle Innovation - Invest in C\u00f4te d&#039;Azur","og_description":"The DSC 2023 conference on the French Riviera: the premier event for autonomous vehicles, allowing attendees to meet experts and discover the latest innovations and trends.","og_url":"https:\/\/www.investincotedazur.com\/en\/the-cote-dazur-a-center-of-excellence-for-autonomous-vehicles\/","og_site_name":"Invest in C\u00f4te d&#039;Azur","article_published_time":"2023-08-30T13:41:56+00:00","article_modified_time":"2023-08-30T20:15:24+00:00","og_image":[{"width":700,"height":700,"url":"https:\/\/www.investincotedazur.com\/wp-content\/uploads\/2023\/08\/Publications-TCA-2023-08-30T102647.654.png","type":"image\/png"}],"author":"Jose Perez Gabarron","twitter_card":"summary_large_image","twitter_creator":"@Investcotedazur","twitter_site":"@Investcotedazur","twitter_misc":{"Written by":"Jose Perez Gabarron","Est. reading time":"4 minutes"},"schema":{"@context":"https:\/\/schema.org","@graph":[{"@type":"Article","@id":"https:\/\/www.investincotedazur.com\/en\/the-cote-dazur-a-center-of-excellence-for-autonomous-vehicles\/#article","isPartOf":{"@id":"https:\/\/www.investincotedazur.com\/en\/the-cote-dazur-a-center-of-excellence-for-autonomous-vehicles\/"},"author":{"name":"Jose Perez Gabarron","@id":"https:\/\/www.investincotedazur.com\/en\/#\/schema\/person\/ebbeede4229d29e0861488f2bd1036d9"},"headline":"The C\u00f4te d&#8217;Azur a center of excellence for autonomous vehicles","datePublished":"2023-08-30T13:41:56+00:00","dateModified":"2023-08-30T20:15:24+00:00","mainEntityOfPage":{"@id":"https:\/\/www.investincotedazur.com\/en\/the-cote-dazur-a-center-of-excellence-for-autonomous-vehicles\/"},"wordCount":770,"publisher":{"@id":"https:\/\/www.investincotedazur.com\/en\/#organization"},"articleSection":["Autonomous vehicle","Events","Innovation","IT"],"inLanguage":"en-US"},{"@type":"WebPage","@id":"https:\/\/www.investincotedazur.com\/en\/the-cote-dazur-a-center-of-excellence-for-autonomous-vehicles\/","url":"https:\/\/www.investincotedazur.com\/en\/the-cote-dazur-a-center-of-excellence-for-autonomous-vehicles\/","name":"DSC 2023: The French Riviera - Hub of Autonomous Vehicle Innovation - Invest in C\u00f4te d&#039;Azur","isPartOf":{"@id":"https:\/\/www.investincotedazur.com\/en\/#website"},"datePublished":"2023-08-30T13:41:56+00:00","dateModified":"2023-08-30T20:15:24+00:00","description":"The DSC 2023 conference on the French Riviera: the premier event for autonomous vehicles, allowing attendees to meet experts and discover the latest innovations and trends.","inLanguage":"en-US","potentialAction":[{"@type":"ReadAction","target":["https:\/\/www.investincotedazur.com\/en\/the-cote-dazur-a-center-of-excellence-for-autonomous-vehicles\/"]}]},{"@type":"WebSite","@id":"https:\/\/www.investincotedazur.com\/en\/#website","url":"https:\/\/www.investincotedazur.com\/en\/","name":"Invest in C\u00f4te d'Azur","description":"","publisher":{"@id":"https:\/\/www.investincotedazur.com\/en\/#organization"},"alternateName":"Invest in C\u00f4te d'Azur","potentialAction":[{"@type":"SearchAction","target":{"@type":"EntryPoint","urlTemplate":"https:\/\/www.investincotedazur.com\/en\/?s={search_term_string}"},"query-input":"required name=search_term_string"}],"inLanguage":"en-US"},{"@type":"Organization","@id":"https:\/\/www.investincotedazur.com\/en\/#organization","name":"Invest in C\u00f4te d'Azur","alternateName":"Invest in C\u00f4te d'Azur","url":"https:\/\/www.investincotedazur.com\/en\/","logo":{"@type":"ImageObject","inLanguage":"en-US","@id":"https:\/\/www.investincotedazur.com\/en\/#\/schema\/logo\/image\/","url":"https:\/\/www.investincotedazur.com\/wp-content\/uploads\/2023\/05\/cropped-New-missions-3.png","contentUrl":"https:\/\/www.investincotedazur.com\/wp-content\/uploads\/2023\/05\/cropped-New-missions-3.png","width":512,"height":512,"caption":"Invest in C\u00f4te d'Azur"},"image":{"@id":"https:\/\/www.investincotedazur.com\/en\/#\/schema\/logo\/image\/"},"sameAs":["https:\/\/www.linkedin.com\/company\/investincotedazur\/","https:\/\/twitter.com\/Investcotedazur"]},{"@type":"Person","@id":"https:\/\/www.investincotedazur.com\/en\/#\/schema\/person\/ebbeede4229d29e0861488f2bd1036d9","name":"Jose Perez Gabarron","image":{"@type":"ImageObject","inLanguage":"en-US","@id":"https:\/\/www.investincotedazur.com\/en\/#\/schema\/person\/image\/","url":"https:\/\/secure.gravatar.com\/avatar\/20ec9e74f48620b8ee4253da6b114950?s=96&d=mm&r=g","contentUrl":"https:\/\/secure.gravatar.com\/avatar\/20ec9e74f48620b8ee4253da6b114950?s=96&d=mm&r=g","caption":"Jose Perez Gabarron"}}]}},"_links":{"self":[{"href":"https:\/\/www.investincotedazur.com\/en\/wp-json\/wp\/v2\/posts\/16876"}],"collection":[{"href":"https:\/\/www.investincotedazur.com\/en\/wp-json\/wp\/v2\/posts"}],"about":[{"href":"https:\/\/www.investincotedazur.com\/en\/wp-json\/wp\/v2\/types\/post"}],"author":[{"embeddable":true,"href":"https:\/\/www.investincotedazur.com\/en\/wp-json\/wp\/v2\/users\/14"}],"replies":[{"embeddable":true,"href":"https:\/\/www.investincotedazur.com\/en\/wp-json\/wp\/v2\/comments?post=16876"}],"version-history":[{"count":4,"href":"https:\/\/www.investincotedazur.com\/en\/wp-json\/wp\/v2\/posts\/16876\/revisions"}],"predecessor-version":[{"id":16880,"href":"https:\/\/www.investincotedazur.com\/en\/wp-json\/wp\/v2\/posts\/16876\/revisions\/16880"}],"wp:featuredmedia":[{"embeddable":true,"href":"https:\/\/www.investincotedazur.com\/en\/wp-json\/wp\/v2\/media\/16868"}],"wp:attachment":[{"href":"https:\/\/www.investincotedazur.com\/en\/wp-json\/wp\/v2\/media?parent=16876"}],"wp:term":[{"taxonomy":"category","embeddable":true,"href":"https:\/\/www.investincotedazur.com\/en\/wp-json\/wp\/v2\/categories?post=16876"},{"taxonomy":"post_tag","embeddable":true,"href":"https:\/\/www.investincotedazur.com\/en\/wp-json\/wp\/v2\/tags?post=16876"}],"curies":[{"name":"wp","href":"https:\/\/api.w.org\/{rel}","templated":true}]}}