{"id":16659,"date":"2023-07-28T10:58:58","date_gmt":"2023-07-28T08:58:58","guid":{"rendered":"https:\/\/www.investincotedazur.com\/?p=16659"},"modified":"2023-07-28T11:13:04","modified_gmt":"2023-07-28T09:13:04","slug":"the-observalp-project-enhances-cross-border-cooperation-under-the-auspices-of-the-european-alcotra-program","status":"publish","type":"post","link":"https:\/\/www.investincotedazur.com\/en\/the-observalp-project-enhances-cross-border-cooperation-under-the-auspices-of-the-european-alcotra-program\/","title":{"rendered":"The Observ&#8217;Alp project enhances cross-border cooperation under the auspices of the European Alcotra program"},"content":{"rendered":"\n<div class=\"wp-container-3 wp-block-columns\">\n<div class=\"wp-container-1 wp-block-column\" style=\"flex-basis:33.33%\">\n<figure class=\"wp-block-image size-full\"><img width=\"700\" height=\"700\" src=\"https:\/\/www.investincotedazur.com\/wp-content\/uploads\/2023\/07\/Publications-TCA-2023-07-28T104119.121.png\" alt=\"projet Observ\u2019Alp ALCOTRA\" class=\"wp-image-16655\" srcset=\"https:\/\/www.investincotedazur.com\/wp-content\/uploads\/2023\/07\/Publications-TCA-2023-07-28T104119.121.png 700w, https:\/\/www.investincotedazur.com\/wp-content\/uploads\/2023\/07\/Publications-TCA-2023-07-28T104119.121-300x300.png 300w, https:\/\/www.investincotedazur.com\/wp-content\/uploads\/2023\/07\/Publications-TCA-2023-07-28T104119.121-150x150.png 150w\" sizes=\"(max-width: 700px) 100vw, 700px\" \/><\/figure>\n<\/div>\n\n\n\n<div class=\"wp-container-2 wp-block-column\" style=\"flex-basis:66.66%\">\n<p class=\"has-medium-font-size\">The Observ&#8217;Alp project is part of the <a href=\"https:\/\/interreg-alcotra.eu\/\" target=\"_blank\" rel=\"noreferrer noopener\">European Alcotra program<\/a> and embodies the Region Sud&#8217;s commitment to positioning itself as a driving force for cross-border cooperation. <\/p>\n\n\n\n<p class=\"has-medium-font-size\">Selected on July 5th among the 23 projects approved by the Alcotra Monitoring Committee, this initiative, led by the Region Sud, benefits from a partnership with the Nice C\u00f4te d&#8217;Azur Metropolis, which will be supported by the C\u00f4te d&#8217;Azur Urban Planning Agency, the Piemonte and Liguria regions, the Metropolitan City of Turin, and the Cross-Border Operational Mission. <\/p>\n\n\n\n<p class=\"has-medium-font-size\">It is also the first Alcotra project that involves the Principality of Monaco.<\/p>\n<\/div>\n<\/div>\n\n\n\n<h2>The role of Observ&#8217;Alp in orchestrating effective cross-border cooperation<\/h2>\n\n\n\n<p>With a budget of 500,000 euros, of which a significant portion (400K\u20ac) comes from FEDER funds, Observ&#8217;Alp represents an essential tool for successful cross-border cooperation. <\/p>\n\n\n\n<p>This project aims to implement impactful actions in key areas such as cross-border mobility, the development of common economic sectors, and the management of climate and health crises. <\/p>\n\n\n\n<p>The objective is to foster a sustainable and constructive synergy among the regions involved.<\/p>\n\n\n\n<div style=\"height:50px\" aria-hidden=\"true\" class=\"wp-block-spacer\"><\/div>\n\n\n\n<h2>The positive impacts of Observ&#8217;Alp<\/h2>\n\n\n\n<p>By actively participating in the Observ&#8217;Alp project, both the Nice C\u00f4te d\u2019Azur Metropolis and the Region Sud not only strengthen their position in cross-border cooperation between France, Italy, and the Principality of Monaco but also enhance their influence at the European level.<\/p>\n\n\n\n<p>This project highlights the Region Sud&#8217;s ability to mobilize its partners and attract beneficial funding for the territories.<\/p>\n\n\n\n<p>By providing a better understanding of the needs of the population and public services, Observ&#8217;Alp promises tangible benefits for citizens while embodying the use of European resources for the common good. The collected data should contribute to a better understanding of the population, public services, and identify the needs of the territory as a whole.<\/p>\n\n\n\n<div style=\"height:58px\" aria-hidden=\"true\" class=\"wp-block-spacer\"><\/div>\n\n\n\n<h2>Strengthened cross-border cooperation for the Nice C\u00f4te d\u2019Azur Metropolis<\/h2>\n\n\n\n<p>In May 2023, <a href=\"https:\/\/www.investincotedazur.com\/en\/cross-border-cooperation-between-the-nice-cote-dazur-metropolis-and-the-province-of-imperia\/\">the Nice C\u00f4te d\u2019Azur Metropolis and the Province of Imperia solidified their cooperation with two cross-border development programs.<\/a><\/p>\n\n\n\n<p>The first program, focused on the coastline, aims to improve the mobility of the 40,000 cross-border workers between the Liguria region and the Nice C\u00f4te d\u2019Azur Metropolis. It includes the strengthening of railway connections, the extension of the Tyrrhenian cycle path, and the creation of a cross-border maritime shuttle between Nice, Monaco, and Ventimiglia.<\/p>\n\n\n\n<p>The second program, focused on the mountains, prioritizes risk prevention, sustainable tourism, and biodiversity, all with a central theme of combating climate change. It plans to support economic stakeholders in their anticipation and preparation for future crises while promoting sustainable tourism as a crucial pillar of the mountain economy.<\/p>\n\n\n\n<div style=\"height:100px\" aria-hidden=\"true\" class=\"wp-block-spacer\"><\/div>\n\n\n\n<hr class=\"wp-block-separator has-text-color has-vivid-cyan-blue-color has-alpha-channel-opacity has-vivid-cyan-blue-background-color has-background\"\/>\n\n\n\n<h2 class=\"has-vivid-cyan-blue-color has-text-color\">International &#8211; Nice C\u00f4te d&#8217;Azur France<\/h2>\n\n\n\n<div style=\"height:19px\" aria-hidden=\"true\" class=\"wp-block-spacer\"><\/div>\n\n\n<ul class=\"wp-block-latest-posts__list is-grid columns-2 wp-block-latest-posts\"><li><div class=\"wp-block-latest-posts__featured-image alignleft\"><img width=\"150\" height=\"150\" src=\"https:\/\/www.investincotedazur.com\/wp-content\/uploads\/2026\/04\/Twin-Jet-vols-Nice-Olbia-et-Nice-Minorque-ete-2026-150x150.png\" class=\"attachment-thumbnail size-thumbnail wp-post-image\" alt=\"Twin Jet  vols Nice-Olbia et Nice-Minorque \u00e9t\u00e9 2026\" style=\"max-width:50px;\" loading=\"lazy\" srcset=\"https:\/\/www.investincotedazur.com\/wp-content\/uploads\/2026\/04\/Twin-Jet-vols-Nice-Olbia-et-Nice-Minorque-ete-2026-150x150.png 150w, https:\/\/www.investincotedazur.com\/wp-content\/uploads\/2026\/04\/Twin-Jet-vols-Nice-Olbia-et-Nice-Minorque-ete-2026-700x700.png 700w\" sizes=\"(max-width: 150px) 100vw, 150px\" \/><\/div><a class=\"wp-block-latest-posts__post-title\" href=\"https:\/\/www.investincotedazur.com\/en\/twin-jet-new-routes-nice-olbia-and-nice-menorca-summer-2026\/\">Twin Jet new routes Nice\u2013Olbia and Nice\u2013Menorca summer 2026<\/a><\/li>\n<li><div class=\"wp-block-latest-posts__featured-image alignleft\"><img width=\"150\" height=\"150\" src=\"https:\/\/www.investincotedazur.com\/wp-content\/uploads\/2026\/04\/investincotedazur-2026-04-16T170826.346-150x150.png\" class=\"attachment-thumbnail size-thumbnail wp-post-image\" alt=\"extension t2 nice\" style=\"max-width:50px;\" loading=\"lazy\" srcset=\"https:\/\/www.investincotedazur.com\/wp-content\/uploads\/2026\/04\/investincotedazur-2026-04-16T170826.346-150x150.png 150w, https:\/\/www.investincotedazur.com\/wp-content\/uploads\/2026\/04\/investincotedazur-2026-04-16T170826.346-700x700.png 700w\" sizes=\"(max-width: 150px) 100vw, 150px\" \/><\/div><a class=\"wp-block-latest-posts__post-title\" href=\"https:\/\/www.investincotedazur.com\/en\/nice-cote-dazur-airport-terminal-2-extension-23000-sq-m-and-capacity-increased-to-18-million-passengers\/\">Nice C\u00f4te d\u2019Azur Airport Terminal 2 extension: 23,000 sq m and capacity increased to 18 million passengers<\/a><\/li>\n<li><div class=\"wp-block-latest-posts__featured-image alignleft\"><img width=\"150\" height=\"150\" src=\"https:\/\/www.investincotedazur.com\/wp-content\/uploads\/2026\/03\/aeroport-nice-cote-dazur-ete-2026-reseau-150x150.jpg\" class=\"attachment-thumbnail size-thumbnail wp-post-image\" alt=\"a\u00e9roport nice c\u00f4te d\u2019azur \u00e9t\u00e9 2026 r\u00e9seau\" style=\"max-width:50px;\" loading=\"lazy\" srcset=\"https:\/\/www.investincotedazur.com\/wp-content\/uploads\/2026\/03\/aeroport-nice-cote-dazur-ete-2026-reseau-150x150.jpg 150w, https:\/\/www.investincotedazur.com\/wp-content\/uploads\/2026\/03\/aeroport-nice-cote-dazur-ete-2026-reseau-300x300.jpg 300w, https:\/\/www.investincotedazur.com\/wp-content\/uploads\/2026\/03\/aeroport-nice-cote-dazur-ete-2026-reseau.jpg 700w\" sizes=\"(max-width: 150px) 100vw, 150px\" \/><\/div><a class=\"wp-block-latest-posts__post-title\" href=\"https:\/\/www.investincotedazur.com\/en\/nice-cote-dazur-airport-summer-2026-a-record-network-of-130-destinations\/\">Nice C\u00f4te d\u2019Azur Airport summer 2026: a record network of 130 destinations<\/a><\/li>\n<li><div class=\"wp-block-latest-posts__featured-image alignleft\"><img width=\"150\" height=\"150\" src=\"https:\/\/www.investincotedazur.com\/wp-content\/uploads\/2026\/03\/nice-cork-2026-150x150.jpg\" class=\"attachment-thumbnail size-thumbnail wp-post-image\" alt=\"nice cork 2026\" style=\"max-width:50px;\" loading=\"lazy\" srcset=\"https:\/\/www.investincotedazur.com\/wp-content\/uploads\/2026\/03\/nice-cork-2026-150x150.jpg 150w, https:\/\/www.investincotedazur.com\/wp-content\/uploads\/2026\/03\/nice-cork-2026-300x300.jpg 300w, https:\/\/www.investincotedazur.com\/wp-content\/uploads\/2026\/03\/nice-cork-2026.jpg 700w\" sizes=\"(max-width: 150px) 100vw, 150px\" \/><\/div><a class=\"wp-block-latest-posts__post-title\" href=\"https:\/\/www.investincotedazur.com\/en\/cork-nice-direct-aer-lingus-service-from-may-2026\/\">Cork\u2013Nice: Direct Aer Lingus service from May 2026<\/a><\/li>\n<li><div class=\"wp-block-latest-posts__featured-image alignleft\"><img width=\"150\" height=\"150\" src=\"https:\/\/www.investincotedazur.com\/wp-content\/uploads\/2024\/01\/aeroport-cote-azur-2023-150x150.png\" class=\"attachment-thumbnail size-thumbnail wp-post-image\" alt=\"aeroport-cote-azur-2023\" style=\"max-width:50px;\" loading=\"lazy\" srcset=\"https:\/\/www.investincotedazur.com\/wp-content\/uploads\/2024\/01\/aeroport-cote-azur-2023-150x150.png 150w, https:\/\/www.investincotedazur.com\/wp-content\/uploads\/2024\/01\/aeroport-cote-azur-2023-300x300.png 300w, https:\/\/www.investincotedazur.com\/wp-content\/uploads\/2024\/01\/aeroport-cote-azur-2023.png 700w\" sizes=\"(max-width: 150px) 100vw, 150px\" \/><\/div><a class=\"wp-block-latest-posts__post-title\" href=\"https:\/\/www.investincotedazur.com\/en\/e2-8-billion-in-economic-impact-in-2024-for-nice-cote-dazur-and-cannes-mandelieu-airports\/\">\u20ac2.8 billion in economic impact in 2024 for Nice C\u00f4te d\u2019Azur and Cannes-Mandelieu Airports<\/a><\/li>\n<li><div class=\"wp-block-latest-posts__featured-image alignleft\"><img width=\"150\" height=\"150\" src=\"https:\/\/www.investincotedazur.com\/wp-content\/uploads\/2026\/01\/mobilite-arienne-decarbonee-150x150.png\" class=\"attachment-thumbnail size-thumbnail wp-post-image\" alt=\"mobilit\u00e9 arienne decarbonee\" style=\"max-width:50px;\" loading=\"lazy\" srcset=\"https:\/\/www.investincotedazur.com\/wp-content\/uploads\/2026\/01\/mobilite-arienne-decarbonee-150x150.png 150w, https:\/\/www.investincotedazur.com\/wp-content\/uploads\/2026\/01\/mobilite-arienne-decarbonee-700x700.png 700w\" sizes=\"(max-width: 150px) 100vw, 150px\" \/><\/div><a class=\"wp-block-latest-posts__post-title\" href=\"https:\/\/www.investincotedazur.com\/en\/the-cote-dazur-is-emerging-as-a-testing-ground-for-decarbonised-air-mobility\/\">The C\u00f4te d\u2019Azur is emerging as a testing ground for decarbonised air mobility<\/a><\/li>\n<li><div class=\"wp-block-latest-posts__featured-image alignleft\"><img width=\"150\" height=\"150\" src=\"https:\/\/www.investincotedazur.com\/wp-content\/uploads\/2026\/01\/washington-nice-french-riviera-nice-2026-150x150.jpg\" class=\"attachment-thumbnail size-thumbnail wp-post-image\" alt=\"washington nice french riviera nice 2026\" style=\"max-width:50px;\" loading=\"lazy\" srcset=\"https:\/\/www.investincotedazur.com\/wp-content\/uploads\/2026\/01\/washington-nice-french-riviera-nice-2026-150x150.jpg 150w, https:\/\/www.investincotedazur.com\/wp-content\/uploads\/2026\/01\/washington-nice-french-riviera-nice-2026-300x300.jpg 300w, https:\/\/www.investincotedazur.com\/wp-content\/uploads\/2026\/01\/washington-nice-french-riviera-nice-2026.jpg 700w\" sizes=\"(max-width: 150px) 100vw, 150px\" \/><\/div><a class=\"wp-block-latest-posts__post-title\" href=\"https:\/\/www.investincotedazur.com\/en\/united-airlines-washington-nice-2026\/\">United Airlines reactivates the Nice\u2013Washington route in summer 2026<\/a><\/li>\n<li><div class=\"wp-block-latest-posts__featured-image alignleft\"><img width=\"150\" height=\"150\" src=\"https:\/\/www.investincotedazur.com\/wp-content\/uploads\/2026\/01\/investincotedazur-2026-01-21T104349.359-150x150.jpg\" class=\"attachment-thumbnail size-thumbnail wp-post-image\" alt=\"barometre arthur loyd nice\" style=\"max-width:50px;\" loading=\"lazy\" srcset=\"https:\/\/www.investincotedazur.com\/wp-content\/uploads\/2026\/01\/investincotedazur-2026-01-21T104349.359-150x150.jpg 150w, https:\/\/www.investincotedazur.com\/wp-content\/uploads\/2026\/01\/investincotedazur-2026-01-21T104349.359-300x300.jpg 300w, https:\/\/www.investincotedazur.com\/wp-content\/uploads\/2026\/01\/investincotedazur-2026-01-21T104349.359.jpg 700w\" sizes=\"(max-width: 150px) 100vw, 150px\" \/><\/div><a class=\"wp-block-latest-posts__post-title\" href=\"https:\/\/www.investincotedazur.com\/en\/nice-cote-dazur-quality-of-life-arthur-loyd-2025\/\">Nice C\u00f4te d\u2019Azur: Second Place in Quality of Life Among Major French Metropolises in the 2025 Arthur Loyd Barometer<\/a><\/li>\n<\/ul>","protected":false},"excerpt":{"rendered":"<p>The Observ&#8217;Alp project is part of the European Alcotra program and embodies the Region Sud&#8217;s commitment to positioning itself as a driving force for cross-border cooperation. Selected on July 5th among the 23 projects approved by the Alcotra Monitoring Committee, this initiative, led by the Region Sud, benefits from a partnership with the Nice C\u00f4te [&hellip;]<\/p>\n","protected":false},"author":14,"featured_media":16656,"comment_status":"closed","ping_status":"open","sticky":false,"template":"","format":"standard","meta":{"_mi_skip_tracking":false,"_monsterinsights_sitenote_active":false,"_monsterinsights_sitenote_note":"","_monsterinsights_sitenote_category":0},"categories":[133,135,101,102,140],"tags":[],"acf":[],"yoast_head":"<!-- This site is optimized with the Yoast SEO plugin v19.12 - https:\/\/yoast.com\/wordpress\/plugins\/seo\/ -->\n<title>Observ&#039;Alp: Cross-border initiative of the European Alcotra program - Invest in C\u00f4te d&#039;Azur<\/title>\n<meta name=\"description\" content=\"The Observ&#039;Alp project, a Franco-Italian initiative supported by the European program ALCOTRA, emphasizes the significance of cross-border cooperation.\" \/>\n<meta name=\"robots\" content=\"index, follow, max-snippet:-1, max-image-preview:large, max-video-preview:-1\" \/>\n<link rel=\"canonical\" href=\"https:\/\/www.investincotedazur.com\/en\/the-observalp-project-enhances-cross-border-cooperation-under-the-auspices-of-the-european-alcotra-program\/\" \/>\n<meta property=\"og:locale\" content=\"en_US\" \/>\n<meta property=\"og:type\" content=\"article\" \/>\n<meta property=\"og:title\" content=\"Observ&#039;Alp: Cross-border initiative of the European Alcotra program - Invest in C\u00f4te d&#039;Azur\" \/>\n<meta property=\"og:description\" content=\"The Observ&#039;Alp project, a Franco-Italian initiative supported by the European program ALCOTRA, emphasizes the significance of cross-border cooperation.\" \/>\n<meta property=\"og:url\" content=\"https:\/\/www.investincotedazur.com\/en\/the-observalp-project-enhances-cross-border-cooperation-under-the-auspices-of-the-european-alcotra-program\/\" \/>\n<meta property=\"og:site_name\" content=\"Invest in C\u00f4te d&#039;Azur\" \/>\n<meta property=\"article:published_time\" content=\"2023-07-28T08:58:58+00:00\" \/>\n<meta property=\"article:modified_time\" content=\"2023-07-28T09:13:04+00:00\" \/>\n<meta property=\"og:image\" content=\"https:\/\/www.investincotedazur.com\/wp-content\/uploads\/2023\/07\/Publications-TCA-2023-07-28T104119.121.png\" \/>\n\t<meta property=\"og:image:width\" content=\"700\" \/>\n\t<meta property=\"og:image:height\" content=\"700\" \/>\n\t<meta property=\"og:image:type\" content=\"image\/png\" \/>\n<meta name=\"author\" content=\"Jose Perez Gabarron\" \/>\n<meta name=\"twitter:card\" content=\"summary_large_image\" \/>\n<meta name=\"twitter:creator\" content=\"@Investcotedazur\" \/>\n<meta name=\"twitter:site\" content=\"@Investcotedazur\" \/>\n<meta name=\"twitter:label1\" content=\"Written by\" \/>\n\t<meta name=\"twitter:data1\" content=\"Jose Perez Gabarron\" \/>\n\t<meta name=\"twitter:label2\" content=\"Est. reading time\" \/>\n\t<meta name=\"twitter:data2\" content=\"3 minutes\" \/>\n<script type=\"application\/ld+json\" class=\"yoast-schema-graph\">{\"@context\":\"https:\/\/schema.org\",\"@graph\":[{\"@type\":\"Article\",\"@id\":\"https:\/\/www.investincotedazur.com\/en\/the-observalp-project-enhances-cross-border-cooperation-under-the-auspices-of-the-european-alcotra-program\/#article\",\"isPartOf\":{\"@id\":\"https:\/\/www.investincotedazur.com\/en\/the-observalp-project-enhances-cross-border-cooperation-under-the-auspices-of-the-european-alcotra-program\/\"},\"author\":{\"name\":\"Jose Perez Gabarron\",\"@id\":\"https:\/\/www.investincotedazur.com\/en\/#\/schema\/person\/ebbeede4229d29e0861488f2bd1036d9\"},\"headline\":\"The Observ&#8217;Alp project enhances cross-border cooperation under the auspices of the European Alcotra program\",\"datePublished\":\"2023-07-28T08:58:58+00:00\",\"dateModified\":\"2023-07-28T09:13:04+00:00\",\"mainEntityOfPage\":{\"@id\":\"https:\/\/www.investincotedazur.com\/en\/the-observalp-project-enhances-cross-border-cooperation-under-the-auspices-of-the-european-alcotra-program\/\"},\"wordCount\":452,\"publisher\":{\"@id\":\"https:\/\/www.investincotedazur.com\/en\/#organization\"},\"articleSection\":[\"Innovation\",\"International\",\"IT\",\"Nice C\u00f4te d'Azur Metropolis\",\"Quality of Life\"],\"inLanguage\":\"en-US\"},{\"@type\":\"WebPage\",\"@id\":\"https:\/\/www.investincotedazur.com\/en\/the-observalp-project-enhances-cross-border-cooperation-under-the-auspices-of-the-european-alcotra-program\/\",\"url\":\"https:\/\/www.investincotedazur.com\/en\/the-observalp-project-enhances-cross-border-cooperation-under-the-auspices-of-the-european-alcotra-program\/\",\"name\":\"Observ'Alp: Cross-border initiative of the European Alcotra program - Invest in C\u00f4te d&#039;Azur\",\"isPartOf\":{\"@id\":\"https:\/\/www.investincotedazur.com\/en\/#website\"},\"datePublished\":\"2023-07-28T08:58:58+00:00\",\"dateModified\":\"2023-07-28T09:13:04+00:00\",\"description\":\"The Observ'Alp project, a Franco-Italian initiative supported by the European program ALCOTRA, emphasizes the significance of cross-border cooperation.\",\"inLanguage\":\"en-US\",\"potentialAction\":[{\"@type\":\"ReadAction\",\"target\":[\"https:\/\/www.investincotedazur.com\/en\/the-observalp-project-enhances-cross-border-cooperation-under-the-auspices-of-the-european-alcotra-program\/\"]}]},{\"@type\":\"WebSite\",\"@id\":\"https:\/\/www.investincotedazur.com\/en\/#website\",\"url\":\"https:\/\/www.investincotedazur.com\/en\/\",\"name\":\"Invest in C\u00f4te d'Azur\",\"description\":\"\",\"publisher\":{\"@id\":\"https:\/\/www.investincotedazur.com\/en\/#organization\"},\"alternateName\":\"Invest in C\u00f4te d'Azur\",\"potentialAction\":[{\"@type\":\"SearchAction\",\"target\":{\"@type\":\"EntryPoint\",\"urlTemplate\":\"https:\/\/www.investincotedazur.com\/en\/?s={search_term_string}\"},\"query-input\":\"required name=search_term_string\"}],\"inLanguage\":\"en-US\"},{\"@type\":\"Organization\",\"@id\":\"https:\/\/www.investincotedazur.com\/en\/#organization\",\"name\":\"Invest in C\u00f4te d'Azur\",\"alternateName\":\"Invest in C\u00f4te d'Azur\",\"url\":\"https:\/\/www.investincotedazur.com\/en\/\",\"logo\":{\"@type\":\"ImageObject\",\"inLanguage\":\"en-US\",\"@id\":\"https:\/\/www.investincotedazur.com\/en\/#\/schema\/logo\/image\/\",\"url\":\"https:\/\/www.investincotedazur.com\/wp-content\/uploads\/2023\/05\/cropped-New-missions-3.png\",\"contentUrl\":\"https:\/\/www.investincotedazur.com\/wp-content\/uploads\/2023\/05\/cropped-New-missions-3.png\",\"width\":512,\"height\":512,\"caption\":\"Invest in C\u00f4te d'Azur\"},\"image\":{\"@id\":\"https:\/\/www.investincotedazur.com\/en\/#\/schema\/logo\/image\/\"},\"sameAs\":[\"https:\/\/www.linkedin.com\/company\/investincotedazur\/\",\"https:\/\/twitter.com\/Investcotedazur\"]},{\"@type\":\"Person\",\"@id\":\"https:\/\/www.investincotedazur.com\/en\/#\/schema\/person\/ebbeede4229d29e0861488f2bd1036d9\",\"name\":\"Jose Perez Gabarron\",\"image\":{\"@type\":\"ImageObject\",\"inLanguage\":\"en-US\",\"@id\":\"https:\/\/www.investincotedazur.com\/en\/#\/schema\/person\/image\/\",\"url\":\"https:\/\/secure.gravatar.com\/avatar\/20ec9e74f48620b8ee4253da6b114950?s=96&d=mm&r=g\",\"contentUrl\":\"https:\/\/secure.gravatar.com\/avatar\/20ec9e74f48620b8ee4253da6b114950?s=96&d=mm&r=g\",\"caption\":\"Jose Perez Gabarron\"}}]}<\/script>\n<!-- \/ Yoast SEO plugin. -->","yoast_head_json":{"title":"Observ'Alp: Cross-border initiative of the European Alcotra program - Invest in C\u00f4te d&#039;Azur","description":"The Observ'Alp project, a Franco-Italian initiative supported by the European program ALCOTRA, emphasizes the significance of cross-border cooperation.","robots":{"index":"index","follow":"follow","max-snippet":"max-snippet:-1","max-image-preview":"max-image-preview:large","max-video-preview":"max-video-preview:-1"},"canonical":"https:\/\/www.investincotedazur.com\/en\/the-observalp-project-enhances-cross-border-cooperation-under-the-auspices-of-the-european-alcotra-program\/","og_locale":"en_US","og_type":"article","og_title":"Observ'Alp: Cross-border initiative of the European Alcotra program - Invest in C\u00f4te d&#039;Azur","og_description":"The Observ'Alp project, a Franco-Italian initiative supported by the European program ALCOTRA, emphasizes the significance of cross-border cooperation.","og_url":"https:\/\/www.investincotedazur.com\/en\/the-observalp-project-enhances-cross-border-cooperation-under-the-auspices-of-the-european-alcotra-program\/","og_site_name":"Invest in C\u00f4te d&#039;Azur","article_published_time":"2023-07-28T08:58:58+00:00","article_modified_time":"2023-07-28T09:13:04+00:00","og_image":[{"width":700,"height":700,"url":"https:\/\/www.investincotedazur.com\/wp-content\/uploads\/2023\/07\/Publications-TCA-2023-07-28T104119.121.png","type":"image\/png"}],"author":"Jose Perez Gabarron","twitter_card":"summary_large_image","twitter_creator":"@Investcotedazur","twitter_site":"@Investcotedazur","twitter_misc":{"Written by":"Jose Perez Gabarron","Est. reading time":"3 minutes"},"schema":{"@context":"https:\/\/schema.org","@graph":[{"@type":"Article","@id":"https:\/\/www.investincotedazur.com\/en\/the-observalp-project-enhances-cross-border-cooperation-under-the-auspices-of-the-european-alcotra-program\/#article","isPartOf":{"@id":"https:\/\/www.investincotedazur.com\/en\/the-observalp-project-enhances-cross-border-cooperation-under-the-auspices-of-the-european-alcotra-program\/"},"author":{"name":"Jose Perez Gabarron","@id":"https:\/\/www.investincotedazur.com\/en\/#\/schema\/person\/ebbeede4229d29e0861488f2bd1036d9"},"headline":"The Observ&#8217;Alp project enhances cross-border cooperation under the auspices of the European Alcotra program","datePublished":"2023-07-28T08:58:58+00:00","dateModified":"2023-07-28T09:13:04+00:00","mainEntityOfPage":{"@id":"https:\/\/www.investincotedazur.com\/en\/the-observalp-project-enhances-cross-border-cooperation-under-the-auspices-of-the-european-alcotra-program\/"},"wordCount":452,"publisher":{"@id":"https:\/\/www.investincotedazur.com\/en\/#organization"},"articleSection":["Innovation","International","IT","Nice C\u00f4te d'Azur Metropolis","Quality of Life"],"inLanguage":"en-US"},{"@type":"WebPage","@id":"https:\/\/www.investincotedazur.com\/en\/the-observalp-project-enhances-cross-border-cooperation-under-the-auspices-of-the-european-alcotra-program\/","url":"https:\/\/www.investincotedazur.com\/en\/the-observalp-project-enhances-cross-border-cooperation-under-the-auspices-of-the-european-alcotra-program\/","name":"Observ'Alp: Cross-border initiative of the European Alcotra program - Invest in C\u00f4te d&#039;Azur","isPartOf":{"@id":"https:\/\/www.investincotedazur.com\/en\/#website"},"datePublished":"2023-07-28T08:58:58+00:00","dateModified":"2023-07-28T09:13:04+00:00","description":"The Observ'Alp project, a Franco-Italian initiative supported by the European program ALCOTRA, emphasizes the significance of cross-border cooperation.","inLanguage":"en-US","potentialAction":[{"@type":"ReadAction","target":["https:\/\/www.investincotedazur.com\/en\/the-observalp-project-enhances-cross-border-cooperation-under-the-auspices-of-the-european-alcotra-program\/"]}]},{"@type":"WebSite","@id":"https:\/\/www.investincotedazur.com\/en\/#website","url":"https:\/\/www.investincotedazur.com\/en\/","name":"Invest in C\u00f4te d'Azur","description":"","publisher":{"@id":"https:\/\/www.investincotedazur.com\/en\/#organization"},"alternateName":"Invest in C\u00f4te d'Azur","potentialAction":[{"@type":"SearchAction","target":{"@type":"EntryPoint","urlTemplate":"https:\/\/www.investincotedazur.com\/en\/?s={search_term_string}"},"query-input":"required name=search_term_string"}],"inLanguage":"en-US"},{"@type":"Organization","@id":"https:\/\/www.investincotedazur.com\/en\/#organization","name":"Invest in C\u00f4te d'Azur","alternateName":"Invest in C\u00f4te d'Azur","url":"https:\/\/www.investincotedazur.com\/en\/","logo":{"@type":"ImageObject","inLanguage":"en-US","@id":"https:\/\/www.investincotedazur.com\/en\/#\/schema\/logo\/image\/","url":"https:\/\/www.investincotedazur.com\/wp-content\/uploads\/2023\/05\/cropped-New-missions-3.png","contentUrl":"https:\/\/www.investincotedazur.com\/wp-content\/uploads\/2023\/05\/cropped-New-missions-3.png","width":512,"height":512,"caption":"Invest in C\u00f4te d'Azur"},"image":{"@id":"https:\/\/www.investincotedazur.com\/en\/#\/schema\/logo\/image\/"},"sameAs":["https:\/\/www.linkedin.com\/company\/investincotedazur\/","https:\/\/twitter.com\/Investcotedazur"]},{"@type":"Person","@id":"https:\/\/www.investincotedazur.com\/en\/#\/schema\/person\/ebbeede4229d29e0861488f2bd1036d9","name":"Jose Perez Gabarron","image":{"@type":"ImageObject","inLanguage":"en-US","@id":"https:\/\/www.investincotedazur.com\/en\/#\/schema\/person\/image\/","url":"https:\/\/secure.gravatar.com\/avatar\/20ec9e74f48620b8ee4253da6b114950?s=96&d=mm&r=g","contentUrl":"https:\/\/secure.gravatar.com\/avatar\/20ec9e74f48620b8ee4253da6b114950?s=96&d=mm&r=g","caption":"Jose Perez Gabarron"}}]}},"_links":{"self":[{"href":"https:\/\/www.investincotedazur.com\/en\/wp-json\/wp\/v2\/posts\/16659"}],"collection":[{"href":"https:\/\/www.investincotedazur.com\/en\/wp-json\/wp\/v2\/posts"}],"about":[{"href":"https:\/\/www.investincotedazur.com\/en\/wp-json\/wp\/v2\/types\/post"}],"author":[{"embeddable":true,"href":"https:\/\/www.investincotedazur.com\/en\/wp-json\/wp\/v2\/users\/14"}],"replies":[{"embeddable":true,"href":"https:\/\/www.investincotedazur.com\/en\/wp-json\/wp\/v2\/comments?post=16659"}],"version-history":[{"count":2,"href":"https:\/\/www.investincotedazur.com\/en\/wp-json\/wp\/v2\/posts\/16659\/revisions"}],"predecessor-version":[{"id":16661,"href":"https:\/\/www.investincotedazur.com\/en\/wp-json\/wp\/v2\/posts\/16659\/revisions\/16661"}],"wp:featuredmedia":[{"embeddable":true,"href":"https:\/\/www.investincotedazur.com\/en\/wp-json\/wp\/v2\/media\/16656"}],"wp:attachment":[{"href":"https:\/\/www.investincotedazur.com\/en\/wp-json\/wp\/v2\/media?parent=16659"}],"wp:term":[{"taxonomy":"category","embeddable":true,"href":"https:\/\/www.investincotedazur.com\/en\/wp-json\/wp\/v2\/categories?post=16659"},{"taxonomy":"post_tag","embeddable":true,"href":"https:\/\/www.investincotedazur.com\/en\/wp-json\/wp\/v2\/tags?post=16659"}],"curies":[{"name":"wp","href":"https:\/\/api.w.org\/{rel}","templated":true}]}}