{"id":16021,"date":"2023-06-11T00:38:52","date_gmt":"2023-06-10T22:38:52","guid":{"rendered":"https:\/\/www.investincotedazur.com\/?p=16021"},"modified":"2023-06-11T00:44:04","modified_gmt":"2023-06-10T22:44:04","slug":"the-esplanade-and-bus-station-of-the-cagnes-sur-mer-multimodal-exchange-hub-were-officially-inaugurated","status":"publish","type":"post","link":"https:\/\/www.investincotedazur.com\/en\/the-esplanade-and-bus-station-of-the-cagnes-sur-mer-multimodal-exchange-hub-were-officially-inaugurated\/","title":{"rendered":"The esplanade and bus station of the Cagnes-sur-Mer Multimodal Exchange Hub were officially inaugurated"},"content":{"rendered":"\n<div class=\"wp-container-3 wp-block-columns\">\n<div class=\"wp-container-1 wp-block-column\" style=\"flex-basis:33.33%\">\n<figure class=\"wp-block-image size-full\"><img width=\"700\" height=\"700\" src=\"https:\/\/www.investincotedazur.com\/wp-content\/uploads\/2023\/06\/Publications-TCA-2023-06-11T003141.860.png\" alt=\"\" class=\"wp-image-16018\" srcset=\"https:\/\/www.investincotedazur.com\/wp-content\/uploads\/2023\/06\/Publications-TCA-2023-06-11T003141.860.png 700w, https:\/\/www.investincotedazur.com\/wp-content\/uploads\/2023\/06\/Publications-TCA-2023-06-11T003141.860-300x300.png 300w, https:\/\/www.investincotedazur.com\/wp-content\/uploads\/2023\/06\/Publications-TCA-2023-06-11T003141.860-150x150.png 150w\" sizes=\"(max-width: 700px) 100vw, 700px\" \/><\/figure>\n<\/div>\n\n\n\n<div class=\"wp-container-2 wp-block-column\" style=\"flex-basis:66.66%\">\n<p class=\"has-medium-font-size\">The first phase of the Cagnes-sur-Mer Multimodal Exchange Hub (PEM) was successfully concluded with the inauguration of the esplanade and bus station on June 8, 2023. This event marks a significant milestone in the realization of this ambitious project, which was launched in 2019, and whose park-and-ride facility was inaugurated in September 2022.<\/p>\n\n\n\n<p class=\"has-medium-font-size\">The esplanade, a key area of this Multimodal Exchange Hub (PEM), covers an area of 2000 m2 and is designed as a focal point for various modes of transportation to converge. Furthermore, it serves as a relaxation area with the planting of over 100 trees and 1,600 shrubs, transforming this space into a pleasant living area for residents and visitors alike.<\/p>\n<\/div>\n<\/div>\n\n\n\n<p class=\"has-medium-font-size\">The bus station, equipped with seven platforms, serves as a major hub for mobility, accommodating eight bus lines, including three urban lines, four interurban lines, and one regional line.<\/p>\n\n\n\n<p class=\"has-medium-font-size\">The park-and-ride facility, open to the public since August 2022, offers 280 parking spaces across nine levels, including two underground levels. It is also equipped with 27 electric vehicle charging stations.<\/p>\n\n\n\n<figure class=\"wp-block-embed is-type-rich is-provider-twitter wp-block-embed-twitter\"><div class=\"wp-block-embed__wrapper\">\n<blockquote class=\"twitter-tweet\" data-width=\"550\" data-dnt=\"true\"><p lang=\"fr\" dir=\"ltr\">\ud83c\udf8a Embarquez d\u00e8s aujourd\u2019hui pour une visite du nouveau P\u00f4le d\u2019\u00c9changes multimodal de <a href=\"https:\/\/twitter.com\/VilledeCagnes?ref_src=twsrc%5Etfw\">@villedecagnes<\/a> \ud83d\udc47<a href=\"https:\/\/twitter.com\/hashtag\/NiceCotedAzur?src=hash&amp;ref_src=twsrc%5Etfw\">#NiceCotedAzur<\/a> <a href=\"https:\/\/t.co\/O5UlRx8SUZ\">pic.twitter.com\/O5UlRx8SUZ<\/a><\/p>&mdash; M\u00e9tropole Nice C\u00f4te d&#39;Azur (@MetropoleNCA) <a href=\"https:\/\/twitter.com\/MetropoleNCA\/status\/1666817955748020227?ref_src=twsrc%5Etfw\">June 8, 2023<\/a><\/blockquote><script async src=\"https:\/\/platform.twitter.com\/widgets.js\" charset=\"utf-8\"><\/script>\n<\/div><\/figure>\n\n\n\n<p class=\"has-medium-font-size\">During his speech, the President of the Nice C\u00f4te d&#8217;Azur Metropolis, Christian Estrosi, emphasized the importance of this infrastructure in anticipation of the arrival of the L4 tramway, with the nearest station being just a 240m walk away.<\/p>\n\n\n\n<p class=\"has-medium-font-size\">The Cagnes-sur-Mer Multimodal Exchange Hub is a concrete example of reconciling the use of different modes of transportation and adopting a balanced approach to mobility. These new infrastructures are not only an asset for local mobility but also for the quality of life of residents and the respect for the environment.<\/p>\n\n\n\n<div style=\"height:100px\" aria-hidden=\"true\" class=\"wp-block-spacer\"><\/div>\n\n\n\n<hr class=\"wp-block-separator has-text-color has-vivid-cyan-blue-color has-alpha-channel-opacity has-vivid-cyan-blue-background-color has-background\"\/>\n\n\n\n<h2 class=\"has-vivid-cyan-blue-color has-text-color\">Projects Nice C\u00f4te d&#8217;Azur<\/h2>\n\n\n\n<div style=\"height:20px\" aria-hidden=\"true\" class=\"wp-block-spacer\"><\/div>\n\n\n<ul class=\"wp-block-latest-posts__list is-grid columns-2 wp-block-latest-posts\"><li><div class=\"wp-block-latest-posts__featured-image alignleft\"><img width=\"150\" height=\"150\" src=\"https:\/\/www.investincotedazur.com\/wp-content\/uploads\/2026\/04\/investincotedazur-2026-04-16T170826.346-150x150.png\" class=\"attachment-thumbnail size-thumbnail wp-post-image\" alt=\"extension t2 nice\" style=\"max-width:50px;max-height:50px;\" loading=\"lazy\" srcset=\"https:\/\/www.investincotedazur.com\/wp-content\/uploads\/2026\/04\/investincotedazur-2026-04-16T170826.346-150x150.png 150w, https:\/\/www.investincotedazur.com\/wp-content\/uploads\/2026\/04\/investincotedazur-2026-04-16T170826.346-700x700.png 700w\" sizes=\"(max-width: 150px) 100vw, 150px\" \/><\/div><a class=\"wp-block-latest-posts__post-title\" href=\"https:\/\/www.investincotedazur.com\/en\/nice-cote-dazur-airport-terminal-2-extension-23000-sq-m-and-capacity-increased-to-18-million-passengers\/\">Nice C\u00f4te d\u2019Azur Airport Terminal 2 extension: 23,000 sq m and capacity increased to 18 million passengers<\/a><\/li>\n<li><div class=\"wp-block-latest-posts__featured-image alignleft\"><img width=\"150\" height=\"150\" src=\"https:\/\/www.investincotedazur.com\/wp-content\/uploads\/2024\/03\/mipim-2026-150x150.png\" class=\"attachment-thumbnail size-thumbnail wp-post-image\" alt=\"mipim 2026\" style=\"max-width:50px;max-height:50px;\" loading=\"lazy\" srcset=\"https:\/\/www.investincotedazur.com\/wp-content\/uploads\/2024\/03\/mipim-2026-150x150.png 150w, https:\/\/www.investincotedazur.com\/wp-content\/uploads\/2024\/03\/mipim-2026-700x700.png 700w\" sizes=\"(max-width: 150px) 100vw, 150px\" \/><\/div><a class=\"wp-block-latest-posts__post-title\" href=\"https:\/\/www.investincotedazur.com\/en\/mipim-nice-cote-dazur\/\">MIPIM 2026: Axelle Xerri to Represent Team Nice C\u00f4te d&#8217;Azur<\/a><\/li>\n<li><div class=\"wp-block-latest-posts__featured-image alignleft\"><img width=\"150\" height=\"150\" src=\"https:\/\/www.investincotedazur.com\/wp-content\/uploads\/2026\/01\/nice-5eme-ville-de-france-150x150.jpg\" class=\"attachment-thumbnail size-thumbnail wp-post-image\" alt=\"nice 5eme ville de france\" style=\"max-width:50px;max-height:50px;\" loading=\"lazy\" srcset=\"https:\/\/www.investincotedazur.com\/wp-content\/uploads\/2026\/01\/nice-5eme-ville-de-france-150x150.jpg 150w, https:\/\/www.investincotedazur.com\/wp-content\/uploads\/2026\/01\/nice-5eme-ville-de-france-300x300.jpg 300w, https:\/\/www.investincotedazur.com\/wp-content\/uploads\/2026\/01\/nice-5eme-ville-de-france.jpg 700w\" sizes=\"(max-width: 150px) 100vw, 150px\" \/><\/div><a class=\"wp-block-latest-posts__post-title\" href=\"https:\/\/www.investincotedazur.com\/en\/nice-5th-largest-city-in-france-by-population\/\">Nice, 5th largest city in France by population<\/a><\/li>\n<li><div class=\"wp-block-latest-posts__featured-image alignleft\"><img width=\"150\" height=\"150\" src=\"https:\/\/www.investincotedazur.com\/wp-content\/uploads\/2026\/01\/financement-feder-promenade-du-paillon-150x150.jpg\" class=\"attachment-thumbnail size-thumbnail wp-post-image\" alt=\"financement-feder-promenade-du-paillon\" style=\"max-width:50px;max-height:50px;\" loading=\"lazy\" srcset=\"https:\/\/www.investincotedazur.com\/wp-content\/uploads\/2026\/01\/financement-feder-promenade-du-paillon-150x150.jpg 150w, https:\/\/www.investincotedazur.com\/wp-content\/uploads\/2026\/01\/financement-feder-promenade-du-paillon-300x300.jpg 300w, https:\/\/www.investincotedazur.com\/wp-content\/uploads\/2026\/01\/financement-feder-promenade-du-paillon.jpg 700w\" sizes=\"(max-width: 150px) 100vw, 150px\" \/><\/div><a class=\"wp-block-latest-posts__post-title\" href=\"https:\/\/www.investincotedazur.com\/en\/extension-of-the-promenade-du-paillon-the-european-union-awards-e11-6-million-via-the-erdf\/\">Extension of the Promenade du Paillon: the European Union awards \u20ac11.6 million via the ERDF<\/a><\/li>\n<li><div class=\"wp-block-latest-posts__featured-image alignleft\"><img width=\"150\" height=\"150\" src=\"https:\/\/www.investincotedazur.com\/wp-content\/uploads\/2025\/10\/investincotedazur-2025-10-20T140715.642-150x150.jpg\" class=\"attachment-thumbnail size-thumbnail wp-post-image\" alt=\"promenade du paillon nice\" style=\"max-width:50px;max-height:50px;\" loading=\"lazy\" srcset=\"https:\/\/www.investincotedazur.com\/wp-content\/uploads\/2025\/10\/investincotedazur-2025-10-20T140715.642-150x150.jpg 150w, https:\/\/www.investincotedazur.com\/wp-content\/uploads\/2025\/10\/investincotedazur-2025-10-20T140715.642-300x300.jpg 300w, https:\/\/www.investincotedazur.com\/wp-content\/uploads\/2025\/10\/investincotedazur-2025-10-20T140715.642.jpg 700w\" sizes=\"(max-width: 150px) 100vw, 150px\" \/><\/div><a class=\"wp-block-latest-posts__post-title\" href=\"https:\/\/www.investincotedazur.com\/en\/promenade-du-paillon-8-additional-hectares-of-green-space-opened-in-nice\/\">Promenade du Paillon: 8 Additional Hectares of Green Space Opened in Nice<\/a><\/li>\n<li><div class=\"wp-block-latest-posts__featured-image alignleft\"><img width=\"150\" height=\"150\" src=\"https:\/\/www.investincotedazur.com\/wp-content\/uploads\/2025\/07\/de-labaca-bpmed-150x150.jpg\" class=\"attachment-thumbnail size-thumbnail wp-post-image\" alt=\"de labaca bpmed\" style=\"max-width:50px;max-height:50px;\" loading=\"lazy\" srcset=\"https:\/\/www.investincotedazur.com\/wp-content\/uploads\/2025\/07\/de-labaca-bpmed-150x150.jpg 150w, https:\/\/www.investincotedazur.com\/wp-content\/uploads\/2025\/07\/de-labaca-bpmed-300x300.jpg 300w, https:\/\/www.investincotedazur.com\/wp-content\/uploads\/2025\/07\/de-labaca-bpmed.jpg 700w\" sizes=\"(max-width: 150px) 100vw, 150px\" \/><\/div><a class=\"wp-block-latest-posts__post-title\" href=\"https:\/\/www.investincotedazur.com\/en\/banque-populaire-mediterranee-to-renovate-its-headquarters-in-nice-arenas\/\">Banque Populaire M\u00e9diterran\u00e9e to Renovate Its Headquarters in Nice Ar\u00e9nas<\/a><\/li>\n<\/ul>","protected":false},"excerpt":{"rendered":"<p>The first phase of the Cagnes-sur-Mer Multimodal Exchange Hub (PEM) was successfully concluded with the inauguration of the esplanade and bus station on June 8, 2023. This event marks a significant milestone in the realization of this ambitious project, which was launched in 2019, and whose park-and-ride facility was inaugurated in September 2022. The esplanade, [&hellip;]<\/p>\n","protected":false},"author":14,"featured_media":16019,"comment_status":"closed","ping_status":"closed","sticky":false,"template":"","format":"standard","meta":{"_mi_skip_tracking":false,"_monsterinsights_sitenote_active":false,"_monsterinsights_sitenote_note":"","_monsterinsights_sitenote_category":0},"categories":[152,92,102],"tags":[],"acf":[],"yoast_head":"<!-- This site is optimized with the Yoast SEO plugin v19.12 - https:\/\/yoast.com\/wordpress\/plugins\/seo\/ -->\n<title>Cagnes-sur-Mer Multimodal Exchange Hub: Inauguration of the Esplanade and Bus Station - Invest in C\u00f4te d&#039;Azur<\/title>\n<meta name=\"description\" content=\"The Cagnes-sur-Mer Multimodal Exchange Hub (PEM) reaches a crucial milestone with the inauguration of the bus station and the esplanade.\" \/>\n<meta name=\"robots\" content=\"index, follow, max-snippet:-1, max-image-preview:large, max-video-preview:-1\" \/>\n<link rel=\"canonical\" href=\"https:\/\/www.investincotedazur.com\/en\/the-esplanade-and-bus-station-of-the-cagnes-sur-mer-multimodal-exchange-hub-were-officially-inaugurated\/\" \/>\n<meta property=\"og:locale\" content=\"en_US\" \/>\n<meta property=\"og:type\" content=\"article\" \/>\n<meta property=\"og:title\" content=\"Cagnes-sur-Mer Multimodal Exchange Hub: Inauguration of the Esplanade and Bus Station - Invest in C\u00f4te d&#039;Azur\" \/>\n<meta property=\"og:description\" content=\"The Cagnes-sur-Mer Multimodal Exchange Hub (PEM) reaches a crucial milestone with the inauguration of the bus station and the esplanade.\" \/>\n<meta property=\"og:url\" content=\"https:\/\/www.investincotedazur.com\/en\/the-esplanade-and-bus-station-of-the-cagnes-sur-mer-multimodal-exchange-hub-were-officially-inaugurated\/\" \/>\n<meta property=\"og:site_name\" content=\"Invest in C\u00f4te d&#039;Azur\" \/>\n<meta property=\"article:published_time\" content=\"2023-06-10T22:38:52+00:00\" \/>\n<meta property=\"article:modified_time\" content=\"2023-06-10T22:44:04+00:00\" \/>\n<meta property=\"og:image\" content=\"https:\/\/www.investincotedazur.com\/wp-content\/uploads\/2023\/06\/Publications-TCA-2023-06-11T003141.860.png\" \/>\n\t<meta property=\"og:image:width\" content=\"700\" \/>\n\t<meta property=\"og:image:height\" content=\"700\" \/>\n\t<meta property=\"og:image:type\" content=\"image\/png\" \/>\n<meta name=\"author\" content=\"Jose Perez Gabarron\" \/>\n<meta name=\"twitter:card\" content=\"summary_large_image\" \/>\n<meta name=\"twitter:creator\" content=\"@Investcotedazur\" \/>\n<meta name=\"twitter:site\" content=\"@Investcotedazur\" \/>\n<meta name=\"twitter:label1\" content=\"Written by\" \/>\n\t<meta name=\"twitter:data1\" content=\"Jose Perez Gabarron\" \/>\n\t<meta name=\"twitter:label2\" content=\"Est. reading time\" \/>\n\t<meta name=\"twitter:data2\" content=\"2 minutes\" \/>\n<script type=\"application\/ld+json\" class=\"yoast-schema-graph\">{\"@context\":\"https:\/\/schema.org\",\"@graph\":[{\"@type\":\"Article\",\"@id\":\"https:\/\/www.investincotedazur.com\/en\/the-esplanade-and-bus-station-of-the-cagnes-sur-mer-multimodal-exchange-hub-were-officially-inaugurated\/#article\",\"isPartOf\":{\"@id\":\"https:\/\/www.investincotedazur.com\/en\/the-esplanade-and-bus-station-of-the-cagnes-sur-mer-multimodal-exchange-hub-were-officially-inaugurated\/\"},\"author\":{\"name\":\"Jose Perez Gabarron\",\"@id\":\"https:\/\/www.investincotedazur.com\/en\/#\/schema\/person\/ebbeede4229d29e0861488f2bd1036d9\"},\"headline\":\"The esplanade and bus station of the Cagnes-sur-Mer Multimodal Exchange Hub were officially inaugurated\",\"datePublished\":\"2023-06-10T22:38:52+00:00\",\"dateModified\":\"2023-06-10T22:44:04+00:00\",\"mainEntityOfPage\":{\"@id\":\"https:\/\/www.investincotedazur.com\/en\/the-esplanade-and-bus-station-of-the-cagnes-sur-mer-multimodal-exchange-hub-were-officially-inaugurated\/\"},\"wordCount\":278,\"publisher\":{\"@id\":\"https:\/\/www.investincotedazur.com\/en\/#organization\"},\"articleSection\":[\"Connectivit\u00e9\",\"C\u00f4te d'Azur Planning\",\"Nice C\u00f4te d'Azur Metropolis\"],\"inLanguage\":\"en-US\"},{\"@type\":\"WebPage\",\"@id\":\"https:\/\/www.investincotedazur.com\/en\/the-esplanade-and-bus-station-of-the-cagnes-sur-mer-multimodal-exchange-hub-were-officially-inaugurated\/\",\"url\":\"https:\/\/www.investincotedazur.com\/en\/the-esplanade-and-bus-station-of-the-cagnes-sur-mer-multimodal-exchange-hub-were-officially-inaugurated\/\",\"name\":\"Cagnes-sur-Mer Multimodal Exchange Hub: Inauguration of the Esplanade and Bus Station - Invest in C\u00f4te d&#039;Azur\",\"isPartOf\":{\"@id\":\"https:\/\/www.investincotedazur.com\/en\/#website\"},\"datePublished\":\"2023-06-10T22:38:52+00:00\",\"dateModified\":\"2023-06-10T22:44:04+00:00\",\"description\":\"The Cagnes-sur-Mer Multimodal Exchange Hub (PEM) reaches a crucial milestone with the inauguration of the bus station and the esplanade.\",\"inLanguage\":\"en-US\",\"potentialAction\":[{\"@type\":\"ReadAction\",\"target\":[\"https:\/\/www.investincotedazur.com\/en\/the-esplanade-and-bus-station-of-the-cagnes-sur-mer-multimodal-exchange-hub-were-officially-inaugurated\/\"]}]},{\"@type\":\"WebSite\",\"@id\":\"https:\/\/www.investincotedazur.com\/en\/#website\",\"url\":\"https:\/\/www.investincotedazur.com\/en\/\",\"name\":\"Invest in C\u00f4te d'Azur\",\"description\":\"\",\"publisher\":{\"@id\":\"https:\/\/www.investincotedazur.com\/en\/#organization\"},\"alternateName\":\"Invest in C\u00f4te d'Azur\",\"potentialAction\":[{\"@type\":\"SearchAction\",\"target\":{\"@type\":\"EntryPoint\",\"urlTemplate\":\"https:\/\/www.investincotedazur.com\/en\/?s={search_term_string}\"},\"query-input\":\"required name=search_term_string\"}],\"inLanguage\":\"en-US\"},{\"@type\":\"Organization\",\"@id\":\"https:\/\/www.investincotedazur.com\/en\/#organization\",\"name\":\"Invest in C\u00f4te d'Azur\",\"alternateName\":\"Invest in C\u00f4te d'Azur\",\"url\":\"https:\/\/www.investincotedazur.com\/en\/\",\"logo\":{\"@type\":\"ImageObject\",\"inLanguage\":\"en-US\",\"@id\":\"https:\/\/www.investincotedazur.com\/en\/#\/schema\/logo\/image\/\",\"url\":\"https:\/\/www.investincotedazur.com\/wp-content\/uploads\/2023\/05\/cropped-New-missions-3.png\",\"contentUrl\":\"https:\/\/www.investincotedazur.com\/wp-content\/uploads\/2023\/05\/cropped-New-missions-3.png\",\"width\":512,\"height\":512,\"caption\":\"Invest in C\u00f4te d'Azur\"},\"image\":{\"@id\":\"https:\/\/www.investincotedazur.com\/en\/#\/schema\/logo\/image\/\"},\"sameAs\":[\"https:\/\/www.linkedin.com\/company\/investincotedazur\/\",\"https:\/\/twitter.com\/Investcotedazur\"]},{\"@type\":\"Person\",\"@id\":\"https:\/\/www.investincotedazur.com\/en\/#\/schema\/person\/ebbeede4229d29e0861488f2bd1036d9\",\"name\":\"Jose Perez Gabarron\",\"image\":{\"@type\":\"ImageObject\",\"inLanguage\":\"en-US\",\"@id\":\"https:\/\/www.investincotedazur.com\/en\/#\/schema\/person\/image\/\",\"url\":\"https:\/\/secure.gravatar.com\/avatar\/20ec9e74f48620b8ee4253da6b114950?s=96&d=mm&r=g\",\"contentUrl\":\"https:\/\/secure.gravatar.com\/avatar\/20ec9e74f48620b8ee4253da6b114950?s=96&d=mm&r=g\",\"caption\":\"Jose Perez Gabarron\"}}]}<\/script>\n<!-- \/ Yoast SEO plugin. -->","yoast_head_json":{"title":"Cagnes-sur-Mer Multimodal Exchange Hub: Inauguration of the Esplanade and Bus Station - Invest in C\u00f4te d&#039;Azur","description":"The Cagnes-sur-Mer Multimodal Exchange Hub (PEM) reaches a crucial milestone with the inauguration of the bus station and the esplanade.","robots":{"index":"index","follow":"follow","max-snippet":"max-snippet:-1","max-image-preview":"max-image-preview:large","max-video-preview":"max-video-preview:-1"},"canonical":"https:\/\/www.investincotedazur.com\/en\/the-esplanade-and-bus-station-of-the-cagnes-sur-mer-multimodal-exchange-hub-were-officially-inaugurated\/","og_locale":"en_US","og_type":"article","og_title":"Cagnes-sur-Mer Multimodal Exchange Hub: Inauguration of the Esplanade and Bus Station - Invest in C\u00f4te d&#039;Azur","og_description":"The Cagnes-sur-Mer Multimodal Exchange Hub (PEM) reaches a crucial milestone with the inauguration of the bus station and the esplanade.","og_url":"https:\/\/www.investincotedazur.com\/en\/the-esplanade-and-bus-station-of-the-cagnes-sur-mer-multimodal-exchange-hub-were-officially-inaugurated\/","og_site_name":"Invest in C\u00f4te d&#039;Azur","article_published_time":"2023-06-10T22:38:52+00:00","article_modified_time":"2023-06-10T22:44:04+00:00","og_image":[{"width":700,"height":700,"url":"https:\/\/www.investincotedazur.com\/wp-content\/uploads\/2023\/06\/Publications-TCA-2023-06-11T003141.860.png","type":"image\/png"}],"author":"Jose Perez Gabarron","twitter_card":"summary_large_image","twitter_creator":"@Investcotedazur","twitter_site":"@Investcotedazur","twitter_misc":{"Written by":"Jose Perez Gabarron","Est. reading time":"2 minutes"},"schema":{"@context":"https:\/\/schema.org","@graph":[{"@type":"Article","@id":"https:\/\/www.investincotedazur.com\/en\/the-esplanade-and-bus-station-of-the-cagnes-sur-mer-multimodal-exchange-hub-were-officially-inaugurated\/#article","isPartOf":{"@id":"https:\/\/www.investincotedazur.com\/en\/the-esplanade-and-bus-station-of-the-cagnes-sur-mer-multimodal-exchange-hub-were-officially-inaugurated\/"},"author":{"name":"Jose Perez Gabarron","@id":"https:\/\/www.investincotedazur.com\/en\/#\/schema\/person\/ebbeede4229d29e0861488f2bd1036d9"},"headline":"The esplanade and bus station of the Cagnes-sur-Mer Multimodal Exchange Hub were officially inaugurated","datePublished":"2023-06-10T22:38:52+00:00","dateModified":"2023-06-10T22:44:04+00:00","mainEntityOfPage":{"@id":"https:\/\/www.investincotedazur.com\/en\/the-esplanade-and-bus-station-of-the-cagnes-sur-mer-multimodal-exchange-hub-were-officially-inaugurated\/"},"wordCount":278,"publisher":{"@id":"https:\/\/www.investincotedazur.com\/en\/#organization"},"articleSection":["Connectivit\u00e9","C\u00f4te d'Azur Planning","Nice C\u00f4te d'Azur Metropolis"],"inLanguage":"en-US"},{"@type":"WebPage","@id":"https:\/\/www.investincotedazur.com\/en\/the-esplanade-and-bus-station-of-the-cagnes-sur-mer-multimodal-exchange-hub-were-officially-inaugurated\/","url":"https:\/\/www.investincotedazur.com\/en\/the-esplanade-and-bus-station-of-the-cagnes-sur-mer-multimodal-exchange-hub-were-officially-inaugurated\/","name":"Cagnes-sur-Mer Multimodal Exchange Hub: Inauguration of the Esplanade and Bus Station - Invest in C\u00f4te d&#039;Azur","isPartOf":{"@id":"https:\/\/www.investincotedazur.com\/en\/#website"},"datePublished":"2023-06-10T22:38:52+00:00","dateModified":"2023-06-10T22:44:04+00:00","description":"The Cagnes-sur-Mer Multimodal Exchange Hub (PEM) reaches a crucial milestone with the inauguration of the bus station and the esplanade.","inLanguage":"en-US","potentialAction":[{"@type":"ReadAction","target":["https:\/\/www.investincotedazur.com\/en\/the-esplanade-and-bus-station-of-the-cagnes-sur-mer-multimodal-exchange-hub-were-officially-inaugurated\/"]}]},{"@type":"WebSite","@id":"https:\/\/www.investincotedazur.com\/en\/#website","url":"https:\/\/www.investincotedazur.com\/en\/","name":"Invest in C\u00f4te d'Azur","description":"","publisher":{"@id":"https:\/\/www.investincotedazur.com\/en\/#organization"},"alternateName":"Invest in C\u00f4te d'Azur","potentialAction":[{"@type":"SearchAction","target":{"@type":"EntryPoint","urlTemplate":"https:\/\/www.investincotedazur.com\/en\/?s={search_term_string}"},"query-input":"required name=search_term_string"}],"inLanguage":"en-US"},{"@type":"Organization","@id":"https:\/\/www.investincotedazur.com\/en\/#organization","name":"Invest in C\u00f4te d'Azur","alternateName":"Invest in C\u00f4te d'Azur","url":"https:\/\/www.investincotedazur.com\/en\/","logo":{"@type":"ImageObject","inLanguage":"en-US","@id":"https:\/\/www.investincotedazur.com\/en\/#\/schema\/logo\/image\/","url":"https:\/\/www.investincotedazur.com\/wp-content\/uploads\/2023\/05\/cropped-New-missions-3.png","contentUrl":"https:\/\/www.investincotedazur.com\/wp-content\/uploads\/2023\/05\/cropped-New-missions-3.png","width":512,"height":512,"caption":"Invest in C\u00f4te d'Azur"},"image":{"@id":"https:\/\/www.investincotedazur.com\/en\/#\/schema\/logo\/image\/"},"sameAs":["https:\/\/www.linkedin.com\/company\/investincotedazur\/","https:\/\/twitter.com\/Investcotedazur"]},{"@type":"Person","@id":"https:\/\/www.investincotedazur.com\/en\/#\/schema\/person\/ebbeede4229d29e0861488f2bd1036d9","name":"Jose Perez Gabarron","image":{"@type":"ImageObject","inLanguage":"en-US","@id":"https:\/\/www.investincotedazur.com\/en\/#\/schema\/person\/image\/","url":"https:\/\/secure.gravatar.com\/avatar\/20ec9e74f48620b8ee4253da6b114950?s=96&d=mm&r=g","contentUrl":"https:\/\/secure.gravatar.com\/avatar\/20ec9e74f48620b8ee4253da6b114950?s=96&d=mm&r=g","caption":"Jose Perez Gabarron"}}]}},"_links":{"self":[{"href":"https:\/\/www.investincotedazur.com\/en\/wp-json\/wp\/v2\/posts\/16021"}],"collection":[{"href":"https:\/\/www.investincotedazur.com\/en\/wp-json\/wp\/v2\/posts"}],"about":[{"href":"https:\/\/www.investincotedazur.com\/en\/wp-json\/wp\/v2\/types\/post"}],"author":[{"embeddable":true,"href":"https:\/\/www.investincotedazur.com\/en\/wp-json\/wp\/v2\/users\/14"}],"replies":[{"embeddable":true,"href":"https:\/\/www.investincotedazur.com\/en\/wp-json\/wp\/v2\/comments?post=16021"}],"version-history":[{"count":2,"href":"https:\/\/www.investincotedazur.com\/en\/wp-json\/wp\/v2\/posts\/16021\/revisions"}],"predecessor-version":[{"id":16023,"href":"https:\/\/www.investincotedazur.com\/en\/wp-json\/wp\/v2\/posts\/16021\/revisions\/16023"}],"wp:featuredmedia":[{"embeddable":true,"href":"https:\/\/www.investincotedazur.com\/en\/wp-json\/wp\/v2\/media\/16019"}],"wp:attachment":[{"href":"https:\/\/www.investincotedazur.com\/en\/wp-json\/wp\/v2\/media?parent=16021"}],"wp:term":[{"taxonomy":"category","embeddable":true,"href":"https:\/\/www.investincotedazur.com\/en\/wp-json\/wp\/v2\/categories?post=16021"},{"taxonomy":"post_tag","embeddable":true,"href":"https:\/\/www.investincotedazur.com\/en\/wp-json\/wp\/v2\/tags?post=16021"}],"curies":[{"name":"wp","href":"https:\/\/api.w.org\/{rel}","templated":true}]}}