{"id":15557,"date":"2025-05-04T10:39:58","date_gmt":"2025-05-04T08:39:58","guid":{"rendered":"https:\/\/www.investincotedazur.com\/?p=15557"},"modified":"2025-05-08T01:01:32","modified_gmt":"2025-05-07T23:01:32","slug":"air-canada-is-reopening-the-seasonal-connection-between-nice-and-montreal-in-2023","status":"publish","type":"post","link":"https:\/\/www.investincotedazur.com\/en\/air-canada-is-reopening-the-seasonal-connection-between-nice-and-montreal-in-2023\/","title":{"rendered":"Air Canada to reopen Nice-Montreal seasonal service in 2025"},"content":{"rendered":"<div class=\"wp-block-image\">\n<figure class=\"aligncenter size-large is-resized\"><img src=\"https:\/\/www.investincotedazur.com\/wp-content\/uploads\/2023\/05\/Nice-Montreal-Air-Canada-1024x279.png\" alt=\"\" class=\"wp-image-15552\" width=\"802\" height=\"217\" srcset=\"https:\/\/www.investincotedazur.com\/wp-content\/uploads\/2023\/05\/Nice-Montreal-Air-Canada-300x82.png 300w, https:\/\/www.investincotedazur.com\/wp-content\/uploads\/2023\/05\/Nice-Montreal-Air-Canada-768x209.png 768w\" sizes=\"(max-width: 802px) 100vw, 802px\" \/><\/figure><\/div>\n<ul class=\"has-medium-font-size\"><li><a href=\"https:\/\/www.investincotedazur.com\/en\/air-canada-celebrates-10-years-of-nice-montreal-route\/\">After celebrating 10 years in Nice in 2024,<\/a> Air Canada re-launches Nice-Montreal route for the 2025 summer season<\/li><li>Since May 2, 2025, Air Canada has been operating its seasonal service between Nice C\u00f4te d&#8217;Azur airport and Montreal-Trudeau.<\/li><li>Up to five direct flights a week by Boeing 787-8 Dreamliner will be offered until October 24, 2025.<\/li><li>This link strengthens the connectivity of Nice C\u00f4te d&#8217;Azur and the Provence-Alpes-C\u00f4te d&#8217;Azur region with North America, via an intercontinental hub.<\/li><\/ul>\n\n<h2>A strategic direct link between the C\u00f4te d&#8217;Azur and Quebec<\/h2>\n\n<p>On May 2, 2025, Air Canada resumed its summer service between Nice and Montreal, adding a significant transatlantic frequency to Nice C\u00f4te d&#8217;Azur airport. Up to five weekly rotations are scheduled, ensuring a stable link between the two territories throughout the tourist and business season. This seasonal route is part of the airline&#8217;s summer program, which will run until October 24, 2025.  <\/p>\n\n<p>Flights are operated by a Boeing 787-8 Dreamliner, configured in three classes: Air Canada Signature, Economy Privilege and Economy. Departure from Nice is at 1.10pm, with arrival in Montreal at 4.35pm (local time). The return flight departs Montreal at 9.30pm, arriving in Nice at 10.55am the following day.  <\/p>\n\n<h2>A service focused on comfort and connectivity<\/h2>\n\n<p>On board, Air Canada offers differentiated service depending on the cabin selected. Signature class offers priority boarding, access to lounges, seats that can be converted into flat beds, and catering by Canadian chefs. Privilege Economy class offers more spacious seats and priority services. In Economy class, passengers enjoy individual multilingual entertainment and full meals.   <\/p>\n\n<p>Air Canada points out that the route also provides access, via the Montreal hub, to numerous Canadian and U.S. destinations, with U.S. preclearance at Trudeau airport.<\/p>\n\n<h2>A link that reflects a strategic commitment<\/h2>\n\n<p>In his press release, Jean-Fran\u00e7ois Raudin, Air Canada&#8217;s General Manager France, points out:<\/p>\n\n<blockquote class=\"wp-block-quote\"><p class=\"\">&#8220;We are delighted to resume our summer service between Nice and Montreal. This route perfectly illustrates our commitment to the French market and offers travelers a direct link between two dynamic and culturally rich regions. Whether visiting loved ones, discovering Canada or travelling on business, Air Canada is proud to offer superior service on board its transatlantic flights.&#8221;<\/p><\/blockquote>\n\n<p>Source : <a href=\"https:\/\/www.aircanada.com\/fr-fr\/vols-de-nice-vers-montreal-ca\" target=\"_blank\" rel=\"noreferrer noopener nofollow\">Air Canada<\/a>, <a href=\"https:\/\/www.air-journal.fr\/2025-05-02-air-canada-relance-sa-liaison-estivale-entre-nice-et-montreal-5262619.html\" target=\"_blank\" rel=\"noreferrer noopener nofollow\">Air Journal<\/a>, <a href=\"https:\/\/www.voyages-d-affaires.com\/air-canada-wi-fi-gratuit-montreal-nice-20250502.html\" target=\"_blank\" rel=\"noreferrer noopener nofollow\">Voyages d&#8217;Affaires<\/a><\/p>\n\n<div style=\"height:100px\" aria-hidden=\"true\" class=\"wp-block-spacer\"><\/div>\n\n<hr class=\"wp-block-separator has-text-color has-vivid-cyan-blue-color has-alpha-channel-opacity has-vivid-cyan-blue-background-color has-background\"\/>\n\n<h2 class=\"has-vivid-cyan-blue-color has-text-color\">Nice C\u00f4te d&#8217;Azur Connectivity<\/h2>\n\n<div style=\"height:29px\" aria-hidden=\"true\" class=\"wp-block-spacer\"><\/div>\n<ul class=\"wp-block-latest-posts__list is-grid columns-2 wp-block-latest-posts\"><li><div class=\"wp-block-latest-posts__featured-image alignleft\"><img width=\"150\" height=\"150\" src=\"https:\/\/www.investincotedazur.com\/wp-content\/uploads\/2026\/04\/Twin-Jet-vols-Nice-Olbia-et-Nice-Minorque-ete-2026-150x150.png\" class=\"attachment-thumbnail size-thumbnail wp-post-image\" alt=\"Twin Jet  vols Nice-Olbia et Nice-Minorque \u00e9t\u00e9 2026\" style=\"max-width:50px;\" loading=\"lazy\" srcset=\"https:\/\/www.investincotedazur.com\/wp-content\/uploads\/2026\/04\/Twin-Jet-vols-Nice-Olbia-et-Nice-Minorque-ete-2026-150x150.png 150w, https:\/\/www.investincotedazur.com\/wp-content\/uploads\/2026\/04\/Twin-Jet-vols-Nice-Olbia-et-Nice-Minorque-ete-2026-700x700.png 700w\" sizes=\"(max-width: 150px) 100vw, 150px\" \/><\/div><a class=\"wp-block-latest-posts__post-title\" href=\"https:\/\/www.investincotedazur.com\/en\/twin-jet-new-routes-nice-olbia-and-nice-menorca-summer-2026\/\">Twin Jet new routes Nice\u2013Olbia and Nice\u2013Menorca summer 2026<\/a><\/li>\n<li><div class=\"wp-block-latest-posts__featured-image alignleft\"><img width=\"150\" height=\"150\" src=\"https:\/\/www.investincotedazur.com\/wp-content\/uploads\/2026\/04\/investincotedazur-2026-04-16T170826.346-150x150.png\" class=\"attachment-thumbnail size-thumbnail wp-post-image\" alt=\"extension t2 nice\" style=\"max-width:50px;\" loading=\"lazy\" srcset=\"https:\/\/www.investincotedazur.com\/wp-content\/uploads\/2026\/04\/investincotedazur-2026-04-16T170826.346-150x150.png 150w, https:\/\/www.investincotedazur.com\/wp-content\/uploads\/2026\/04\/investincotedazur-2026-04-16T170826.346-700x700.png 700w\" sizes=\"(max-width: 150px) 100vw, 150px\" \/><\/div><a class=\"wp-block-latest-posts__post-title\" href=\"https:\/\/www.investincotedazur.com\/en\/nice-cote-dazur-airport-terminal-2-extension-23000-sq-m-and-capacity-increased-to-18-million-passengers\/\">Nice C\u00f4te d\u2019Azur Airport Terminal 2 extension: 23,000 sq m and capacity increased to 18 million passengers<\/a><\/li>\n<li><div class=\"wp-block-latest-posts__featured-image alignleft\"><img width=\"150\" height=\"150\" src=\"https:\/\/www.investincotedazur.com\/wp-content\/uploads\/2026\/03\/aeroport-nice-cote-dazur-ete-2026-reseau-150x150.jpg\" class=\"attachment-thumbnail size-thumbnail wp-post-image\" alt=\"a\u00e9roport nice c\u00f4te d\u2019azur \u00e9t\u00e9 2026 r\u00e9seau\" style=\"max-width:50px;\" loading=\"lazy\" srcset=\"https:\/\/www.investincotedazur.com\/wp-content\/uploads\/2026\/03\/aeroport-nice-cote-dazur-ete-2026-reseau-150x150.jpg 150w, https:\/\/www.investincotedazur.com\/wp-content\/uploads\/2026\/03\/aeroport-nice-cote-dazur-ete-2026-reseau-300x300.jpg 300w, https:\/\/www.investincotedazur.com\/wp-content\/uploads\/2026\/03\/aeroport-nice-cote-dazur-ete-2026-reseau.jpg 700w\" sizes=\"(max-width: 150px) 100vw, 150px\" \/><\/div><a class=\"wp-block-latest-posts__post-title\" href=\"https:\/\/www.investincotedazur.com\/en\/nice-cote-dazur-airport-summer-2026-a-record-network-of-130-destinations\/\">Nice C\u00f4te d\u2019Azur Airport summer 2026: a record network of 130 destinations<\/a><\/li>\n<li><div class=\"wp-block-latest-posts__featured-image alignleft\"><img width=\"150\" height=\"150\" src=\"https:\/\/www.investincotedazur.com\/wp-content\/uploads\/2026\/03\/nice-cork-2026-150x150.jpg\" class=\"attachment-thumbnail size-thumbnail wp-post-image\" alt=\"nice cork 2026\" style=\"max-width:50px;\" loading=\"lazy\" srcset=\"https:\/\/www.investincotedazur.com\/wp-content\/uploads\/2026\/03\/nice-cork-2026-150x150.jpg 150w, https:\/\/www.investincotedazur.com\/wp-content\/uploads\/2026\/03\/nice-cork-2026-300x300.jpg 300w, https:\/\/www.investincotedazur.com\/wp-content\/uploads\/2026\/03\/nice-cork-2026.jpg 700w\" sizes=\"(max-width: 150px) 100vw, 150px\" \/><\/div><a class=\"wp-block-latest-posts__post-title\" href=\"https:\/\/www.investincotedazur.com\/en\/cork-nice-direct-aer-lingus-service-from-may-2026\/\">Cork\u2013Nice: Direct Aer Lingus service from May 2026<\/a><\/li>\n<li><div class=\"wp-block-latest-posts__featured-image alignleft\"><img width=\"150\" height=\"150\" src=\"https:\/\/www.investincotedazur.com\/wp-content\/uploads\/2024\/01\/aeroport-cote-azur-2023-150x150.png\" class=\"attachment-thumbnail size-thumbnail wp-post-image\" alt=\"aeroport-cote-azur-2023\" style=\"max-width:50px;\" loading=\"lazy\" srcset=\"https:\/\/www.investincotedazur.com\/wp-content\/uploads\/2024\/01\/aeroport-cote-azur-2023-150x150.png 150w, https:\/\/www.investincotedazur.com\/wp-content\/uploads\/2024\/01\/aeroport-cote-azur-2023-300x300.png 300w, https:\/\/www.investincotedazur.com\/wp-content\/uploads\/2024\/01\/aeroport-cote-azur-2023.png 700w\" sizes=\"(max-width: 150px) 100vw, 150px\" \/><\/div><a class=\"wp-block-latest-posts__post-title\" href=\"https:\/\/www.investincotedazur.com\/en\/e2-8-billion-in-economic-impact-in-2024-for-nice-cote-dazur-and-cannes-mandelieu-airports\/\">\u20ac2.8 billion in economic impact in 2024 for Nice C\u00f4te d\u2019Azur and Cannes-Mandelieu Airports<\/a><\/li>\n<li><div class=\"wp-block-latest-posts__featured-image alignleft\"><img width=\"150\" height=\"150\" src=\"https:\/\/www.investincotedazur.com\/wp-content\/uploads\/2026\/01\/mobilite-arienne-decarbonee-150x150.png\" class=\"attachment-thumbnail size-thumbnail wp-post-image\" alt=\"mobilit\u00e9 arienne decarbonee\" style=\"max-width:50px;\" loading=\"lazy\" srcset=\"https:\/\/www.investincotedazur.com\/wp-content\/uploads\/2026\/01\/mobilite-arienne-decarbonee-150x150.png 150w, https:\/\/www.investincotedazur.com\/wp-content\/uploads\/2026\/01\/mobilite-arienne-decarbonee-700x700.png 700w\" sizes=\"(max-width: 150px) 100vw, 150px\" \/><\/div><a class=\"wp-block-latest-posts__post-title\" href=\"https:\/\/www.investincotedazur.com\/en\/the-cote-dazur-is-emerging-as-a-testing-ground-for-decarbonised-air-mobility\/\">The C\u00f4te d\u2019Azur is emerging as a testing ground for decarbonised air mobility<\/a><\/li>\n<li><div class=\"wp-block-latest-posts__featured-image alignleft\"><img width=\"150\" height=\"150\" src=\"https:\/\/www.investincotedazur.com\/wp-content\/uploads\/2026\/01\/washington-nice-french-riviera-nice-2026-150x150.jpg\" class=\"attachment-thumbnail size-thumbnail wp-post-image\" alt=\"washington nice french riviera nice 2026\" style=\"max-width:50px;\" loading=\"lazy\" srcset=\"https:\/\/www.investincotedazur.com\/wp-content\/uploads\/2026\/01\/washington-nice-french-riviera-nice-2026-150x150.jpg 150w, https:\/\/www.investincotedazur.com\/wp-content\/uploads\/2026\/01\/washington-nice-french-riviera-nice-2026-300x300.jpg 300w, https:\/\/www.investincotedazur.com\/wp-content\/uploads\/2026\/01\/washington-nice-french-riviera-nice-2026.jpg 700w\" sizes=\"(max-width: 150px) 100vw, 150px\" \/><\/div><a class=\"wp-block-latest-posts__post-title\" href=\"https:\/\/www.investincotedazur.com\/en\/united-airlines-washington-nice-2026\/\">United Airlines reactivates the Nice\u2013Washington route in summer 2026<\/a><\/li>\n<li><div class=\"wp-block-latest-posts__featured-image alignleft\"><img width=\"150\" height=\"150\" src=\"https:\/\/www.investincotedazur.com\/wp-content\/uploads\/2026\/01\/investincotedazur-2026-01-21T104349.359-150x150.jpg\" class=\"attachment-thumbnail size-thumbnail wp-post-image\" alt=\"barometre arthur loyd nice\" style=\"max-width:50px;\" loading=\"lazy\" srcset=\"https:\/\/www.investincotedazur.com\/wp-content\/uploads\/2026\/01\/investincotedazur-2026-01-21T104349.359-150x150.jpg 150w, https:\/\/www.investincotedazur.com\/wp-content\/uploads\/2026\/01\/investincotedazur-2026-01-21T104349.359-300x300.jpg 300w, https:\/\/www.investincotedazur.com\/wp-content\/uploads\/2026\/01\/investincotedazur-2026-01-21T104349.359.jpg 700w\" sizes=\"(max-width: 150px) 100vw, 150px\" \/><\/div><a class=\"wp-block-latest-posts__post-title\" href=\"https:\/\/www.investincotedazur.com\/en\/nice-cote-dazur-quality-of-life-arthur-loyd-2025\/\">Nice C\u00f4te d\u2019Azur: Second Place in Quality of Life Among Major French Metropolises in the 2025 Arthur Loyd Barometer<\/a><\/li>\n<\/ul>","protected":false},"excerpt":{"rendered":"<p>After celebrating 10 years in Nice in 2024, Air Canada re-launches Nice-Montreal route for the 2025 summer season Since May 2, 2025, Air Canada has been operating its seasonal service between Nice C\u00f4te d&#8217;Azur airport and Montreal-Trudeau. Up to five direct flights a week by Boeing 787-8 Dreamliner will be offered until October 24, 2025. [&hellip;]<\/p>\n","protected":false},"author":14,"featured_media":15553,"comment_status":"closed","ping_status":"open","sticky":false,"template":"","format":"standard","meta":{"_mi_skip_tracking":false,"_monsterinsights_sitenote_active":false,"_monsterinsights_sitenote_note":"","_monsterinsights_sitenote_category":0},"categories":[153,135,102,136],"tags":[],"acf":[],"yoast_head":"<!-- This site is optimized with the Yoast SEO plugin v19.12 - https:\/\/yoast.com\/wordpress\/plugins\/seo\/ -->\n<title>Nice-Montreal route resumed 2025 - Invest in C\u00f4te d&#039;Azur<\/title>\n<meta name=\"description\" content=\"Air Canada relaunches its direct seasonal service between Nice and Montreal for summer 2025. Flights run from May 2 to October 24, 2025.\" \/>\n<meta name=\"robots\" content=\"index, follow, max-snippet:-1, max-image-preview:large, max-video-preview:-1\" \/>\n<link rel=\"canonical\" href=\"https:\/\/www.investincotedazur.com\/en\/air-canada-is-reopening-the-seasonal-connection-between-nice-and-montreal-in-2023\/\" \/>\n<meta property=\"og:locale\" content=\"en_US\" \/>\n<meta property=\"og:type\" content=\"article\" \/>\n<meta property=\"og:title\" content=\"Nice-Montreal route resumed 2025 - Invest in C\u00f4te d&#039;Azur\" \/>\n<meta property=\"og:description\" content=\"Air Canada relaunches its direct seasonal service between Nice and Montreal for summer 2025. Flights run from May 2 to October 24, 2025.\" \/>\n<meta property=\"og:url\" content=\"https:\/\/www.investincotedazur.com\/en\/air-canada-is-reopening-the-seasonal-connection-between-nice-and-montreal-in-2023\/\" \/>\n<meta property=\"og:site_name\" content=\"Invest in C\u00f4te d&#039;Azur\" \/>\n<meta property=\"article:published_time\" content=\"2025-05-04T08:39:58+00:00\" \/>\n<meta property=\"article:modified_time\" content=\"2025-05-07T23:01:32+00:00\" \/>\n<meta property=\"og:image\" content=\"https:\/\/www.investincotedazur.com\/wp-content\/uploads\/2023\/05\/Nice-Montreal-Air-Canada.png\" \/>\n\t<meta property=\"og:image:width\" content=\"1100\" \/>\n\t<meta property=\"og:image:height\" content=\"300\" \/>\n\t<meta property=\"og:image:type\" content=\"image\/png\" \/>\n<meta name=\"author\" content=\"Jose Perez Gabarron\" \/>\n<meta name=\"twitter:card\" content=\"summary_large_image\" \/>\n<meta name=\"twitter:creator\" content=\"@Investcotedazur\" \/>\n<meta name=\"twitter:site\" content=\"@Investcotedazur\" \/>\n<meta name=\"twitter:label1\" content=\"Written by\" \/>\n\t<meta name=\"twitter:data1\" content=\"Jose Perez Gabarron\" \/>\n\t<meta name=\"twitter:label2\" content=\"Est. reading time\" \/>\n\t<meta name=\"twitter:data2\" content=\"2 minutes\" \/>\n<script type=\"application\/ld+json\" class=\"yoast-schema-graph\">{\"@context\":\"https:\/\/schema.org\",\"@graph\":[{\"@type\":\"Article\",\"@id\":\"https:\/\/www.investincotedazur.com\/en\/air-canada-is-reopening-the-seasonal-connection-between-nice-and-montreal-in-2023\/#article\",\"isPartOf\":{\"@id\":\"https:\/\/www.investincotedazur.com\/en\/air-canada-is-reopening-the-seasonal-connection-between-nice-and-montreal-in-2023\/\"},\"author\":{\"name\":\"Jose Perez Gabarron\",\"@id\":\"https:\/\/www.investincotedazur.com\/en\/#\/schema\/person\/ebbeede4229d29e0861488f2bd1036d9\"},\"headline\":\"Air Canada to reopen Nice-Montreal seasonal service in 2025\",\"datePublished\":\"2025-05-04T08:39:58+00:00\",\"dateModified\":\"2025-05-07T23:01:32+00:00\",\"mainEntityOfPage\":{\"@id\":\"https:\/\/www.investincotedazur.com\/en\/air-canada-is-reopening-the-seasonal-connection-between-nice-and-montreal-in-2023\/\"},\"wordCount\":378,\"publisher\":{\"@id\":\"https:\/\/www.investincotedazur.com\/en\/#organization\"},\"articleSection\":[\"Connectivity\",\"International\",\"Nice C\u00f4te d'Azur Metropolis\",\"Tourisme\"],\"inLanguage\":\"en-US\"},{\"@type\":\"WebPage\",\"@id\":\"https:\/\/www.investincotedazur.com\/en\/air-canada-is-reopening-the-seasonal-connection-between-nice-and-montreal-in-2023\/\",\"url\":\"https:\/\/www.investincotedazur.com\/en\/air-canada-is-reopening-the-seasonal-connection-between-nice-and-montreal-in-2023\/\",\"name\":\"Nice-Montreal route resumed 2025 - Invest in C\u00f4te d&#039;Azur\",\"isPartOf\":{\"@id\":\"https:\/\/www.investincotedazur.com\/en\/#website\"},\"datePublished\":\"2025-05-04T08:39:58+00:00\",\"dateModified\":\"2025-05-07T23:01:32+00:00\",\"description\":\"Air Canada relaunches its direct seasonal service between Nice and Montreal for summer 2025. Flights run from May 2 to October 24, 2025.\",\"inLanguage\":\"en-US\",\"potentialAction\":[{\"@type\":\"ReadAction\",\"target\":[\"https:\/\/www.investincotedazur.com\/en\/air-canada-is-reopening-the-seasonal-connection-between-nice-and-montreal-in-2023\/\"]}]},{\"@type\":\"WebSite\",\"@id\":\"https:\/\/www.investincotedazur.com\/en\/#website\",\"url\":\"https:\/\/www.investincotedazur.com\/en\/\",\"name\":\"Invest in C\u00f4te d'Azur\",\"description\":\"\",\"publisher\":{\"@id\":\"https:\/\/www.investincotedazur.com\/en\/#organization\"},\"alternateName\":\"Invest in C\u00f4te d'Azur\",\"potentialAction\":[{\"@type\":\"SearchAction\",\"target\":{\"@type\":\"EntryPoint\",\"urlTemplate\":\"https:\/\/www.investincotedazur.com\/en\/?s={search_term_string}\"},\"query-input\":\"required name=search_term_string\"}],\"inLanguage\":\"en-US\"},{\"@type\":\"Organization\",\"@id\":\"https:\/\/www.investincotedazur.com\/en\/#organization\",\"name\":\"Invest in C\u00f4te d'Azur\",\"alternateName\":\"Invest in C\u00f4te d'Azur\",\"url\":\"https:\/\/www.investincotedazur.com\/en\/\",\"logo\":{\"@type\":\"ImageObject\",\"inLanguage\":\"en-US\",\"@id\":\"https:\/\/www.investincotedazur.com\/en\/#\/schema\/logo\/image\/\",\"url\":\"https:\/\/www.investincotedazur.com\/wp-content\/uploads\/2023\/05\/cropped-New-missions-3.png\",\"contentUrl\":\"https:\/\/www.investincotedazur.com\/wp-content\/uploads\/2023\/05\/cropped-New-missions-3.png\",\"width\":512,\"height\":512,\"caption\":\"Invest in C\u00f4te d'Azur\"},\"image\":{\"@id\":\"https:\/\/www.investincotedazur.com\/en\/#\/schema\/logo\/image\/\"},\"sameAs\":[\"https:\/\/www.linkedin.com\/company\/investincotedazur\/\",\"https:\/\/twitter.com\/Investcotedazur\"]},{\"@type\":\"Person\",\"@id\":\"https:\/\/www.investincotedazur.com\/en\/#\/schema\/person\/ebbeede4229d29e0861488f2bd1036d9\",\"name\":\"Jose Perez Gabarron\",\"image\":{\"@type\":\"ImageObject\",\"inLanguage\":\"en-US\",\"@id\":\"https:\/\/www.investincotedazur.com\/en\/#\/schema\/person\/image\/\",\"url\":\"https:\/\/secure.gravatar.com\/avatar\/20ec9e74f48620b8ee4253da6b114950?s=96&d=mm&r=g\",\"contentUrl\":\"https:\/\/secure.gravatar.com\/avatar\/20ec9e74f48620b8ee4253da6b114950?s=96&d=mm&r=g\",\"caption\":\"Jose Perez Gabarron\"}}]}<\/script>\n<!-- \/ Yoast SEO plugin. -->","yoast_head_json":{"title":"Nice-Montreal route resumed 2025 - Invest in C\u00f4te d&#039;Azur","description":"Air Canada relaunches its direct seasonal service between Nice and Montreal for summer 2025. Flights run from May 2 to October 24, 2025.","robots":{"index":"index","follow":"follow","max-snippet":"max-snippet:-1","max-image-preview":"max-image-preview:large","max-video-preview":"max-video-preview:-1"},"canonical":"https:\/\/www.investincotedazur.com\/en\/air-canada-is-reopening-the-seasonal-connection-between-nice-and-montreal-in-2023\/","og_locale":"en_US","og_type":"article","og_title":"Nice-Montreal route resumed 2025 - Invest in C\u00f4te d&#039;Azur","og_description":"Air Canada relaunches its direct seasonal service between Nice and Montreal for summer 2025. Flights run from May 2 to October 24, 2025.","og_url":"https:\/\/www.investincotedazur.com\/en\/air-canada-is-reopening-the-seasonal-connection-between-nice-and-montreal-in-2023\/","og_site_name":"Invest in C\u00f4te d&#039;Azur","article_published_time":"2025-05-04T08:39:58+00:00","article_modified_time":"2025-05-07T23:01:32+00:00","og_image":[{"width":1100,"height":300,"url":"https:\/\/www.investincotedazur.com\/wp-content\/uploads\/2023\/05\/Nice-Montreal-Air-Canada.png","type":"image\/png"}],"author":"Jose Perez Gabarron","twitter_card":"summary_large_image","twitter_creator":"@Investcotedazur","twitter_site":"@Investcotedazur","twitter_misc":{"Written by":"Jose Perez Gabarron","Est. reading time":"2 minutes"},"schema":{"@context":"https:\/\/schema.org","@graph":[{"@type":"Article","@id":"https:\/\/www.investincotedazur.com\/en\/air-canada-is-reopening-the-seasonal-connection-between-nice-and-montreal-in-2023\/#article","isPartOf":{"@id":"https:\/\/www.investincotedazur.com\/en\/air-canada-is-reopening-the-seasonal-connection-between-nice-and-montreal-in-2023\/"},"author":{"name":"Jose Perez Gabarron","@id":"https:\/\/www.investincotedazur.com\/en\/#\/schema\/person\/ebbeede4229d29e0861488f2bd1036d9"},"headline":"Air Canada to reopen Nice-Montreal seasonal service in 2025","datePublished":"2025-05-04T08:39:58+00:00","dateModified":"2025-05-07T23:01:32+00:00","mainEntityOfPage":{"@id":"https:\/\/www.investincotedazur.com\/en\/air-canada-is-reopening-the-seasonal-connection-between-nice-and-montreal-in-2023\/"},"wordCount":378,"publisher":{"@id":"https:\/\/www.investincotedazur.com\/en\/#organization"},"articleSection":["Connectivity","International","Nice C\u00f4te d'Azur Metropolis","Tourisme"],"inLanguage":"en-US"},{"@type":"WebPage","@id":"https:\/\/www.investincotedazur.com\/en\/air-canada-is-reopening-the-seasonal-connection-between-nice-and-montreal-in-2023\/","url":"https:\/\/www.investincotedazur.com\/en\/air-canada-is-reopening-the-seasonal-connection-between-nice-and-montreal-in-2023\/","name":"Nice-Montreal route resumed 2025 - Invest in C\u00f4te d&#039;Azur","isPartOf":{"@id":"https:\/\/www.investincotedazur.com\/en\/#website"},"datePublished":"2025-05-04T08:39:58+00:00","dateModified":"2025-05-07T23:01:32+00:00","description":"Air Canada relaunches its direct seasonal service between Nice and Montreal for summer 2025. Flights run from May 2 to October 24, 2025.","inLanguage":"en-US","potentialAction":[{"@type":"ReadAction","target":["https:\/\/www.investincotedazur.com\/en\/air-canada-is-reopening-the-seasonal-connection-between-nice-and-montreal-in-2023\/"]}]},{"@type":"WebSite","@id":"https:\/\/www.investincotedazur.com\/en\/#website","url":"https:\/\/www.investincotedazur.com\/en\/","name":"Invest in C\u00f4te d'Azur","description":"","publisher":{"@id":"https:\/\/www.investincotedazur.com\/en\/#organization"},"alternateName":"Invest in C\u00f4te d'Azur","potentialAction":[{"@type":"SearchAction","target":{"@type":"EntryPoint","urlTemplate":"https:\/\/www.investincotedazur.com\/en\/?s={search_term_string}"},"query-input":"required name=search_term_string"}],"inLanguage":"en-US"},{"@type":"Organization","@id":"https:\/\/www.investincotedazur.com\/en\/#organization","name":"Invest in C\u00f4te d'Azur","alternateName":"Invest in C\u00f4te d'Azur","url":"https:\/\/www.investincotedazur.com\/en\/","logo":{"@type":"ImageObject","inLanguage":"en-US","@id":"https:\/\/www.investincotedazur.com\/en\/#\/schema\/logo\/image\/","url":"https:\/\/www.investincotedazur.com\/wp-content\/uploads\/2023\/05\/cropped-New-missions-3.png","contentUrl":"https:\/\/www.investincotedazur.com\/wp-content\/uploads\/2023\/05\/cropped-New-missions-3.png","width":512,"height":512,"caption":"Invest in C\u00f4te d'Azur"},"image":{"@id":"https:\/\/www.investincotedazur.com\/en\/#\/schema\/logo\/image\/"},"sameAs":["https:\/\/www.linkedin.com\/company\/investincotedazur\/","https:\/\/twitter.com\/Investcotedazur"]},{"@type":"Person","@id":"https:\/\/www.investincotedazur.com\/en\/#\/schema\/person\/ebbeede4229d29e0861488f2bd1036d9","name":"Jose Perez Gabarron","image":{"@type":"ImageObject","inLanguage":"en-US","@id":"https:\/\/www.investincotedazur.com\/en\/#\/schema\/person\/image\/","url":"https:\/\/secure.gravatar.com\/avatar\/20ec9e74f48620b8ee4253da6b114950?s=96&d=mm&r=g","contentUrl":"https:\/\/secure.gravatar.com\/avatar\/20ec9e74f48620b8ee4253da6b114950?s=96&d=mm&r=g","caption":"Jose Perez Gabarron"}}]}},"_links":{"self":[{"href":"https:\/\/www.investincotedazur.com\/en\/wp-json\/wp\/v2\/posts\/15557"}],"collection":[{"href":"https:\/\/www.investincotedazur.com\/en\/wp-json\/wp\/v2\/posts"}],"about":[{"href":"https:\/\/www.investincotedazur.com\/en\/wp-json\/wp\/v2\/types\/post"}],"author":[{"embeddable":true,"href":"https:\/\/www.investincotedazur.com\/en\/wp-json\/wp\/v2\/users\/14"}],"replies":[{"embeddable":true,"href":"https:\/\/www.investincotedazur.com\/en\/wp-json\/wp\/v2\/comments?post=15557"}],"version-history":[{"count":9,"href":"https:\/\/www.investincotedazur.com\/en\/wp-json\/wp\/v2\/posts\/15557\/revisions"}],"predecessor-version":[{"id":23098,"href":"https:\/\/www.investincotedazur.com\/en\/wp-json\/wp\/v2\/posts\/15557\/revisions\/23098"}],"wp:featuredmedia":[{"embeddable":true,"href":"https:\/\/www.investincotedazur.com\/en\/wp-json\/wp\/v2\/media\/15553"}],"wp:attachment":[{"href":"https:\/\/www.investincotedazur.com\/en\/wp-json\/wp\/v2\/media?parent=15557"}],"wp:term":[{"taxonomy":"category","embeddable":true,"href":"https:\/\/www.investincotedazur.com\/en\/wp-json\/wp\/v2\/categories?post=15557"},{"taxonomy":"post_tag","embeddable":true,"href":"https:\/\/www.investincotedazur.com\/en\/wp-json\/wp\/v2\/tags?post=15557"}],"curies":[{"name":"wp","href":"https:\/\/api.w.org\/{rel}","templated":true}]}}