{"id":15371,"date":"2023-04-28T15:37:42","date_gmt":"2023-04-28T13:37:42","guid":{"rendered":"https:\/\/www.investincotedazur.com\/?p=15371"},"modified":"2023-05-02T09:42:12","modified_gmt":"2023-05-02T07:42:12","slug":"nice-cote-dazur-metropolis-welcomes-luxembourgs-tech-industry","status":"publish","type":"post","link":"https:\/\/www.investincotedazur.com\/en\/nice-cote-dazur-metropolis-welcomes-luxembourgs-tech-industry\/","title":{"rendered":"Nice C\u00f4te d&#8217;Azur Metropolis welcomes Luxembourg&#8217;s tech industry"},"content":{"rendered":"\n<div class=\"wp-container-3 wp-block-columns\">\n<div class=\"wp-container-1 wp-block-column\" style=\"flex-basis:33.33%\">\n<figure class=\"wp-block-image size-large\"><img width=\"1024\" height=\"1024\" src=\"https:\/\/www.investincotedazur.com\/wp-content\/uploads\/2023\/04\/Copie-de-Copie-de-2023-Publications-TCA-1-1024x1024.png\" alt=\"\" class=\"wp-image-15368\" srcset=\"https:\/\/www.investincotedazur.com\/wp-content\/uploads\/2023\/04\/Copie-de-Copie-de-2023-Publications-TCA-1-1024x1024.png 1024w, https:\/\/www.investincotedazur.com\/wp-content\/uploads\/2023\/04\/Copie-de-Copie-de-2023-Publications-TCA-1-300x300.png 300w, https:\/\/www.investincotedazur.com\/wp-content\/uploads\/2023\/04\/Copie-de-Copie-de-2023-Publications-TCA-1-150x150.png 150w, https:\/\/www.investincotedazur.com\/wp-content\/uploads\/2023\/04\/Copie-de-Copie-de-2023-Publications-TCA-1-768x768.png 768w, https:\/\/www.investincotedazur.com\/wp-content\/uploads\/2023\/04\/Copie-de-Copie-de-2023-Publications-TCA-1-700x700.png 700w, https:\/\/www.investincotedazur.com\/wp-content\/uploads\/2023\/04\/Copie-de-Copie-de-2023-Publications-TCA-1.png 1080w\" sizes=\"(max-width: 1024px) 100vw, 1024px\" \/><\/figure>\n<\/div>\n\n\n\n<div class=\"wp-container-2 wp-block-column\" style=\"flex-basis:66.66%\">\n<p class=\"has-medium-font-size\">With the support of Team Nice C\u00f4te d&#8217;Azur, the Nice C\u00f4te d&#8217;Azur Metropolis is getting ready to welcome a delegation of digital entrepreneurs from Luxembourg on May 16th. <\/p>\n\n\n\n<p class=\"has-medium-font-size\">This economic mission, organized as part of the &#8220;Go International&#8221; initiative by the Luxembourg Chamber of Commerce, the Embassy of Luxembourg in France, and the Business Club France-Luxembourg, aims to promote exchanges between the two territories and their companies.<\/p>\n\n\n\n<p class=\"has-medium-font-size\">During this May 16th, 2023 visit, the delegation will have the opportunity to discover the economic strengths of the Nice C\u00f4te d&#8217;Azur Metropolis in the digital sector, as well as to meet with key local economic players and establish new partnerships.<\/p>\n<\/div>\n<\/div>\n\n\n\n<p class=\"has-medium-font-size\"><strong>The morning will begin with a visit to the European Center for Business and Innovation Nice C\u00f4te d&#8217;Azur (CEEI NCA)<\/strong>, created by the Nice C\u00f4te d&#8217;Azur Metropolis in 2008. As the first player in supporting innovative businesses on the French Riviera, the startup incubator and accelerator provides skill-based support to companies in order to optimize their success rate, and plays a driving role in the local entrepreneurial ecosystem through its numerous partnerships and events that it organizes. The CEEI NCA will be a privileged location to host this economic mission.<\/p>\n\n\n\n<p class=\"has-medium-font-size\"><strong>The event will continue with a round table discussion on the theme &#8220;Digital technology, a shared center of excellence with our neighbors.&#8221; <\/strong><\/p>\n\n\n\n<p class=\"has-medium-font-size\">This round table, moderated by Thomas Herlin, Chief Sales Officer at Vianeo, will bring together high-level speakers, such as: <\/p>\n\n\n\n<ul class=\"has-medium-font-size\"><li>Nice C\u00f4te d&#8217;Azur Metropolis, <\/li><li><a href=\"https:\/\/www.investincotedazur.com\/en\/centrale-mediterranee-in-nice-inauguration\/\">Centrale M\u00e9diterran\u00e9e, which has just inaugurated its new campus in Nice<\/a> (to be confirmed)<\/li><li>Corsica: Mr. Laurent Battistelli, Business France\/ADEC (Special Envoy for Corsica in Europe), <\/li><li>Monaco: Mr. Serge Robillard, Interministerial Delegation for Digital Transition<\/li><li>Luxembourg: Mr. David Foy, Luxinnovation (Head of International Business Development &#8211; Digital Economy). <\/li><\/ul>\n\n\n\n<p class=\"has-medium-font-size\">Finally, the morning will end with a networking session to promote exchanges between participants.<\/p>\n\n\n\n<p class=\"has-medium-font-size\">Thus, this May 16th, 2023 will be a unique opportunity for Luxembourgish companies to discover the economic strengths of the territory in the digital sector, to meet with key local economic players, and to establish new partnerships.<\/p>\n\n\n\n<div style=\"height:17px\" aria-hidden=\"true\" class=\"wp-block-spacer\"><\/div>\n\n\n\n<p class=\"has-pale-cyan-blue-background-color has-background\"><strong>Registration request for C\u00f4te d&#8217;Azur companies interested in participating with <a href=\"mailto:cdary@teamcotedazur.fr\">Cyril Dary.<\/a><\/strong><\/p>\n\n\n\n<div style=\"height:36px\" aria-hidden=\"true\" class=\"wp-block-spacer\"><\/div>\n\n\n\n<hr class=\"wp-block-separator has-text-color has-vivid-cyan-blue-color has-alpha-channel-opacity has-vivid-cyan-blue-background-color has-background\"\/>\n\n\n\n<h2 class=\"has-vivid-cyan-blue-color has-text-color\">IT Sector &#8211; Nice C\u00f4te d&#8217;Azur France<\/h2>\n\n\n\n<div style=\"height:19px\" aria-hidden=\"true\" class=\"wp-block-spacer\"><\/div>\n\n\n<ul class=\"wp-block-latest-posts__list is-grid columns-2 wp-block-latest-posts\"><li><div class=\"wp-block-latest-posts__featured-image alignleft\"><img width=\"150\" height=\"150\" src=\"https:\/\/www.investincotedazur.com\/wp-content\/uploads\/2026\/02\/fusion-firecelle-acceleran-levee-de-fonds-2026-150x150.jpg\" class=\"attachment-thumbnail size-thumbnail wp-post-image\" alt=\"fusion firecell acceleran lev\u00e9e de fonds 2026\" style=\"max-width:50px;\" loading=\"lazy\" srcset=\"https:\/\/www.investincotedazur.com\/wp-content\/uploads\/2026\/02\/fusion-firecelle-acceleran-levee-de-fonds-2026-150x150.jpg 150w, https:\/\/www.investincotedazur.com\/wp-content\/uploads\/2026\/02\/fusion-firecelle-acceleran-levee-de-fonds-2026-700x700.jpg 700w\" sizes=\"(max-width: 150px) 100vw, 150px\" \/><\/div><a class=\"wp-block-latest-posts__post-title\" href=\"https:\/\/www.investincotedazur.com\/en\/firecell-announces-a-e7-9-million-funding-round-and-merges-with-accelleran\/\">Firecell announces a \u20ac7.9 million funding round and merges with Accelleran<\/a><\/li>\n<li><div class=\"wp-block-latest-posts__featured-image alignleft\"><img width=\"150\" height=\"150\" src=\"https:\/\/www.investincotedazur.com\/wp-content\/uploads\/2026\/02\/investincotedazur-72-150x150.png\" class=\"attachment-thumbnail size-thumbnail wp-post-image\" alt=\"eam Nice C\u00f4te d\u2019Azur mobilized for an AI Business Tour and WAICF 2026\" style=\"max-width:50px;\" loading=\"lazy\" srcset=\"https:\/\/www.investincotedazur.com\/wp-content\/uploads\/2026\/02\/investincotedazur-72-150x150.png 150w, https:\/\/www.investincotedazur.com\/wp-content\/uploads\/2026\/02\/investincotedazur-72-700x700.png 700w\" sizes=\"(max-width: 150px) 100vw, 150px\" \/><\/div><a class=\"wp-block-latest-posts__post-title\" href=\"https:\/\/www.investincotedazur.com\/en\/team-nice-cote-dazur-showcases-ai-ecosystem-at-ai-business-tour-and-waicf-2026\/\">Artificial intelligence: Team Nice C\u00f4te d\u2019Azur mobilized for an AI Business Tour and WAICF 2026<\/a><\/li>\n<li><div class=\"wp-block-latest-posts__featured-image alignleft\"><img width=\"150\" height=\"150\" src=\"https:\/\/www.investincotedazur.com\/wp-content\/uploads\/2026\/01\/investincotedazur-68-150x150.png\" class=\"attachment-thumbnail size-thumbnail wp-post-image\" alt=\"\" style=\"max-width:50px;\" loading=\"lazy\" srcset=\"https:\/\/www.investincotedazur.com\/wp-content\/uploads\/2026\/01\/investincotedazur-68-150x150.png 150w, https:\/\/www.investincotedazur.com\/wp-content\/uploads\/2026\/01\/investincotedazur-68-700x700.png 700w\" sizes=\"(max-width: 150px) 100vw, 150px\" \/><\/div><a class=\"wp-block-latest-posts__post-title\" href=\"https:\/\/www.investincotedazur.com\/en\/team-nice-cote-dazur-takes-part-in-ai-big-data-expo-global-2026-in-london\/\">Team Nice C\u00f4te d\u2019Azur takes part in AI &amp; Big Data Expo Global 2026 in London<\/a><\/li>\n<li><div class=\"wp-block-latest-posts__featured-image alignleft\"><img width=\"150\" height=\"150\" src=\"https:\/\/www.investincotedazur.com\/wp-content\/uploads\/2026\/01\/investincotedazur-2026-01-12T122939.300-150x150.jpg\" class=\"attachment-thumbnail size-thumbnail wp-post-image\" alt=\"tradesource blockchain nice\" style=\"max-width:50px;\" loading=\"lazy\" srcset=\"https:\/\/www.investincotedazur.com\/wp-content\/uploads\/2026\/01\/investincotedazur-2026-01-12T122939.300-150x150.jpg 150w, https:\/\/www.investincotedazur.com\/wp-content\/uploads\/2026\/01\/investincotedazur-2026-01-12T122939.300-300x300.jpg 300w, https:\/\/www.investincotedazur.com\/wp-content\/uploads\/2026\/01\/investincotedazur-2026-01-12T122939.300.jpg 700w\" sizes=\"(max-width: 150px) 100vw, 150px\" \/><\/div><a class=\"wp-block-latest-posts__post-title\" href=\"https:\/\/www.investincotedazur.com\/en\/tradesource-deeptech-international-blockchain\/\">TradeSource (PGC): the Nice-based deeptech platform set to transform SMEs\u2019 international trade through blockchain<\/a><\/li>\n<li><div class=\"wp-block-latest-posts__featured-image alignleft\"><img width=\"150\" height=\"150\" src=\"https:\/\/www.investincotedazur.com\/wp-content\/uploads\/2025\/12\/kathrine-yanchenko-dataplain-nice-150x150.png\" class=\"attachment-thumbnail size-thumbnail wp-post-image\" alt=\"kathrine yanchenko dataplain nice\" style=\"max-width:50px;\" loading=\"lazy\" srcset=\"https:\/\/www.investincotedazur.com\/wp-content\/uploads\/2025\/12\/kathrine-yanchenko-dataplain-nice-150x150.png 150w, https:\/\/www.investincotedazur.com\/wp-content\/uploads\/2025\/12\/kathrine-yanchenko-dataplain-nice-700x700.png 700w\" sizes=\"(max-width: 150px) 100vw, 150px\" \/><\/div><a class=\"wp-block-latest-posts__post-title\" href=\"https:\/\/www.investincotedazur.com\/en\/dataplain-sets-up-in-nice-to-protect-smes-sensitive-data\/\">DataPlain sets up in Nice to protect SMEs\u2019 sensitive data<\/a><\/li>\n<li><div class=\"wp-block-latest-posts__featured-image alignleft\"><img width=\"150\" height=\"150\" src=\"https:\/\/www.investincotedazur.com\/wp-content\/uploads\/2025\/10\/investincotedazur-150x150.jpg\" class=\"attachment-thumbnail size-thumbnail wp-post-image\" alt=\"appli myhealthfrience\" style=\"max-width:50px;\" loading=\"lazy\" srcset=\"https:\/\/www.investincotedazur.com\/wp-content\/uploads\/2025\/10\/investincotedazur-150x150.jpg 150w, https:\/\/www.investincotedazur.com\/wp-content\/uploads\/2025\/10\/investincotedazur-700x700.jpg 700w\" sizes=\"(max-width: 150px) 100vw, 150px\" \/><\/div><a class=\"wp-block-latest-posts__post-title\" href=\"https:\/\/www.investincotedazur.com\/en\/myhealthfriend-a-franco-italian-app-for-preventive-health-and-well-being\/\">MyHealthFriend: a Franco-Italian app for preventive health and well-being<\/a><\/li>\n<li><div class=\"wp-block-latest-posts__featured-image alignleft\"><img width=\"150\" height=\"150\" src=\"https:\/\/www.investincotedazur.com\/wp-content\/uploads\/2024\/10\/Copie-de-investincotedazur-2025-09-17T111823.114-150x150.png\" class=\"attachment-thumbnail size-thumbnail wp-post-image\" alt=\"Big Data &amp; AI Paris 2025\" style=\"max-width:50px;\" loading=\"lazy\" srcset=\"https:\/\/www.investincotedazur.com\/wp-content\/uploads\/2024\/10\/Copie-de-investincotedazur-2025-09-17T111823.114-150x150.png 150w, https:\/\/www.investincotedazur.com\/wp-content\/uploads\/2024\/10\/Copie-de-investincotedazur-2025-09-17T111823.114-700x700.png 700w\" sizes=\"(max-width: 150px) 100vw, 150px\" \/><\/div><a class=\"wp-block-latest-posts__post-title\" href=\"https:\/\/www.investincotedazur.com\/en\/team-nice-cote-dazur-represents-the-nice-cote-dazur-metropolis-at-the-big-data-ai-2023-event\/\">Big Data &amp; AI Paris 2025: spotlight on Nice C\u00f4te d\u2019Azur\u2019s AI and big data ecosystem<\/a><\/li>\n<li><div class=\"wp-block-latest-posts__featured-image alignleft\"><img width=\"150\" height=\"150\" src=\"https:\/\/www.investincotedazur.com\/wp-content\/uploads\/2025\/09\/Copie-de-investincotedazur-2025-08-26T203820.163-150x150.png\" class=\"attachment-thumbnail size-thumbnail wp-post-image\" alt=\"\" style=\"max-width:50px;\" loading=\"lazy\" srcset=\"https:\/\/www.investincotedazur.com\/wp-content\/uploads\/2025\/09\/Copie-de-investincotedazur-2025-08-26T203820.163-150x150.png 150w, https:\/\/www.investincotedazur.com\/wp-content\/uploads\/2025\/09\/Copie-de-investincotedazur-2025-08-26T203820.163-700x700.png 700w\" sizes=\"(max-width: 150px) 100vw, 150px\" \/><\/div><a class=\"wp-block-latest-posts__post-title\" href=\"https:\/\/www.investincotedazur.com\/en\/the-nice-cote-dazur-metropolis-affirms-its-position-in-ai-at-the-ai-big-data-expo-2024\/\">AI in Nice C\u00f4te d\u2019Azur: Supporting Businesses and Investors<\/a><\/li>\n<li><div class=\"wp-block-latest-posts__featured-image alignleft\"><img width=\"150\" height=\"150\" src=\"https:\/\/www.investincotedazur.com\/wp-content\/uploads\/2025\/09\/firecell-5g-privee-nice-150x150.jpg\" class=\"attachment-thumbnail size-thumbnail wp-post-image\" alt=\"firecell 5g priv\u00e9e nice\" style=\"max-width:50px;\" loading=\"lazy\" srcset=\"https:\/\/www.investincotedazur.com\/wp-content\/uploads\/2025\/09\/firecell-5g-privee-nice-150x150.jpg 150w, https:\/\/www.investincotedazur.com\/wp-content\/uploads\/2025\/09\/firecell-5g-privee-nice-300x300.jpg 300w, https:\/\/www.investincotedazur.com\/wp-content\/uploads\/2025\/09\/firecell-5g-privee-nice.jpg 700w\" sizes=\"(max-width: 150px) 100vw, 150px\" \/><\/div><a class=\"wp-block-latest-posts__post-title\" href=\"https:\/\/www.investincotedazur.com\/en\/firecell-ultra-precise-industrial-5g-geolocation-for-airbus\/\">Firecell: Ultra-precise industrial 5G geolocation for Airbus<\/a><\/li>\n<li><div class=\"wp-block-latest-posts__featured-image alignleft\"><img width=\"150\" height=\"150\" src=\"https:\/\/www.investincotedazur.com\/wp-content\/uploads\/2025\/08\/evo-2026-nice-150x150.jpg\" class=\"attachment-thumbnail size-thumbnail wp-post-image\" alt=\"evo 2026 nice\" style=\"max-width:50px;\" loading=\"lazy\" srcset=\"https:\/\/www.investincotedazur.com\/wp-content\/uploads\/2025\/08\/evo-2026-nice-150x150.jpg 150w, https:\/\/www.investincotedazur.com\/wp-content\/uploads\/2025\/08\/evo-2026-nice-300x300.jpg 300w, https:\/\/www.investincotedazur.com\/wp-content\/uploads\/2025\/08\/evo-2026-nice.jpg 700w\" sizes=\"(max-width: 150px) 100vw, 150px\" \/><\/div><a class=\"wp-block-latest-posts__post-title\" href=\"https:\/\/www.investincotedazur.com\/en\/evo-2026-will-be-held-in-nice\/\">EVO 2026 will take place in Nice<\/a><\/li>\n<\/ul>","protected":false},"excerpt":{"rendered":"<p>With the support of Team Nice C\u00f4te d&#8217;Azur, the Nice C\u00f4te d&#8217;Azur Metropolis is getting ready to welcome a delegation of digital entrepreneurs from Luxembourg on May 16th. This economic mission, organized as part of the &#8220;Go International&#8221; initiative by the Luxembourg Chamber of Commerce, the Embassy of Luxembourg in France, and the Business Club [&hellip;]<\/p>\n","protected":false},"author":14,"featured_media":15369,"comment_status":"closed","ping_status":"closed","sticky":false,"template":"","format":"standard","meta":{"_mi_skip_tracking":false,"_monsterinsights_sitenote_active":false,"_monsterinsights_sitenote_note":"","_monsterinsights_sitenote_category":0},"categories":[135,101,102,108,138],"tags":[],"acf":[],"yoast_head":"<!-- This site is optimized with the Yoast SEO plugin v19.12 - https:\/\/yoast.com\/wordpress\/plugins\/seo\/ -->\n<title>Nice C\u00f4te d&#039;Azur Metropolis welcomes Luxembourg&#039;s tech industry - Invest in C\u00f4te d&#039;Azur<\/title>\n<meta name=\"description\" content=\"Meet Luxembourg&#039;s Tech economic actors during the May 16th visit to the Nice C\u00f4te d&#039;Azur Metropolis\" \/>\n<meta name=\"robots\" content=\"index, follow, max-snippet:-1, max-image-preview:large, max-video-preview:-1\" \/>\n<link rel=\"canonical\" href=\"https:\/\/www.investincotedazur.com\/en\/nice-cote-dazur-metropolis-welcomes-luxembourgs-tech-industry\/\" \/>\n<meta property=\"og:locale\" content=\"en_US\" \/>\n<meta property=\"og:type\" content=\"article\" \/>\n<meta property=\"og:title\" content=\"Nice C\u00f4te d&#039;Azur Metropolis welcomes Luxembourg&#039;s tech industry - Invest in C\u00f4te d&#039;Azur\" \/>\n<meta property=\"og:description\" content=\"Meet Luxembourg&#039;s Tech economic actors during the May 16th visit to the Nice C\u00f4te d&#039;Azur Metropolis\" \/>\n<meta property=\"og:url\" content=\"https:\/\/www.investincotedazur.com\/en\/nice-cote-dazur-metropolis-welcomes-luxembourgs-tech-industry\/\" \/>\n<meta property=\"og:site_name\" content=\"Invest in C\u00f4te d&#039;Azur\" \/>\n<meta property=\"article:published_time\" content=\"2023-04-28T13:37:42+00:00\" \/>\n<meta property=\"article:modified_time\" content=\"2023-05-02T07:42:12+00:00\" \/>\n<meta property=\"og:image\" content=\"https:\/\/www.investincotedazur.com\/wp-content\/uploads\/2023\/04\/Copie-de-Copie-de-2023-Publications-TCA-1.png\" \/>\n\t<meta property=\"og:image:width\" content=\"1080\" \/>\n\t<meta property=\"og:image:height\" content=\"1080\" \/>\n\t<meta property=\"og:image:type\" content=\"image\/png\" \/>\n<meta name=\"author\" content=\"Jose Perez Gabarron\" \/>\n<meta name=\"twitter:card\" content=\"summary_large_image\" \/>\n<meta name=\"twitter:creator\" content=\"@Investcotedazur\" \/>\n<meta name=\"twitter:site\" content=\"@Investcotedazur\" \/>\n<meta name=\"twitter:label1\" content=\"Written by\" \/>\n\t<meta name=\"twitter:data1\" content=\"Jose Perez Gabarron\" \/>\n\t<meta name=\"twitter:label2\" content=\"Est. reading time\" \/>\n\t<meta name=\"twitter:data2\" content=\"3 minutes\" \/>\n<script type=\"application\/ld+json\" class=\"yoast-schema-graph\">{\"@context\":\"https:\/\/schema.org\",\"@graph\":[{\"@type\":\"Article\",\"@id\":\"https:\/\/www.investincotedazur.com\/en\/nice-cote-dazur-metropolis-welcomes-luxembourgs-tech-industry\/#article\",\"isPartOf\":{\"@id\":\"https:\/\/www.investincotedazur.com\/en\/nice-cote-dazur-metropolis-welcomes-luxembourgs-tech-industry\/\"},\"author\":{\"name\":\"Jose Perez Gabarron\",\"@id\":\"https:\/\/www.investincotedazur.com\/en\/#\/schema\/person\/ebbeede4229d29e0861488f2bd1036d9\"},\"headline\":\"Nice C\u00f4te d&#8217;Azur Metropolis welcomes Luxembourg&#8217;s tech industry\",\"datePublished\":\"2023-04-28T13:37:42+00:00\",\"dateModified\":\"2023-05-02T07:42:12+00:00\",\"mainEntityOfPage\":{\"@id\":\"https:\/\/www.investincotedazur.com\/en\/nice-cote-dazur-metropolis-welcomes-luxembourgs-tech-industry\/\"},\"wordCount\":378,\"publisher\":{\"@id\":\"https:\/\/www.investincotedazur.com\/en\/#organization\"},\"articleSection\":[\"International\",\"IT\",\"Nice C\u00f4te d'Azur Metropolis\",\"Startups\",\"Team C\u00f4te d'Azur\"],\"inLanguage\":\"en-US\"},{\"@type\":\"WebPage\",\"@id\":\"https:\/\/www.investincotedazur.com\/en\/nice-cote-dazur-metropolis-welcomes-luxembourgs-tech-industry\/\",\"url\":\"https:\/\/www.investincotedazur.com\/en\/nice-cote-dazur-metropolis-welcomes-luxembourgs-tech-industry\/\",\"name\":\"Nice C\u00f4te d'Azur Metropolis welcomes Luxembourg's tech industry - Invest in C\u00f4te d&#039;Azur\",\"isPartOf\":{\"@id\":\"https:\/\/www.investincotedazur.com\/en\/#website\"},\"datePublished\":\"2023-04-28T13:37:42+00:00\",\"dateModified\":\"2023-05-02T07:42:12+00:00\",\"description\":\"Meet Luxembourg's Tech economic actors during the May 16th visit to the Nice C\u00f4te d'Azur Metropolis\",\"inLanguage\":\"en-US\",\"potentialAction\":[{\"@type\":\"ReadAction\",\"target\":[\"https:\/\/www.investincotedazur.com\/en\/nice-cote-dazur-metropolis-welcomes-luxembourgs-tech-industry\/\"]}]},{\"@type\":\"WebSite\",\"@id\":\"https:\/\/www.investincotedazur.com\/en\/#website\",\"url\":\"https:\/\/www.investincotedazur.com\/en\/\",\"name\":\"Invest in C\u00f4te d'Azur\",\"description\":\"\",\"publisher\":{\"@id\":\"https:\/\/www.investincotedazur.com\/en\/#organization\"},\"alternateName\":\"Invest in C\u00f4te d'Azur\",\"potentialAction\":[{\"@type\":\"SearchAction\",\"target\":{\"@type\":\"EntryPoint\",\"urlTemplate\":\"https:\/\/www.investincotedazur.com\/en\/?s={search_term_string}\"},\"query-input\":\"required name=search_term_string\"}],\"inLanguage\":\"en-US\"},{\"@type\":\"Organization\",\"@id\":\"https:\/\/www.investincotedazur.com\/en\/#organization\",\"name\":\"Invest in C\u00f4te d'Azur\",\"alternateName\":\"Invest in C\u00f4te d'Azur\",\"url\":\"https:\/\/www.investincotedazur.com\/en\/\",\"logo\":{\"@type\":\"ImageObject\",\"inLanguage\":\"en-US\",\"@id\":\"https:\/\/www.investincotedazur.com\/en\/#\/schema\/logo\/image\/\",\"url\":\"https:\/\/www.investincotedazur.com\/wp-content\/uploads\/2023\/05\/cropped-New-missions-3.png\",\"contentUrl\":\"https:\/\/www.investincotedazur.com\/wp-content\/uploads\/2023\/05\/cropped-New-missions-3.png\",\"width\":512,\"height\":512,\"caption\":\"Invest in C\u00f4te d'Azur\"},\"image\":{\"@id\":\"https:\/\/www.investincotedazur.com\/en\/#\/schema\/logo\/image\/\"},\"sameAs\":[\"https:\/\/www.linkedin.com\/company\/investincotedazur\/\",\"https:\/\/twitter.com\/Investcotedazur\"]},{\"@type\":\"Person\",\"@id\":\"https:\/\/www.investincotedazur.com\/en\/#\/schema\/person\/ebbeede4229d29e0861488f2bd1036d9\",\"name\":\"Jose Perez Gabarron\",\"image\":{\"@type\":\"ImageObject\",\"inLanguage\":\"en-US\",\"@id\":\"https:\/\/www.investincotedazur.com\/en\/#\/schema\/person\/image\/\",\"url\":\"https:\/\/secure.gravatar.com\/avatar\/20ec9e74f48620b8ee4253da6b114950?s=96&d=mm&r=g\",\"contentUrl\":\"https:\/\/secure.gravatar.com\/avatar\/20ec9e74f48620b8ee4253da6b114950?s=96&d=mm&r=g\",\"caption\":\"Jose Perez Gabarron\"}}]}<\/script>\n<!-- \/ Yoast SEO plugin. -->","yoast_head_json":{"title":"Nice C\u00f4te d'Azur Metropolis welcomes Luxembourg's tech industry - Invest in C\u00f4te d&#039;Azur","description":"Meet Luxembourg's Tech economic actors during the May 16th visit to the Nice C\u00f4te d'Azur Metropolis","robots":{"index":"index","follow":"follow","max-snippet":"max-snippet:-1","max-image-preview":"max-image-preview:large","max-video-preview":"max-video-preview:-1"},"canonical":"https:\/\/www.investincotedazur.com\/en\/nice-cote-dazur-metropolis-welcomes-luxembourgs-tech-industry\/","og_locale":"en_US","og_type":"article","og_title":"Nice C\u00f4te d'Azur Metropolis welcomes Luxembourg's tech industry - Invest in C\u00f4te d&#039;Azur","og_description":"Meet Luxembourg's Tech economic actors during the May 16th visit to the Nice C\u00f4te d'Azur Metropolis","og_url":"https:\/\/www.investincotedazur.com\/en\/nice-cote-dazur-metropolis-welcomes-luxembourgs-tech-industry\/","og_site_name":"Invest in C\u00f4te d&#039;Azur","article_published_time":"2023-04-28T13:37:42+00:00","article_modified_time":"2023-05-02T07:42:12+00:00","og_image":[{"width":1080,"height":1080,"url":"https:\/\/www.investincotedazur.com\/wp-content\/uploads\/2023\/04\/Copie-de-Copie-de-2023-Publications-TCA-1.png","type":"image\/png"}],"author":"Jose Perez Gabarron","twitter_card":"summary_large_image","twitter_creator":"@Investcotedazur","twitter_site":"@Investcotedazur","twitter_misc":{"Written by":"Jose Perez Gabarron","Est. reading time":"3 minutes"},"schema":{"@context":"https:\/\/schema.org","@graph":[{"@type":"Article","@id":"https:\/\/www.investincotedazur.com\/en\/nice-cote-dazur-metropolis-welcomes-luxembourgs-tech-industry\/#article","isPartOf":{"@id":"https:\/\/www.investincotedazur.com\/en\/nice-cote-dazur-metropolis-welcomes-luxembourgs-tech-industry\/"},"author":{"name":"Jose Perez Gabarron","@id":"https:\/\/www.investincotedazur.com\/en\/#\/schema\/person\/ebbeede4229d29e0861488f2bd1036d9"},"headline":"Nice C\u00f4te d&#8217;Azur Metropolis welcomes Luxembourg&#8217;s tech industry","datePublished":"2023-04-28T13:37:42+00:00","dateModified":"2023-05-02T07:42:12+00:00","mainEntityOfPage":{"@id":"https:\/\/www.investincotedazur.com\/en\/nice-cote-dazur-metropolis-welcomes-luxembourgs-tech-industry\/"},"wordCount":378,"publisher":{"@id":"https:\/\/www.investincotedazur.com\/en\/#organization"},"articleSection":["International","IT","Nice C\u00f4te d'Azur Metropolis","Startups","Team C\u00f4te d'Azur"],"inLanguage":"en-US"},{"@type":"WebPage","@id":"https:\/\/www.investincotedazur.com\/en\/nice-cote-dazur-metropolis-welcomes-luxembourgs-tech-industry\/","url":"https:\/\/www.investincotedazur.com\/en\/nice-cote-dazur-metropolis-welcomes-luxembourgs-tech-industry\/","name":"Nice C\u00f4te d'Azur Metropolis welcomes Luxembourg's tech industry - Invest in C\u00f4te d&#039;Azur","isPartOf":{"@id":"https:\/\/www.investincotedazur.com\/en\/#website"},"datePublished":"2023-04-28T13:37:42+00:00","dateModified":"2023-05-02T07:42:12+00:00","description":"Meet Luxembourg's Tech economic actors during the May 16th visit to the Nice C\u00f4te d'Azur Metropolis","inLanguage":"en-US","potentialAction":[{"@type":"ReadAction","target":["https:\/\/www.investincotedazur.com\/en\/nice-cote-dazur-metropolis-welcomes-luxembourgs-tech-industry\/"]}]},{"@type":"WebSite","@id":"https:\/\/www.investincotedazur.com\/en\/#website","url":"https:\/\/www.investincotedazur.com\/en\/","name":"Invest in C\u00f4te d'Azur","description":"","publisher":{"@id":"https:\/\/www.investincotedazur.com\/en\/#organization"},"alternateName":"Invest in C\u00f4te d'Azur","potentialAction":[{"@type":"SearchAction","target":{"@type":"EntryPoint","urlTemplate":"https:\/\/www.investincotedazur.com\/en\/?s={search_term_string}"},"query-input":"required name=search_term_string"}],"inLanguage":"en-US"},{"@type":"Organization","@id":"https:\/\/www.investincotedazur.com\/en\/#organization","name":"Invest in C\u00f4te d'Azur","alternateName":"Invest in C\u00f4te d'Azur","url":"https:\/\/www.investincotedazur.com\/en\/","logo":{"@type":"ImageObject","inLanguage":"en-US","@id":"https:\/\/www.investincotedazur.com\/en\/#\/schema\/logo\/image\/","url":"https:\/\/www.investincotedazur.com\/wp-content\/uploads\/2023\/05\/cropped-New-missions-3.png","contentUrl":"https:\/\/www.investincotedazur.com\/wp-content\/uploads\/2023\/05\/cropped-New-missions-3.png","width":512,"height":512,"caption":"Invest in C\u00f4te d'Azur"},"image":{"@id":"https:\/\/www.investincotedazur.com\/en\/#\/schema\/logo\/image\/"},"sameAs":["https:\/\/www.linkedin.com\/company\/investincotedazur\/","https:\/\/twitter.com\/Investcotedazur"]},{"@type":"Person","@id":"https:\/\/www.investincotedazur.com\/en\/#\/schema\/person\/ebbeede4229d29e0861488f2bd1036d9","name":"Jose Perez Gabarron","image":{"@type":"ImageObject","inLanguage":"en-US","@id":"https:\/\/www.investincotedazur.com\/en\/#\/schema\/person\/image\/","url":"https:\/\/secure.gravatar.com\/avatar\/20ec9e74f48620b8ee4253da6b114950?s=96&d=mm&r=g","contentUrl":"https:\/\/secure.gravatar.com\/avatar\/20ec9e74f48620b8ee4253da6b114950?s=96&d=mm&r=g","caption":"Jose Perez Gabarron"}}]}},"_links":{"self":[{"href":"https:\/\/www.investincotedazur.com\/en\/wp-json\/wp\/v2\/posts\/15371"}],"collection":[{"href":"https:\/\/www.investincotedazur.com\/en\/wp-json\/wp\/v2\/posts"}],"about":[{"href":"https:\/\/www.investincotedazur.com\/en\/wp-json\/wp\/v2\/types\/post"}],"author":[{"embeddable":true,"href":"https:\/\/www.investincotedazur.com\/en\/wp-json\/wp\/v2\/users\/14"}],"replies":[{"embeddable":true,"href":"https:\/\/www.investincotedazur.com\/en\/wp-json\/wp\/v2\/comments?post=15371"}],"version-history":[{"count":3,"href":"https:\/\/www.investincotedazur.com\/en\/wp-json\/wp\/v2\/posts\/15371\/revisions"}],"predecessor-version":[{"id":15377,"href":"https:\/\/www.investincotedazur.com\/en\/wp-json\/wp\/v2\/posts\/15371\/revisions\/15377"}],"wp:featuredmedia":[{"embeddable":true,"href":"https:\/\/www.investincotedazur.com\/en\/wp-json\/wp\/v2\/media\/15369"}],"wp:attachment":[{"href":"https:\/\/www.investincotedazur.com\/en\/wp-json\/wp\/v2\/media?parent=15371"}],"wp:term":[{"taxonomy":"category","embeddable":true,"href":"https:\/\/www.investincotedazur.com\/en\/wp-json\/wp\/v2\/categories?post=15371"},{"taxonomy":"post_tag","embeddable":true,"href":"https:\/\/www.investincotedazur.com\/en\/wp-json\/wp\/v2\/tags?post=15371"}],"curies":[{"name":"wp","href":"https:\/\/api.w.org\/{rel}","templated":true}]}}