{"id":15216,"date":"2023-04-17T15:07:47","date_gmt":"2023-04-17T13:07:47","guid":{"rendered":"https:\/\/www.investincotedazur.com\/?p=15216"},"modified":"2025-08-06T11:04:06","modified_gmt":"2025-08-06T09:04:06","slug":"team-nice-cote-dazur-eu-startups-summit-2023","status":"publish","type":"post","link":"https:\/\/www.investincotedazur.com\/en\/team-nice-cote-dazur-eu-startups-summit-2023\/","title":{"rendered":"Team Nice C\u00f4te d&#8217;Azur will participate in the EU Startups Summit 2023"},"content":{"rendered":"\n<div class=\"wp-container-3 wp-block-columns\">\n<div class=\"wp-container-1 wp-block-column\" style=\"flex-basis:33.33%\">\n<figure class=\"wp-block-image size-full is-resized\"><img src=\"https:\/\/www.investincotedazur.com\/wp-content\/uploads\/2023\/04\/EU-startups-Summit.png\" alt=\"EU-startups-Summit\" class=\"wp-image-15212\" width=\"244\" height=\"244\" srcset=\"https:\/\/www.investincotedazur.com\/wp-content\/uploads\/2023\/04\/EU-startups-Summit.png 700w, https:\/\/www.investincotedazur.com\/wp-content\/uploads\/2023\/04\/EU-startups-Summit-300x300.png 300w, https:\/\/www.investincotedazur.com\/wp-content\/uploads\/2023\/04\/EU-startups-Summit-150x150.png 150w\" sizes=\"(max-width: 244px) 100vw, 244px\" \/><\/figure>\n<\/div>\n\n\n\n<div class=\"wp-container-2 wp-block-column\" style=\"flex-basis:66.66%\">\n<p class=\"has-medium-font-size\">Cyril Dary, Head of International Networks at Team Nice C\u00f4te d&#8217;Azur, will represent Nice C\u00f4te d&#8217;Azur Metropolis during the major European event that brings together startups and investors on April 20th and 21st in Barcelona.<br><br>This annual, globally significant event represents an opportunity to discuss the latest trends and growth opportunities for young innovative companies, as well as to highlight the strengths of the Nice C\u00f4te d&#8217;Azur Metropolis as a true hub of innovation in Europe. <\/p>\n<\/div>\n<\/div>\n\n\n\n<p class=\"has-medium-font-size\">The presence of Team Nice C\u00f4te d&#8217;Azur attests to the growing importance of the Nice and C\u00f4te d&#8217;Azur tech ecosystem in Europe, thanks to the actions taken by the innovation actors of the Azur region, notably those of the French Tech C\u00f4te d&#8217;Azur.<\/p>\n\n\n\n<p class=\"has-medium-font-size\">The Nice C\u00f4te d&#8217;Azur Metropolis is already home for many successful startups, such as: <\/p>\n\n\n\n<ul class=\"has-medium-font-size\"><li><a href=\"https:\/\/www.investincotedazur.com\/en\/nice-earthwake-enterprise-raises-2-2-million-euros\/\">Earthwake Enterprise, which has just raised \u20ac2.2 million, <\/a><\/li><li><a href=\"https:\/\/www.investincotedazur.com\/en\/bkube-the-nice-based-startup-that-strengthens-the-cyber-resilience-of-companies\/\">BKube, which contributes to strengthening the cyber-resilience of companies,<\/a><\/li><li><a href=\"https:\/\/www.investincotedazur.com\/nice-livmeds-leve-2me\/\">Livmed&#8217;s, which is rapidly developing in the field of medication delivery<\/a> and digital transformation of pharmacies,<\/li><li><a href=\"https:\/\/www.investincotedazur.com\/en\/nice-biotech-exadex-innov-explores-the-therapeutic-potential-of-human-adipose-tissue\/\">ExAdex-Innov,<\/a> which explores the therapeutic potential of human adipose tissue,&#8230;<\/li><li>&#8230;<\/li><\/ul>\n\n\n\n<p class=\"has-medium-font-size\">Don&#8217;t hesitate to contact Cyril Dary to discuss your development projects in France.<\/p>\n\n\n\n<div style=\"height:54px\" aria-hidden=\"true\" class=\"wp-block-spacer\"><\/div>\n\n\n\n<hr class=\"wp-block-separator has-text-color has-vivid-cyan-blue-color has-alpha-channel-opacity has-vivid-cyan-blue-background-color has-background\"\/>\n\n\n\n<h2 class=\"has-vivid-cyan-blue-color has-text-color\">Startups News &#8211; Nice C\u00f4te d&#8217;Azur<\/h2>\n\n\n\n<div style=\"height:18px\" aria-hidden=\"true\" class=\"wp-block-spacer\"><\/div>\n\n\n<ul class=\"wp-block-latest-posts__list is-grid columns-2 wp-block-latest-posts\"><li><div class=\"wp-block-latest-posts__featured-image alignleft\"><img width=\"150\" height=\"150\" src=\"https:\/\/www.investincotedazur.com\/wp-content\/uploads\/2026\/01\/investincotedazur-2026-01-12T122939.300-150x150.jpg\" class=\"attachment-thumbnail size-thumbnail wp-post-image\" alt=\"tradesource blockchain nice\" style=\"max-width:50px;\" loading=\"lazy\" srcset=\"https:\/\/www.investincotedazur.com\/wp-content\/uploads\/2026\/01\/investincotedazur-2026-01-12T122939.300-150x150.jpg 150w, https:\/\/www.investincotedazur.com\/wp-content\/uploads\/2026\/01\/investincotedazur-2026-01-12T122939.300-300x300.jpg 300w, https:\/\/www.investincotedazur.com\/wp-content\/uploads\/2026\/01\/investincotedazur-2026-01-12T122939.300.jpg 700w\" sizes=\"(max-width: 150px) 100vw, 150px\" \/><\/div><a class=\"wp-block-latest-posts__post-title\" href=\"https:\/\/www.investincotedazur.com\/en\/tradesource-deeptech-international-blockchain\/\">TradeSource (PGC): the Nice-based deeptech platform set to transform SMEs\u2019 international trade through blockchain<\/a><\/li>\n<li><div class=\"wp-block-latest-posts__featured-image alignleft\"><img width=\"150\" height=\"150\" src=\"https:\/\/www.investincotedazur.com\/wp-content\/uploads\/2025\/11\/Dimicare-150x150.jpeg\" class=\"attachment-thumbnail size-thumbnail wp-post-image\" alt=\"Dimicare\" style=\"max-width:50px;\" loading=\"lazy\" srcset=\"https:\/\/www.investincotedazur.com\/wp-content\/uploads\/2025\/11\/Dimicare-150x150.jpeg 150w, https:\/\/www.investincotedazur.com\/wp-content\/uploads\/2025\/11\/Dimicare-700x700.jpeg 700w\" sizes=\"(max-width: 150px) 100vw, 150px\" \/><\/div><a class=\"wp-block-latest-posts__post-title\" href=\"https:\/\/www.investincotedazur.com\/en\/dimicare-biotech-a-nice-based-innovation-among-the-winners-of-the-i-lab-2025-competition\/\">DimiCare Biotech: a Nice-based innovation among the winners of the i-Lab 2025 competition<\/a><\/li>\n<li><div class=\"wp-block-latest-posts__featured-image alignleft\"><img width=\"150\" height=\"150\" src=\"https:\/\/www.investincotedazur.com\/wp-content\/uploads\/2023\/07\/BLUE-INNOVATION-CHALLENGE-150x150.jpg\" class=\"attachment-thumbnail size-thumbnail wp-post-image\" alt=\"BLUE-INNOVATION-CHALLENGE\" style=\"max-width:50px;\" loading=\"lazy\" srcset=\"https:\/\/www.investincotedazur.com\/wp-content\/uploads\/2023\/07\/BLUE-INNOVATION-CHALLENGE-150x150.jpg 150w, https:\/\/www.investincotedazur.com\/wp-content\/uploads\/2023\/07\/BLUE-INNOVATION-CHALLENGE-700x700.jpg 700w\" sizes=\"(max-width: 150px) 100vw, 150px\" \/><\/div><a class=\"wp-block-latest-posts__post-title\" href=\"https:\/\/www.investincotedazur.com\/en\/blue-innovation-challenge-supporting-innovation-in-marine-space-protection\/\">Blue Innovation Challenge: supporting innovation in the blue economy sector<\/a><\/li>\n<li><div class=\"wp-block-latest-posts__featured-image alignleft\"><img width=\"150\" height=\"150\" src=\"https:\/\/www.investincotedazur.com\/wp-content\/uploads\/2025\/10\/DSC01986-Modifier_V2-150x150.jpg\" class=\"attachment-thumbnail size-thumbnail wp-post-image\" alt=\"Etienne Boulay\" style=\"max-width:50px;\" loading=\"lazy\" srcset=\"https:\/\/www.investincotedazur.com\/wp-content\/uploads\/2025\/10\/DSC01986-Modifier_V2-150x150.jpg 150w, https:\/\/www.investincotedazur.com\/wp-content\/uploads\/2025\/10\/DSC01986-Modifier_V2-700x700.jpg 700w\" sizes=\"(max-width: 150px) 100vw, 150px\" \/><\/div><a class=\"wp-block-latest-posts__post-title\" href=\"https:\/\/www.investincotedazur.com\/en\/etienne-boulay-nice-cote-dazur\/\">\u00c9tienne Boulay: a Quebec entrepreneur committed to the economic development of Nice C\u00f4te d\u2019Azur<\/a><\/li>\n<li><div class=\"wp-block-latest-posts__featured-image alignleft\"><img width=\"150\" height=\"150\" src=\"https:\/\/www.investincotedazur.com\/wp-content\/uploads\/2025\/09\/jeap-2025-150x150.png\" class=\"attachment-thumbnail size-thumbnail wp-post-image\" alt=\"jeap 2025\" style=\"max-width:50px;\" loading=\"lazy\" srcset=\"https:\/\/www.investincotedazur.com\/wp-content\/uploads\/2025\/09\/jeap-2025-150x150.png 150w, https:\/\/www.investincotedazur.com\/wp-content\/uploads\/2025\/09\/jeap-2025-700x700.png 700w\" sizes=\"(max-width: 150px) 100vw, 150px\" \/><\/div><a class=\"wp-block-latest-posts__post-title\" href=\"https:\/\/www.investincotedazur.com\/en\/japan-entry-acceleration-program-a-launchpad-towards-the-japanese-market-for-innovative-health-startups\/\">Japan Entry Acceleration Program: a launchpad towards the Japanese market for innovative health startups<\/a><\/li>\n<li><div class=\"wp-block-latest-posts__featured-image alignleft\"><img width=\"150\" height=\"150\" src=\"https:\/\/www.investincotedazur.com\/wp-content\/uploads\/2025\/09\/firecell-5g-privee-nice-150x150.jpg\" class=\"attachment-thumbnail size-thumbnail wp-post-image\" alt=\"firecell 5g priv\u00e9e nice\" style=\"max-width:50px;\" loading=\"lazy\" srcset=\"https:\/\/www.investincotedazur.com\/wp-content\/uploads\/2025\/09\/firecell-5g-privee-nice-150x150.jpg 150w, https:\/\/www.investincotedazur.com\/wp-content\/uploads\/2025\/09\/firecell-5g-privee-nice-300x300.jpg 300w, https:\/\/www.investincotedazur.com\/wp-content\/uploads\/2025\/09\/firecell-5g-privee-nice.jpg 700w\" sizes=\"(max-width: 150px) 100vw, 150px\" \/><\/div><a class=\"wp-block-latest-posts__post-title\" href=\"https:\/\/www.investincotedazur.com\/en\/firecell-ultra-precise-industrial-5g-geolocation-for-airbus\/\">Firecell: Ultra-precise industrial 5G geolocation for Airbus<\/a><\/li>\n<li><div class=\"wp-block-latest-posts__featured-image alignleft\"><img width=\"150\" height=\"150\" src=\"https:\/\/www.investincotedazur.com\/wp-content\/uploads\/2025\/08\/Legal-Design-Agency-Madina-Ibrahimkhel-150x150.jpg\" class=\"attachment-thumbnail size-thumbnail wp-post-image\" alt=\"Legal Design Agency - Madina Ibrahimkhel\" style=\"max-width:50px;\" loading=\"lazy\" srcset=\"https:\/\/www.investincotedazur.com\/wp-content\/uploads\/2025\/08\/Legal-Design-Agency-Madina-Ibrahimkhel-150x150.jpg 150w, https:\/\/www.investincotedazur.com\/wp-content\/uploads\/2025\/08\/Legal-Design-Agency-Madina-Ibrahimkhel-300x300.jpg 300w, https:\/\/www.investincotedazur.com\/wp-content\/uploads\/2025\/08\/Legal-Design-Agency-Madina-Ibrahimkhel.jpg 700w\" sizes=\"(max-width: 150px) 100vw, 150px\" \/><\/div><a class=\"wp-block-latest-posts__post-title\" href=\"https:\/\/www.investincotedazur.com\/en\/legal-design-agency-chooses-nice-cote-dazur\/\">Legal Design Agency chooses Nice C\u00f4te d\u2019Azur<\/a><\/li>\n<li><div class=\"wp-block-latest-posts__featured-image alignleft\"><img width=\"150\" height=\"150\" src=\"https:\/\/www.investincotedazur.com\/wp-content\/uploads\/2025\/06\/Copie-de-investincotedazur-54-150x150.png\" class=\"attachment-thumbnail size-thumbnail wp-post-image\" alt=\"biotech ni\u00e7oise Roca Therapeutics\" style=\"max-width:50px;\" loading=\"lazy\" srcset=\"https:\/\/www.investincotedazur.com\/wp-content\/uploads\/2025\/06\/Copie-de-investincotedazur-54-150x150.png 150w, https:\/\/www.investincotedazur.com\/wp-content\/uploads\/2025\/06\/Copie-de-investincotedazur-54-700x700.png 700w\" sizes=\"(max-width: 150px) 100vw, 150px\" \/><\/div><a class=\"wp-block-latest-posts__post-title\" href=\"https:\/\/www.investincotedazur.com\/en\/the-nice-based-biotech-roca-therapeutics-reaches-a-new-milestone-in-its-development\/\">The Nice-based biotech Roca Therapeutics reaches a new milestone in its development<\/a><\/li>\n<li><div class=\"wp-block-latest-posts__featured-image alignleft\"><img width=\"150\" height=\"150\" src=\"https:\/\/www.investincotedazur.com\/wp-content\/uploads\/2025\/07\/accelerateur-ESS-region-SUD-HEC-150x150.jpg\" class=\"attachment-thumbnail size-thumbnail wp-post-image\" alt=\"acc\u00e9l\u00e9rateur ESS region SUD HEC\" style=\"max-width:50px;\" loading=\"lazy\" srcset=\"https:\/\/www.investincotedazur.com\/wp-content\/uploads\/2025\/07\/accelerateur-ESS-region-SUD-HEC-150x150.jpg 150w, https:\/\/www.investincotedazur.com\/wp-content\/uploads\/2025\/07\/accelerateur-ESS-region-SUD-HEC-300x300.jpg 300w, https:\/\/www.investincotedazur.com\/wp-content\/uploads\/2025\/07\/accelerateur-ESS-region-SUD-HEC.jpg 700w\" sizes=\"(max-width: 150px) 100vw, 150px\" \/><\/div><a class=\"wp-block-latest-posts__post-title\" href=\"https:\/\/www.investincotedazur.com\/en\/the-south-region-and-hec-launch-the-ess-sud-accelerator\/\">The South Region and HEC launch the ESS Sud Accelerator<\/a><\/li>\n<li><div class=\"wp-block-latest-posts__featured-image alignleft\"><img width=\"150\" height=\"150\" src=\"https:\/\/www.investincotedazur.com\/wp-content\/uploads\/2025\/06\/investincotedazur-65-150x150.jpg\" class=\"attachment-thumbnail size-thumbnail wp-post-image\" alt=\"cosma levee de fonds\" style=\"max-width:50px;\" loading=\"lazy\" srcset=\"https:\/\/www.investincotedazur.com\/wp-content\/uploads\/2025\/06\/investincotedazur-65-150x150.jpg 150w, https:\/\/www.investincotedazur.com\/wp-content\/uploads\/2025\/06\/investincotedazur-65-300x300.jpg 300w, https:\/\/www.investincotedazur.com\/wp-content\/uploads\/2025\/06\/investincotedazur-65.jpg 700w\" sizes=\"(max-width: 150px) 100vw, 150px\" \/><\/div><a class=\"wp-block-latest-posts__post-title\" href=\"https:\/\/www.investincotedazur.com\/en\/cosma-raises-e2-5-million-to-map-the-seafloor-on-a-large-scale\/\">Cosma raises \u20ac2.5 million to map the seafloor on a large scale<\/a><\/li>\n<li><div class=\"wp-block-latest-posts__featured-image alignleft\"><img width=\"150\" height=\"150\" src=\"https:\/\/www.investincotedazur.com\/wp-content\/uploads\/2025\/06\/laureats-2025-scale-up-excellence-150x150.png\" class=\"attachment-thumbnail size-thumbnail wp-post-image\" alt=\"laur\u00e9ats 2025 scale up excellence\" style=\"max-width:50px;\" loading=\"lazy\" srcset=\"https:\/\/www.investincotedazur.com\/wp-content\/uploads\/2025\/06\/laureats-2025-scale-up-excellence-150x150.png 150w, https:\/\/www.investincotedazur.com\/wp-content\/uploads\/2025\/06\/laureats-2025-scale-up-excellence-700x700.png 700w\" sizes=\"(max-width: 150px) 100vw, 150px\" \/><\/div><a class=\"wp-block-latest-posts__post-title\" href=\"https:\/\/www.investincotedazur.com\/en\/scale-up-excellence-2025-cote-azur-winners\/\">Scale Up Excellence 2025: 8 C\u00f4te d&#8217;Azur winners join the national acceleration program<\/a><\/li>\n<li><div class=\"wp-block-latest-posts__featured-image alignleft\"><img width=\"150\" height=\"150\" src=\"https:\/\/www.investincotedazur.com\/wp-content\/uploads\/2025\/06\/Viva-Technology-2025-150x150.jpg\" class=\"attachment-thumbnail size-thumbnail wp-post-image\" alt=\"Viva-Technology-2025\" style=\"max-width:50px;\" loading=\"lazy\" srcset=\"https:\/\/www.investincotedazur.com\/wp-content\/uploads\/2025\/06\/Viva-Technology-2025-150x150.jpg 150w, https:\/\/www.investincotedazur.com\/wp-content\/uploads\/2025\/06\/Viva-Technology-2025-700x700.jpg 700w\" sizes=\"(max-width: 150px) 100vw, 150px\" \/><\/div><a class=\"wp-block-latest-posts__post-title\" href=\"https:\/\/www.investincotedazur.com\/en\/team-nice-cote-dazur-viva-tech-2025\/\">Team Nice C\u00f4te d\u2019Azur at Viva Technology 2025: at the heart of technological transitions and international attractiveness<\/a><\/li>\n<\/ul>","protected":false},"excerpt":{"rendered":"<p>Cyril Dary, Head of International Networks at Team Nice C\u00f4te d&#8217;Azur, will represent Nice C\u00f4te d&#8217;Azur Metropolis during the major European event that brings together startups and investors on April 20th and 21st in Barcelona. This annual, globally significant event represents an opportunity to discuss the latest trends and growth opportunities for young innovative companies, [&hellip;]<\/p>\n","protected":false},"author":14,"featured_media":15212,"comment_status":"closed","ping_status":"closed","sticky":false,"template":"","format":"standard","meta":{"_mi_skip_tracking":false,"_monsterinsights_sitenote_active":false,"_monsterinsights_sitenote_note":"","_monsterinsights_sitenote_category":0},"categories":[139,91,141,95,96,133,135,108,138],"tags":[],"acf":[],"yoast_head":"<!-- This site is optimized with the Yoast SEO plugin v19.12 - https:\/\/yoast.com\/wordpress\/plugins\/seo\/ -->\n<title>EU Startups Summit 2023: Team Nice C\u00f4te d&#039;Azur will be present - Invest in C\u00f4te d&#039;Azur<\/title>\n<meta name=\"description\" content=\"EU Startups Summit: Nice C\u00f4te d&#039;Azur team will be attending the global event on April 20th and 21st in Barcelona.\" \/>\n<meta name=\"robots\" content=\"index, follow, max-snippet:-1, max-image-preview:large, max-video-preview:-1\" \/>\n<link rel=\"canonical\" href=\"https:\/\/www.investincotedazur.com\/en\/team-nice-cote-dazur-eu-startups-summit-2023\/\" \/>\n<meta property=\"og:locale\" content=\"en_US\" \/>\n<meta property=\"og:type\" content=\"article\" \/>\n<meta property=\"og:title\" content=\"EU Startups Summit 2023: Team Nice C\u00f4te d&#039;Azur will be present - Invest in C\u00f4te d&#039;Azur\" \/>\n<meta property=\"og:description\" content=\"EU Startups Summit: Nice C\u00f4te d&#039;Azur team will be attending the global event on April 20th and 21st in Barcelona.\" \/>\n<meta property=\"og:url\" content=\"https:\/\/www.investincotedazur.com\/en\/team-nice-cote-dazur-eu-startups-summit-2023\/\" \/>\n<meta property=\"og:site_name\" content=\"Invest in C\u00f4te d&#039;Azur\" \/>\n<meta property=\"article:published_time\" content=\"2023-04-17T13:07:47+00:00\" \/>\n<meta property=\"article:modified_time\" content=\"2025-08-06T09:04:06+00:00\" \/>\n<meta property=\"og:image\" content=\"https:\/\/www.investincotedazur.com\/wp-content\/uploads\/2023\/04\/EU-startups-Summit.png\" \/>\n\t<meta property=\"og:image:width\" content=\"700\" \/>\n\t<meta property=\"og:image:height\" content=\"700\" \/>\n\t<meta property=\"og:image:type\" content=\"image\/png\" \/>\n<meta name=\"author\" content=\"Jose Perez Gabarron\" \/>\n<meta name=\"twitter:card\" content=\"summary_large_image\" \/>\n<meta name=\"twitter:creator\" content=\"@Investcotedazur\" \/>\n<meta name=\"twitter:site\" content=\"@Investcotedazur\" \/>\n<meta name=\"twitter:label1\" content=\"Written by\" \/>\n\t<meta name=\"twitter:data1\" content=\"Jose Perez Gabarron\" \/>\n\t<meta name=\"twitter:label2\" content=\"Est. reading time\" \/>\n\t<meta name=\"twitter:data2\" content=\"2 minutes\" \/>\n<script type=\"application\/ld+json\" class=\"yoast-schema-graph\">{\"@context\":\"https:\/\/schema.org\",\"@graph\":[{\"@type\":\"Article\",\"@id\":\"https:\/\/www.investincotedazur.com\/en\/team-nice-cote-dazur-eu-startups-summit-2023\/#article\",\"isPartOf\":{\"@id\":\"https:\/\/www.investincotedazur.com\/en\/team-nice-cote-dazur-eu-startups-summit-2023\/\"},\"author\":{\"name\":\"Jose Perez Gabarron\",\"@id\":\"https:\/\/www.investincotedazur.com\/en\/#\/schema\/person\/ebbeede4229d29e0861488f2bd1036d9\"},\"headline\":\"Team Nice C\u00f4te d&#8217;Azur will participate in the EU Startups Summit 2023\",\"datePublished\":\"2023-04-17T13:07:47+00:00\",\"dateModified\":\"2025-08-06T09:04:06+00:00\",\"mainEntityOfPage\":{\"@id\":\"https:\/\/www.investincotedazur.com\/en\/team-nice-cote-dazur-eu-startups-summit-2023\/\"},\"wordCount\":214,\"publisher\":{\"@id\":\"https:\/\/www.investincotedazur.com\/en\/#organization\"},\"articleSection\":[\"Biotechnologies\",\"Cleantech\",\"Fintech\",\"French tech\",\"HealthTech\",\"Innovation\",\"International\",\"Startups\",\"Team C\u00f4te d'Azur\"],\"inLanguage\":\"en-US\"},{\"@type\":\"WebPage\",\"@id\":\"https:\/\/www.investincotedazur.com\/en\/team-nice-cote-dazur-eu-startups-summit-2023\/\",\"url\":\"https:\/\/www.investincotedazur.com\/en\/team-nice-cote-dazur-eu-startups-summit-2023\/\",\"name\":\"EU Startups Summit 2023: Team Nice C\u00f4te d'Azur will be present - Invest in C\u00f4te d&#039;Azur\",\"isPartOf\":{\"@id\":\"https:\/\/www.investincotedazur.com\/en\/#website\"},\"datePublished\":\"2023-04-17T13:07:47+00:00\",\"dateModified\":\"2025-08-06T09:04:06+00:00\",\"description\":\"EU Startups Summit: Nice C\u00f4te d'Azur team will be attending the global event on April 20th and 21st in Barcelona.\",\"inLanguage\":\"en-US\",\"potentialAction\":[{\"@type\":\"ReadAction\",\"target\":[\"https:\/\/www.investincotedazur.com\/en\/team-nice-cote-dazur-eu-startups-summit-2023\/\"]}]},{\"@type\":\"WebSite\",\"@id\":\"https:\/\/www.investincotedazur.com\/en\/#website\",\"url\":\"https:\/\/www.investincotedazur.com\/en\/\",\"name\":\"Invest in C\u00f4te d'Azur\",\"description\":\"\",\"publisher\":{\"@id\":\"https:\/\/www.investincotedazur.com\/en\/#organization\"},\"alternateName\":\"Invest in C\u00f4te d'Azur\",\"potentialAction\":[{\"@type\":\"SearchAction\",\"target\":{\"@type\":\"EntryPoint\",\"urlTemplate\":\"https:\/\/www.investincotedazur.com\/en\/?s={search_term_string}\"},\"query-input\":\"required name=search_term_string\"}],\"inLanguage\":\"en-US\"},{\"@type\":\"Organization\",\"@id\":\"https:\/\/www.investincotedazur.com\/en\/#organization\",\"name\":\"Invest in C\u00f4te d'Azur\",\"alternateName\":\"Invest in C\u00f4te d'Azur\",\"url\":\"https:\/\/www.investincotedazur.com\/en\/\",\"logo\":{\"@type\":\"ImageObject\",\"inLanguage\":\"en-US\",\"@id\":\"https:\/\/www.investincotedazur.com\/en\/#\/schema\/logo\/image\/\",\"url\":\"https:\/\/www.investincotedazur.com\/wp-content\/uploads\/2023\/05\/cropped-New-missions-3.png\",\"contentUrl\":\"https:\/\/www.investincotedazur.com\/wp-content\/uploads\/2023\/05\/cropped-New-missions-3.png\",\"width\":512,\"height\":512,\"caption\":\"Invest in C\u00f4te d'Azur\"},\"image\":{\"@id\":\"https:\/\/www.investincotedazur.com\/en\/#\/schema\/logo\/image\/\"},\"sameAs\":[\"https:\/\/www.linkedin.com\/company\/investincotedazur\/\",\"https:\/\/twitter.com\/Investcotedazur\"]},{\"@type\":\"Person\",\"@id\":\"https:\/\/www.investincotedazur.com\/en\/#\/schema\/person\/ebbeede4229d29e0861488f2bd1036d9\",\"name\":\"Jose Perez Gabarron\",\"image\":{\"@type\":\"ImageObject\",\"inLanguage\":\"en-US\",\"@id\":\"https:\/\/www.investincotedazur.com\/en\/#\/schema\/person\/image\/\",\"url\":\"https:\/\/secure.gravatar.com\/avatar\/20ec9e74f48620b8ee4253da6b114950?s=96&d=mm&r=g\",\"contentUrl\":\"https:\/\/secure.gravatar.com\/avatar\/20ec9e74f48620b8ee4253da6b114950?s=96&d=mm&r=g\",\"caption\":\"Jose Perez Gabarron\"}}]}<\/script>\n<!-- \/ Yoast SEO plugin. -->","yoast_head_json":{"title":"EU Startups Summit 2023: Team Nice C\u00f4te d'Azur will be present - Invest in C\u00f4te d&#039;Azur","description":"EU Startups Summit: Nice C\u00f4te d'Azur team will be attending the global event on April 20th and 21st in Barcelona.","robots":{"index":"index","follow":"follow","max-snippet":"max-snippet:-1","max-image-preview":"max-image-preview:large","max-video-preview":"max-video-preview:-1"},"canonical":"https:\/\/www.investincotedazur.com\/en\/team-nice-cote-dazur-eu-startups-summit-2023\/","og_locale":"en_US","og_type":"article","og_title":"EU Startups Summit 2023: Team Nice C\u00f4te d'Azur will be present - Invest in C\u00f4te d&#039;Azur","og_description":"EU Startups Summit: Nice C\u00f4te d'Azur team will be attending the global event on April 20th and 21st in Barcelona.","og_url":"https:\/\/www.investincotedazur.com\/en\/team-nice-cote-dazur-eu-startups-summit-2023\/","og_site_name":"Invest in C\u00f4te d&#039;Azur","article_published_time":"2023-04-17T13:07:47+00:00","article_modified_time":"2025-08-06T09:04:06+00:00","og_image":[{"width":700,"height":700,"url":"https:\/\/www.investincotedazur.com\/wp-content\/uploads\/2023\/04\/EU-startups-Summit.png","type":"image\/png"}],"author":"Jose Perez Gabarron","twitter_card":"summary_large_image","twitter_creator":"@Investcotedazur","twitter_site":"@Investcotedazur","twitter_misc":{"Written by":"Jose Perez Gabarron","Est. reading time":"2 minutes"},"schema":{"@context":"https:\/\/schema.org","@graph":[{"@type":"Article","@id":"https:\/\/www.investincotedazur.com\/en\/team-nice-cote-dazur-eu-startups-summit-2023\/#article","isPartOf":{"@id":"https:\/\/www.investincotedazur.com\/en\/team-nice-cote-dazur-eu-startups-summit-2023\/"},"author":{"name":"Jose Perez Gabarron","@id":"https:\/\/www.investincotedazur.com\/en\/#\/schema\/person\/ebbeede4229d29e0861488f2bd1036d9"},"headline":"Team Nice C\u00f4te d&#8217;Azur will participate in the EU Startups Summit 2023","datePublished":"2023-04-17T13:07:47+00:00","dateModified":"2025-08-06T09:04:06+00:00","mainEntityOfPage":{"@id":"https:\/\/www.investincotedazur.com\/en\/team-nice-cote-dazur-eu-startups-summit-2023\/"},"wordCount":214,"publisher":{"@id":"https:\/\/www.investincotedazur.com\/en\/#organization"},"articleSection":["Biotechnologies","Cleantech","Fintech","French tech","HealthTech","Innovation","International","Startups","Team C\u00f4te d'Azur"],"inLanguage":"en-US"},{"@type":"WebPage","@id":"https:\/\/www.investincotedazur.com\/en\/team-nice-cote-dazur-eu-startups-summit-2023\/","url":"https:\/\/www.investincotedazur.com\/en\/team-nice-cote-dazur-eu-startups-summit-2023\/","name":"EU Startups Summit 2023: Team Nice C\u00f4te d'Azur will be present - Invest in C\u00f4te d&#039;Azur","isPartOf":{"@id":"https:\/\/www.investincotedazur.com\/en\/#website"},"datePublished":"2023-04-17T13:07:47+00:00","dateModified":"2025-08-06T09:04:06+00:00","description":"EU Startups Summit: Nice C\u00f4te d'Azur team will be attending the global event on April 20th and 21st in Barcelona.","inLanguage":"en-US","potentialAction":[{"@type":"ReadAction","target":["https:\/\/www.investincotedazur.com\/en\/team-nice-cote-dazur-eu-startups-summit-2023\/"]}]},{"@type":"WebSite","@id":"https:\/\/www.investincotedazur.com\/en\/#website","url":"https:\/\/www.investincotedazur.com\/en\/","name":"Invest in C\u00f4te d'Azur","description":"","publisher":{"@id":"https:\/\/www.investincotedazur.com\/en\/#organization"},"alternateName":"Invest in C\u00f4te d'Azur","potentialAction":[{"@type":"SearchAction","target":{"@type":"EntryPoint","urlTemplate":"https:\/\/www.investincotedazur.com\/en\/?s={search_term_string}"},"query-input":"required name=search_term_string"}],"inLanguage":"en-US"},{"@type":"Organization","@id":"https:\/\/www.investincotedazur.com\/en\/#organization","name":"Invest in C\u00f4te d'Azur","alternateName":"Invest in C\u00f4te d'Azur","url":"https:\/\/www.investincotedazur.com\/en\/","logo":{"@type":"ImageObject","inLanguage":"en-US","@id":"https:\/\/www.investincotedazur.com\/en\/#\/schema\/logo\/image\/","url":"https:\/\/www.investincotedazur.com\/wp-content\/uploads\/2023\/05\/cropped-New-missions-3.png","contentUrl":"https:\/\/www.investincotedazur.com\/wp-content\/uploads\/2023\/05\/cropped-New-missions-3.png","width":512,"height":512,"caption":"Invest in C\u00f4te d'Azur"},"image":{"@id":"https:\/\/www.investincotedazur.com\/en\/#\/schema\/logo\/image\/"},"sameAs":["https:\/\/www.linkedin.com\/company\/investincotedazur\/","https:\/\/twitter.com\/Investcotedazur"]},{"@type":"Person","@id":"https:\/\/www.investincotedazur.com\/en\/#\/schema\/person\/ebbeede4229d29e0861488f2bd1036d9","name":"Jose Perez Gabarron","image":{"@type":"ImageObject","inLanguage":"en-US","@id":"https:\/\/www.investincotedazur.com\/en\/#\/schema\/person\/image\/","url":"https:\/\/secure.gravatar.com\/avatar\/20ec9e74f48620b8ee4253da6b114950?s=96&d=mm&r=g","contentUrl":"https:\/\/secure.gravatar.com\/avatar\/20ec9e74f48620b8ee4253da6b114950?s=96&d=mm&r=g","caption":"Jose Perez Gabarron"}}]}},"_links":{"self":[{"href":"https:\/\/www.investincotedazur.com\/en\/wp-json\/wp\/v2\/posts\/15216"}],"collection":[{"href":"https:\/\/www.investincotedazur.com\/en\/wp-json\/wp\/v2\/posts"}],"about":[{"href":"https:\/\/www.investincotedazur.com\/en\/wp-json\/wp\/v2\/types\/post"}],"author":[{"embeddable":true,"href":"https:\/\/www.investincotedazur.com\/en\/wp-json\/wp\/v2\/users\/14"}],"replies":[{"embeddable":true,"href":"https:\/\/www.investincotedazur.com\/en\/wp-json\/wp\/v2\/comments?post=15216"}],"version-history":[{"count":4,"href":"https:\/\/www.investincotedazur.com\/en\/wp-json\/wp\/v2\/posts\/15216\/revisions"}],"predecessor-version":[{"id":24224,"href":"https:\/\/www.investincotedazur.com\/en\/wp-json\/wp\/v2\/posts\/15216\/revisions\/24224"}],"wp:featuredmedia":[{"embeddable":true,"href":"https:\/\/www.investincotedazur.com\/en\/wp-json\/wp\/v2\/media\/15212"}],"wp:attachment":[{"href":"https:\/\/www.investincotedazur.com\/en\/wp-json\/wp\/v2\/media?parent=15216"}],"wp:term":[{"taxonomy":"category","embeddable":true,"href":"https:\/\/www.investincotedazur.com\/en\/wp-json\/wp\/v2\/categories?post=15216"},{"taxonomy":"post_tag","embeddable":true,"href":"https:\/\/www.investincotedazur.com\/en\/wp-json\/wp\/v2\/tags?post=15216"}],"curies":[{"name":"wp","href":"https:\/\/api.w.org\/{rel}","templated":true}]}}