{"id":14924,"date":"2023-03-30T09:59:07","date_gmt":"2023-03-30T07:59:07","guid":{"rendered":"https:\/\/www.investincotedazur.com\/?p=14924"},"modified":"2023-03-30T10:31:11","modified_gmt":"2023-03-30T08:31:11","slug":"labeling-of-55-competitiveness-clusters-in-france-for-phase-v-2023-2026","status":"publish","type":"post","link":"https:\/\/www.investincotedazur.com\/en\/labeling-of-55-competitiveness-clusters-in-france-for-phase-v-2023-2026\/","title":{"rendered":"Labeling of 55 competitiveness clusters in France and 7 for the South Region"},"content":{"rendered":"\n<p>The French government has announced the labeling of 55 competitiveness clusters for Phase V (2023-2026) at the General Assembly of the French Association of Competitiveness Clusters (AFPC) in the presence of Roland Lescure, Delegate Minister for Industry, Harold Huwart, representative of Regions of France, Bruno Le Maire, Minister of the Economy, Finance and Industrial and Digital Sovereignty, and Carole Delga, President of Regions of France.<\/p>\n\n\n\n<p>The competitiveness clusters form a network of 18,500 innovative companies and research and training centers, which brought together 2,000 additional members during phase IV (2019-2022), despite the health crisis. <\/p>\n\n\n\n<p><strong>They have supported, accompanied, and secured funding for nearly 1,000 European projects for themselves and their members.<\/strong> The competitiveness clusters have shown resilience in supporting the economy during the crisis and offering new services to meet the needs of companies in transition.<\/p>\n\n\n\n<p>The call for applications for Phase V (2023-2026) was launched on August 2nd. It was open to both the structures already labelled during phase IV and new applications. <\/p>\n\n\n\n<p><strong>Three main objectives have been defined by the French government and regions, mobilizing all partners, for phase V<\/strong>:<\/p>\n\n\n\n<ul><li>To create stronger, better-connected ecosystems capable of responding to national and regional challenges through partnerships.<\/li><li>Strengthen the development of the poles&#8217; action at the European level, to confirm the successes of phase IV and amplify the international influence of our innovation ecosystems by mobilizing European funding.<\/li><li>Supporting French SMEs and startups in their transformation and development by accompanying innovative and technologically demanding industrialization projects that structure industrial sectors, in coherence with the deployment of France 2030 and regional priorities.<\/li><\/ul>\n\n\n\n<p>According to the provisions of the specifications, the applications were subject to evaluation by a selection committee composed of the State and the Regions. At the end of this process, the Prime Minister decided to follow the recommendations of the selection committee and label 55 competitiveness clusters.<\/p>\n\n\n\n<p><\/p>\n\n\n\n<div style=\"height:67px\" aria-hidden=\"true\" class=\"wp-block-spacer\"><\/div>\n\n\n\n<h2>Competitiveness clusters labeled in the SUD &#8211; Provence Alpes C\u00f4te d&#8217;Azur region<\/h2>\n\n\n\n<div style=\"height:30px\" aria-hidden=\"true\" class=\"wp-block-spacer\"><\/div>\n\n\n\n<p>In the South region of France, seven competitiveness clusters have been awarded the label for phase V, each focusing on key areas of innovation, ecological and technological transition, and green reindustrialization:<\/p>\n\n\n\n<ol><li>The Mer M\u00e9diterran\u00e9e cluster is dedicated to the maritime and navigation industries. It is committed to developing innovative projects to promote economic growth, marine environmental protection, and maritime safety.<\/li><li>Eurobiomed is a competitiveness cluster in the field of health. Eurobiomed is a competitiveness cluster in the healthcare field. It brings together actors from research and industry to accelerate innovation and the development of healthcare products and services.<\/li><li>The Optitec cluster is specialized in imaging and photonics. It aims to develop innovative projects in the fields of health, environment, industry, and information technology.<\/li><li><a href=\"https:\/\/www.investincotedazur.com\/fabien-aili-nomme-president-du-pole-scs\/\">The SCS cluster is focused on information and communication technologies (ICT).<\/a> It focuses on promoting innovation and the development of products and services in the fields of security, health, environment, and industry.<\/li><li>Cap\u00e9nergies focuses on the fields of energy and environment. Il travaille sur des projets innovants pour favoriser la transition \u00e9nerg\u00e9tique et le d\u00e9veloppement durable.<\/li><li>Innov&#8217;Alliance supports the ecological and technological transition of agriculture. It aims to develop innovative projects to improve the productivity and sustainability of agriculture while preserving the environment.<\/li><li>Safe Cluster is positioned in the aerospace, security, defense, and risk prevention sectors. It brings together research and industry actors to develop innovative projects in these areas.<\/li><\/ol>\n\n\n\n<p><\/p>\n\n\n\n<p>These competitiveness clusters have the mission to strengthen innovation and competitiveness of companies in the South region and to contribute to ecological and technological transition. <\/p>\n\n\n\n<p><\/p>\n\n\n\n<p>Thanks to the labeling for Phase V, they will be able to continue to play a major role in the economic development of the region and the country, strengthening innovation and competitiveness of companies in the South region and contributing to the ecological and technological transition.<\/p>\n\n\n\n<div style=\"height:63px\" aria-hidden=\"true\" class=\"wp-block-spacer\"><\/div>\n\n\n\n<figure class=\"wp-block-image size-large\"><img width=\"724\" height=\"1024\" src=\"https:\/\/www.investincotedazur.com\/wp-content\/uploads\/2023\/03\/carte-55-poles-competitivite-phase-v-724x1024.png\" alt=\"carte-55-poles-competitivite-phase-v\" class=\"wp-image-14920\" srcset=\"https:\/\/www.investincotedazur.com\/wp-content\/uploads\/2023\/03\/carte-55-poles-competitivite-phase-v-724x1024.png 724w, https:\/\/www.investincotedazur.com\/wp-content\/uploads\/2023\/03\/carte-55-poles-competitivite-phase-v-212x300.png 212w, https:\/\/www.investincotedazur.com\/wp-content\/uploads\/2023\/03\/carte-55-poles-competitivite-phase-v-768x1086.png 768w, https:\/\/www.investincotedazur.com\/wp-content\/uploads\/2023\/03\/carte-55-poles-competitivite-phase-v-1086x1536.png 1086w, https:\/\/www.investincotedazur.com\/wp-content\/uploads\/2023\/03\/carte-55-poles-competitivite-phase-v-1448x2048.png 1448w\" sizes=\"(max-width: 724px) 100vw, 724px\" \/><\/figure>\n\n\n\n<h2>Detailed list of the 55 competitiveness clusters.<\/h2>\n\n\n\n<p>55 competitiveness clusters:<\/p>\n\n\n\n<ul><li>47 competitiveness clusters have been labeled for a period of four years. <ul><li>Aerospace Valley, Agri SOI, ALPHA-RLH, Aquimer, Atlanpole Bioth\u00e9rapies, Axelera, Bioeconomy for change, BioValley France, Cap Digital, Cap\u00e9nergies, CARA, CIMES, Clubster NSL, Cosmetic Valley, EMC2, Eurobiomed, Finance Innovation, Hippolia, iD4CAR, Images &amp; R\u00e9seaux, Innov\u2019Alliance, i-Trans, LyonBiop\u00f4le, Medicen, Minalogic, Nextmove, Nuclear Valley, Optitec, PMT, P\u00f4le Avenia, P\u00f4le europ\u00e9en de la c\u00e9ramique, P\u00f4le Mer Bretagne Atlantique, P\u00f4le Mer M\u00e9diterran\u00e9e, P\u00f4le V\u00e9hicule du Futur, Polymeris, Qualitropic, S2E2, SAFE, SCS, Systematic, Techtera, Tenerrdis, TES, Valorial, V\u00e9g\u00e9polys Valley, Vitagora, Xylofutur.<\/li><\/ul><\/li><li>4 poles are labeled for a period of two years, extendable to four years under certain conditions:<ul><li>ASTech, EuraMaterials, Fibres-Energivie, Team\u00b2.<\/li><\/ul><\/li><li>2 clusters have been certified for a one-year period, which can be extended to four years under certain conditions:<ul><li>Derbi, Materalia.<\/li><\/ul><\/li><li>2 new competitiveness cluster projects have been labeled for a duration of two years, renewable for four years subject to effective structuring:<ul><li>ENTER et Infr@2050.<\/li><\/ul><\/li><\/ul>\n\n\n\n<div style=\"height:100px\" aria-hidden=\"true\" class=\"wp-block-spacer\"><\/div>\n\n\n\n<hr class=\"wp-block-separator has-text-color has-vivid-cyan-blue-color has-alpha-channel-opacity has-vivid-cyan-blue-background-color has-background\"\/>\n\n\n\n<h2 class=\"has-vivid-cyan-blue-color has-text-color\">Innovation Nice C\u00f4te d&#8217;Azur<\/h2>\n\n\n\n<div style=\"height:20px\" aria-hidden=\"true\" class=\"wp-block-spacer\"><\/div>\n\n\n<ul class=\"wp-block-latest-posts__list is-grid columns-2 wp-block-latest-posts\"><li><div class=\"wp-block-latest-posts__featured-image alignleft\"><a href=\"https:\/\/www.investincotedazur.com\/en\/obesity-french-first-at-nice-university-hospital\/\" aria-label=\"Obesity: French first at Nice University Hospital\"><img width=\"150\" height=\"150\" src=\"https:\/\/www.investincotedazur.com\/wp-content\/uploads\/2026\/04\/obesite-chu-de-nice-150x150.jpg\" class=\"attachment-thumbnail size-thumbnail wp-post-image\" alt=\"Obseite CHU de Nice\" style=\"max-width:50px;\" loading=\"lazy\" srcset=\"https:\/\/www.investincotedazur.com\/wp-content\/uploads\/2026\/04\/obesite-chu-de-nice-150x150.jpg 150w, https:\/\/www.investincotedazur.com\/wp-content\/uploads\/2026\/04\/obesite-chu-de-nice-300x300.jpg 300w, https:\/\/www.investincotedazur.com\/wp-content\/uploads\/2026\/04\/obesite-chu-de-nice.jpg 700w\" sizes=\"(max-width: 150px) 100vw, 150px\" \/><\/a><\/div><a class=\"wp-block-latest-posts__post-title\" href=\"https:\/\/www.investincotedazur.com\/en\/obesity-french-first-at-nice-university-hospital\/\">Obesity: French first at Nice University Hospital<\/a><\/li>\n<li><div class=\"wp-block-latest-posts__featured-image alignleft\"><a href=\"https:\/\/www.investincotedazur.com\/en\/launch-of-the-azur-territorial-research-entity-to-advance-clinical-research-on-the-french-riviera\/\" aria-label=\"Launch of the AZUR Territorial Research Entity to advance clinical research on the French Riviera\"><img width=\"150\" height=\"150\" src=\"https:\/\/www.investincotedazur.com\/wp-content\/uploads\/2026\/04\/Creation-de-lEntite-de-Recherche-Territoriale-AZUR-150x150.png\" class=\"attachment-thumbnail size-thumbnail wp-post-image\" alt=\"Cr\u00e9ation de l\u2019Entit\u00e9 de Recherche Territoriale AZUR\" style=\"max-width:50px;\" loading=\"lazy\" srcset=\"https:\/\/www.investincotedazur.com\/wp-content\/uploads\/2026\/04\/Creation-de-lEntite-de-Recherche-Territoriale-AZUR-150x150.png 150w, https:\/\/www.investincotedazur.com\/wp-content\/uploads\/2026\/04\/Creation-de-lEntite-de-Recherche-Territoriale-AZUR-700x700.png 700w\" sizes=\"(max-width: 150px) 100vw, 150px\" \/><\/a><\/div><a class=\"wp-block-latest-posts__post-title\" href=\"https:\/\/www.investincotedazur.com\/en\/launch-of-the-azur-territorial-research-entity-to-advance-clinical-research-on-the-french-riviera\/\">Launch of the AZUR Territorial Research Entity to advance clinical research on the French Riviera<\/a><\/li>\n<li><div class=\"wp-block-latest-posts__featured-image alignleft\"><a href=\"https:\/\/www.investincotedazur.com\/en\/team-nice-cote-dazur-showcases-ai-ecosystem-at-ai-business-tour-and-waicf-2026\/\" aria-label=\"Artificial intelligence: Team Nice C\u00f4te d\u2019Azur mobilized for an AI Business Tour and WAICF 2026\"><img width=\"150\" height=\"150\" src=\"https:\/\/www.investincotedazur.com\/wp-content\/uploads\/2026\/02\/investincotedazur-72-150x150.png\" class=\"attachment-thumbnail size-thumbnail wp-post-image\" alt=\"eam Nice C\u00f4te d\u2019Azur mobilized for an AI Business Tour and WAICF 2026\" style=\"max-width:50px;\" loading=\"lazy\" srcset=\"https:\/\/www.investincotedazur.com\/wp-content\/uploads\/2026\/02\/investincotedazur-72-150x150.png 150w, https:\/\/www.investincotedazur.com\/wp-content\/uploads\/2026\/02\/investincotedazur-72-700x700.png 700w\" sizes=\"(max-width: 150px) 100vw, 150px\" \/><\/a><\/div><a class=\"wp-block-latest-posts__post-title\" href=\"https:\/\/www.investincotedazur.com\/en\/team-nice-cote-dazur-showcases-ai-ecosystem-at-ai-business-tour-and-waicf-2026\/\">Artificial intelligence: Team Nice C\u00f4te d\u2019Azur mobilized for an AI Business Tour and WAICF 2026<\/a><\/li>\n<li><div class=\"wp-block-latest-posts__featured-image alignleft\"><a href=\"https:\/\/www.investincotedazur.com\/en\/universite-cote-dazur-60-years-of-territorial-anchoring-and-innovation\/\" aria-label=\"Universit\u00e9 C\u00f4te d\u2019Azur: 60 years of territorial anchoring and innovation\"><img width=\"150\" height=\"150\" src=\"https:\/\/www.investincotedazur.com\/wp-content\/uploads\/2025\/11\/investincotedazur-2025-11-07T130718.994-150x150.jpg\" class=\"attachment-thumbnail size-thumbnail wp-post-image\" alt=\"\" style=\"max-width:50px;\" loading=\"lazy\" srcset=\"https:\/\/www.investincotedazur.com\/wp-content\/uploads\/2025\/11\/investincotedazur-2025-11-07T130718.994-150x150.jpg 150w, https:\/\/www.investincotedazur.com\/wp-content\/uploads\/2025\/11\/investincotedazur-2025-11-07T130718.994-300x300.jpg 300w, https:\/\/www.investincotedazur.com\/wp-content\/uploads\/2025\/11\/investincotedazur-2025-11-07T130718.994.jpg 700w\" sizes=\"(max-width: 150px) 100vw, 150px\" \/><\/a><\/div><a class=\"wp-block-latest-posts__post-title\" href=\"https:\/\/www.investincotedazur.com\/en\/universite-cote-dazur-60-years-of-territorial-anchoring-and-innovation\/\">Universit\u00e9 C\u00f4te d\u2019Azur: 60 years of territorial anchoring and innovation<\/a><\/li>\n<li><div class=\"wp-block-latest-posts__featured-image alignleft\"><a href=\"https:\/\/www.investincotedazur.com\/en\/blue-innovation-challenge-supporting-innovation-in-marine-space-protection\/\" aria-label=\"Blue Innovation Challenge: supporting innovation in the blue economy sector\"><img width=\"150\" height=\"150\" src=\"https:\/\/www.investincotedazur.com\/wp-content\/uploads\/2023\/07\/BLUE-INNOVATION-CHALLENGE-150x150.jpg\" class=\"attachment-thumbnail size-thumbnail wp-post-image\" alt=\"BLUE-INNOVATION-CHALLENGE\" style=\"max-width:50px;\" loading=\"lazy\" srcset=\"https:\/\/www.investincotedazur.com\/wp-content\/uploads\/2023\/07\/BLUE-INNOVATION-CHALLENGE-150x150.jpg 150w, https:\/\/www.investincotedazur.com\/wp-content\/uploads\/2023\/07\/BLUE-INNOVATION-CHALLENGE-700x700.jpg 700w\" sizes=\"(max-width: 150px) 100vw, 150px\" \/><\/a><\/div><a class=\"wp-block-latest-posts__post-title\" href=\"https:\/\/www.investincotedazur.com\/en\/blue-innovation-challenge-supporting-innovation-in-marine-space-protection\/\">Blue Innovation Challenge: supporting innovation in the blue economy sector<\/a><\/li>\n<li><div class=\"wp-block-latest-posts__featured-image alignleft\"><a href=\"https:\/\/www.investincotedazur.com\/en\/nice-university-hospital-chu-is-organising-its-8th-health-research-and-innovation-evening-on-9-december\/\" aria-label=\"Nice University Hospital (CHU) is organising its 8th health research and innovation evening on 9 December\"><img width=\"150\" height=\"150\" src=\"https:\/\/www.investincotedazur.com\/wp-content\/uploads\/2025\/10\/soiree-recherche-et-innovation-chu-nice-150x150.png\" class=\"attachment-thumbnail size-thumbnail wp-post-image\" alt=\"soiree recherche et innovation chu nice\" style=\"max-width:50px;\" loading=\"lazy\" srcset=\"https:\/\/www.investincotedazur.com\/wp-content\/uploads\/2025\/10\/soiree-recherche-et-innovation-chu-nice-150x150.png 150w, https:\/\/www.investincotedazur.com\/wp-content\/uploads\/2025\/10\/soiree-recherche-et-innovation-chu-nice-700x700.png 700w\" sizes=\"(max-width: 150px) 100vw, 150px\" \/><\/a><\/div><a class=\"wp-block-latest-posts__post-title\" href=\"https:\/\/www.investincotedazur.com\/en\/nice-university-hospital-chu-is-organising-its-8th-health-research-and-innovation-evening-on-9-december\/\">Nice University Hospital (CHU) is organising its 8th health research and innovation evening on 9 December<\/a><\/li>\n<li><div class=\"wp-block-latest-posts__featured-image alignleft\"><a href=\"https:\/\/www.investincotedazur.com\/en\/vascular-surgery-at-nice-university-hospital-a-new-innovative-piece-of-equipment\/\" aria-label=\"Vascular Surgery at Nice University Hospital: A New, Innovative Piece of Equipment\"><img width=\"150\" height=\"150\" src=\"https:\/\/www.investincotedazur.com\/wp-content\/uploads\/2025\/10\/investincotedazur-2025-10-20T143642.013-150x150.jpg\" class=\"attachment-thumbnail size-thumbnail wp-post-image\" alt=\"chu nice allia igs\" style=\"max-width:50px;\" loading=\"lazy\" srcset=\"https:\/\/www.investincotedazur.com\/wp-content\/uploads\/2025\/10\/investincotedazur-2025-10-20T143642.013-150x150.jpg 150w, https:\/\/www.investincotedazur.com\/wp-content\/uploads\/2025\/10\/investincotedazur-2025-10-20T143642.013-300x300.jpg 300w, https:\/\/www.investincotedazur.com\/wp-content\/uploads\/2025\/10\/investincotedazur-2025-10-20T143642.013.jpg 700w\" sizes=\"(max-width: 150px) 100vw, 150px\" \/><\/a><\/div><a class=\"wp-block-latest-posts__post-title\" href=\"https:\/\/www.investincotedazur.com\/en\/vascular-surgery-at-nice-university-hospital-a-new-innovative-piece-of-equipment\/\">Vascular Surgery at Nice University Hospital: A New, Innovative Piece of Equipment<\/a><\/li>\n<li><div class=\"wp-block-latest-posts__featured-image alignleft\"><a href=\"https:\/\/www.investincotedazur.com\/en\/tiger-e-health-the-cote-dazur-integrates-into-alpine-innovation\/\" aria-label=\"TIGER e-health: the C\u00f4te d\u2019Azur integrates into alpine innovation\"><img width=\"150\" height=\"150\" src=\"https:\/\/www.investincotedazur.com\/wp-content\/uploads\/2025\/09\/Copie-de-investincotedazur-2025-09-09T172614.527-150x150.png\" class=\"attachment-thumbnail size-thumbnail wp-post-image\" alt=\"tiger e-sant\u00e9 : la c\u00f4te d\u2019azur s\u2019int\u00e8gre \u00e0 l\u2019innovation alpine\" style=\"max-width:50px;\" loading=\"lazy\" srcset=\"https:\/\/www.investincotedazur.com\/wp-content\/uploads\/2025\/09\/Copie-de-investincotedazur-2025-09-09T172614.527-150x150.png 150w, https:\/\/www.investincotedazur.com\/wp-content\/uploads\/2025\/09\/Copie-de-investincotedazur-2025-09-09T172614.527-700x700.png 700w\" sizes=\"(max-width: 150px) 100vw, 150px\" \/><\/a><\/div><a class=\"wp-block-latest-posts__post-title\" href=\"https:\/\/www.investincotedazur.com\/en\/tiger-e-health-the-cote-dazur-integrates-into-alpine-innovation\/\">TIGER e-health: the C\u00f4te d\u2019Azur integrates into alpine innovation<\/a><\/li>\n<li><div class=\"wp-block-latest-posts__featured-image alignleft\"><a href=\"https:\/\/www.investincotedazur.com\/en\/firecell-ultra-precise-industrial-5g-geolocation-for-airbus\/\" aria-label=\"Firecell: Ultra-precise industrial 5G geolocation for Airbus\"><img width=\"150\" height=\"150\" src=\"https:\/\/www.investincotedazur.com\/wp-content\/uploads\/2025\/09\/firecell-5g-privee-nice-150x150.jpg\" class=\"attachment-thumbnail size-thumbnail wp-post-image\" alt=\"firecell 5g priv\u00e9e nice\" style=\"max-width:50px;\" loading=\"lazy\" srcset=\"https:\/\/www.investincotedazur.com\/wp-content\/uploads\/2025\/09\/firecell-5g-privee-nice-150x150.jpg 150w, https:\/\/www.investincotedazur.com\/wp-content\/uploads\/2025\/09\/firecell-5g-privee-nice-300x300.jpg 300w, https:\/\/www.investincotedazur.com\/wp-content\/uploads\/2025\/09\/firecell-5g-privee-nice.jpg 700w\" sizes=\"(max-width: 150px) 100vw, 150px\" \/><\/a><\/div><a class=\"wp-block-latest-posts__post-title\" href=\"https:\/\/www.investincotedazur.com\/en\/firecell-ultra-precise-industrial-5g-geolocation-for-airbus\/\">Firecell: Ultra-precise industrial 5G geolocation for Airbus<\/a><\/li>\n<li><div class=\"wp-block-latest-posts__featured-image alignleft\"><a href=\"https:\/\/www.investincotedazur.com\/en\/legal-design-agency-chooses-nice-cote-dazur\/\" aria-label=\"Legal Design Agency chooses Nice C\u00f4te d\u2019Azur\"><img width=\"150\" height=\"150\" src=\"https:\/\/www.investincotedazur.com\/wp-content\/uploads\/2025\/08\/Legal-Design-Agency-Madina-Ibrahimkhel-150x150.jpg\" class=\"attachment-thumbnail size-thumbnail wp-post-image\" alt=\"Legal Design Agency - Madina Ibrahimkhel\" style=\"max-width:50px;\" loading=\"lazy\" srcset=\"https:\/\/www.investincotedazur.com\/wp-content\/uploads\/2025\/08\/Legal-Design-Agency-Madina-Ibrahimkhel-150x150.jpg 150w, https:\/\/www.investincotedazur.com\/wp-content\/uploads\/2025\/08\/Legal-Design-Agency-Madina-Ibrahimkhel-300x300.jpg 300w, https:\/\/www.investincotedazur.com\/wp-content\/uploads\/2025\/08\/Legal-Design-Agency-Madina-Ibrahimkhel.jpg 700w\" sizes=\"(max-width: 150px) 100vw, 150px\" \/><\/a><\/div><a class=\"wp-block-latest-posts__post-title\" href=\"https:\/\/www.investincotedazur.com\/en\/legal-design-agency-chooses-nice-cote-dazur\/\">Legal Design Agency chooses Nice C\u00f4te d\u2019Azur<\/a><\/li>\n<\/ul>","protected":false},"excerpt":{"rendered":"<p>The French government has announced the labeling of 55 competitiveness clusters for Phase V (2023-2026) at the General Assembly of the French Association of Competitiveness Clusters (AFPC) in the presence of Roland Lescure, Delegate Minister for Industry, Harold Huwart, representative of Regions of France, Bruno Le Maire, Minister of the Economy, Finance and Industrial and [&hellip;]<\/p>\n","protected":false},"author":14,"featured_media":14921,"comment_status":"closed","ping_status":"closed","sticky":false,"template":"","format":"standard","meta":{"_mi_skip_tracking":false,"_monsterinsights_sitenote_active":false,"_monsterinsights_sitenote_note":"","_monsterinsights_sitenote_category":0},"categories":[143,139,91,96,133,101,142],"tags":[],"acf":[],"yoast_head":"<!-- This site is optimized with the Yoast SEO plugin v19.12 - https:\/\/yoast.com\/wordpress\/plugins\/seo\/ -->\n<title>Labeling of competitiveness clusters for phase V (2023-2026) in France- Invest in C\u00f4te d&#039;Azur<\/title>\n<meta name=\"description\" content=\"55 competitiveness clusters labeled for phase V (2023-2026) in France, discover how they will contribute to strengthening innovation, green reindustrialization and energy transition.\" \/>\n<meta name=\"robots\" content=\"index, follow, max-snippet:-1, max-image-preview:large, max-video-preview:-1\" \/>\n<link rel=\"canonical\" href=\"https:\/\/www.investincotedazur.com\/en\/labeling-of-55-competitiveness-clusters-in-france-for-phase-v-2023-2026\/\" \/>\n<meta property=\"og:locale\" content=\"en_US\" \/>\n<meta property=\"og:type\" content=\"article\" \/>\n<meta property=\"og:title\" content=\"Labeling of competitiveness clusters for phase V (2023-2026) in France- Invest in C\u00f4te d&#039;Azur\" \/>\n<meta property=\"og:description\" content=\"55 competitiveness clusters labeled for phase V (2023-2026) in France, discover how they will contribute to strengthening innovation, green reindustrialization and energy transition.\" \/>\n<meta property=\"og:url\" content=\"https:\/\/www.investincotedazur.com\/en\/labeling-of-55-competitiveness-clusters-in-france-for-phase-v-2023-2026\/\" \/>\n<meta property=\"og:site_name\" content=\"Invest in C\u00f4te d&#039;Azur\" \/>\n<meta property=\"article:published_time\" content=\"2023-03-30T07:59:07+00:00\" \/>\n<meta property=\"article:modified_time\" content=\"2023-03-30T08:31:11+00:00\" \/>\n<meta property=\"og:image\" content=\"https:\/\/www.investincotedazur.com\/wp-content\/uploads\/2023\/03\/carte-55-poles-competitivite-phase-v.png\" \/>\n\t<meta property=\"og:image:width\" content=\"2480\" \/>\n\t<meta property=\"og:image:height\" content=\"3508\" \/>\n\t<meta property=\"og:image:type\" content=\"image\/png\" \/>\n<meta name=\"author\" content=\"Jose Perez Gabarron\" \/>\n<meta name=\"twitter:card\" content=\"summary_large_image\" \/>\n<meta name=\"twitter:creator\" content=\"@Investcotedazur\" \/>\n<meta name=\"twitter:site\" content=\"@Investcotedazur\" \/>\n<meta name=\"twitter:label1\" content=\"Written by\" \/>\n\t<meta name=\"twitter:data1\" content=\"Jose Perez Gabarron\" \/>\n\t<meta name=\"twitter:label2\" content=\"Est. reading time\" \/>\n\t<meta name=\"twitter:data2\" content=\"5 minutes\" \/>\n<script type=\"application\/ld+json\" class=\"yoast-schema-graph\">{\"@context\":\"https:\/\/schema.org\",\"@graph\":[{\"@type\":\"Article\",\"@id\":\"https:\/\/www.investincotedazur.com\/en\/labeling-of-55-competitiveness-clusters-in-france-for-phase-v-2023-2026\/#article\",\"isPartOf\":{\"@id\":\"https:\/\/www.investincotedazur.com\/en\/labeling-of-55-competitiveness-clusters-in-france-for-phase-v-2023-2026\/\"},\"author\":{\"name\":\"Jose Perez Gabarron\",\"@id\":\"https:\/\/www.investincotedazur.com\/en\/#\/schema\/person\/ebbeede4229d29e0861488f2bd1036d9\"},\"headline\":\"Labeling of 55 competitiveness clusters in France and 7 for the South Region\",\"datePublished\":\"2023-03-30T07:59:07+00:00\",\"dateModified\":\"2023-03-30T08:31:11+00:00\",\"mainEntityOfPage\":{\"@id\":\"https:\/\/www.investincotedazur.com\/en\/labeling-of-55-competitiveness-clusters-in-france-for-phase-v-2023-2026\/\"},\"wordCount\":816,\"publisher\":{\"@id\":\"https:\/\/www.investincotedazur.com\/en\/#organization\"},\"articleSection\":[\"Artificial Intelligence\",\"Biotechnologies\",\"Cleantech\",\"HealthTech\",\"Innovation\",\"IT\",\"New Space\"],\"inLanguage\":\"en-US\"},{\"@type\":\"WebPage\",\"@id\":\"https:\/\/www.investincotedazur.com\/en\/labeling-of-55-competitiveness-clusters-in-france-for-phase-v-2023-2026\/\",\"url\":\"https:\/\/www.investincotedazur.com\/en\/labeling-of-55-competitiveness-clusters-in-france-for-phase-v-2023-2026\/\",\"name\":\"Labeling of competitiveness clusters for phase V (2023-2026) in France- Invest in C\u00f4te d&#039;Azur\",\"isPartOf\":{\"@id\":\"https:\/\/www.investincotedazur.com\/en\/#website\"},\"datePublished\":\"2023-03-30T07:59:07+00:00\",\"dateModified\":\"2023-03-30T08:31:11+00:00\",\"description\":\"55 competitiveness clusters labeled for phase V (2023-2026) in France, discover how they will contribute to strengthening innovation, green reindustrialization and energy transition.\",\"inLanguage\":\"en-US\",\"potentialAction\":[{\"@type\":\"ReadAction\",\"target\":[\"https:\/\/www.investincotedazur.com\/en\/labeling-of-55-competitiveness-clusters-in-france-for-phase-v-2023-2026\/\"]}]},{\"@type\":\"WebSite\",\"@id\":\"https:\/\/www.investincotedazur.com\/en\/#website\",\"url\":\"https:\/\/www.investincotedazur.com\/en\/\",\"name\":\"Invest in C\u00f4te d'Azur\",\"description\":\"\",\"publisher\":{\"@id\":\"https:\/\/www.investincotedazur.com\/en\/#organization\"},\"alternateName\":\"Invest in C\u00f4te d'Azur\",\"potentialAction\":[{\"@type\":\"SearchAction\",\"target\":{\"@type\":\"EntryPoint\",\"urlTemplate\":\"https:\/\/www.investincotedazur.com\/en\/?s={search_term_string}\"},\"query-input\":\"required name=search_term_string\"}],\"inLanguage\":\"en-US\"},{\"@type\":\"Organization\",\"@id\":\"https:\/\/www.investincotedazur.com\/en\/#organization\",\"name\":\"Invest in C\u00f4te d'Azur\",\"alternateName\":\"Invest in C\u00f4te d'Azur\",\"url\":\"https:\/\/www.investincotedazur.com\/en\/\",\"logo\":{\"@type\":\"ImageObject\",\"inLanguage\":\"en-US\",\"@id\":\"https:\/\/www.investincotedazur.com\/en\/#\/schema\/logo\/image\/\",\"url\":\"https:\/\/www.investincotedazur.com\/wp-content\/uploads\/2023\/05\/cropped-New-missions-3.png\",\"contentUrl\":\"https:\/\/www.investincotedazur.com\/wp-content\/uploads\/2023\/05\/cropped-New-missions-3.png\",\"width\":512,\"height\":512,\"caption\":\"Invest in C\u00f4te d'Azur\"},\"image\":{\"@id\":\"https:\/\/www.investincotedazur.com\/en\/#\/schema\/logo\/image\/\"},\"sameAs\":[\"https:\/\/www.linkedin.com\/company\/investincotedazur\/\",\"https:\/\/twitter.com\/Investcotedazur\"]},{\"@type\":\"Person\",\"@id\":\"https:\/\/www.investincotedazur.com\/en\/#\/schema\/person\/ebbeede4229d29e0861488f2bd1036d9\",\"name\":\"Jose Perez Gabarron\",\"image\":{\"@type\":\"ImageObject\",\"inLanguage\":\"en-US\",\"@id\":\"https:\/\/www.investincotedazur.com\/en\/#\/schema\/person\/image\/\",\"url\":\"https:\/\/secure.gravatar.com\/avatar\/20ec9e74f48620b8ee4253da6b114950?s=96&d=mm&r=g\",\"contentUrl\":\"https:\/\/secure.gravatar.com\/avatar\/20ec9e74f48620b8ee4253da6b114950?s=96&d=mm&r=g\",\"caption\":\"Jose Perez Gabarron\"}}]}<\/script>\n<!-- \/ Yoast SEO plugin. -->","yoast_head_json":{"title":"Labeling of competitiveness clusters for phase V (2023-2026) in France- Invest in C\u00f4te d&#039;Azur","description":"55 competitiveness clusters labeled for phase V (2023-2026) in France, discover how they will contribute to strengthening innovation, green reindustrialization and energy transition.","robots":{"index":"index","follow":"follow","max-snippet":"max-snippet:-1","max-image-preview":"max-image-preview:large","max-video-preview":"max-video-preview:-1"},"canonical":"https:\/\/www.investincotedazur.com\/en\/labeling-of-55-competitiveness-clusters-in-france-for-phase-v-2023-2026\/","og_locale":"en_US","og_type":"article","og_title":"Labeling of competitiveness clusters for phase V (2023-2026) in France- Invest in C\u00f4te d&#039;Azur","og_description":"55 competitiveness clusters labeled for phase V (2023-2026) in France, discover how they will contribute to strengthening innovation, green reindustrialization and energy transition.","og_url":"https:\/\/www.investincotedazur.com\/en\/labeling-of-55-competitiveness-clusters-in-france-for-phase-v-2023-2026\/","og_site_name":"Invest in C\u00f4te d&#039;Azur","article_published_time":"2023-03-30T07:59:07+00:00","article_modified_time":"2023-03-30T08:31:11+00:00","og_image":[{"width":2480,"height":3508,"url":"https:\/\/www.investincotedazur.com\/wp-content\/uploads\/2023\/03\/carte-55-poles-competitivite-phase-v.png","type":"image\/png"}],"author":"Jose Perez Gabarron","twitter_card":"summary_large_image","twitter_creator":"@Investcotedazur","twitter_site":"@Investcotedazur","twitter_misc":{"Written by":"Jose Perez Gabarron","Est. reading time":"5 minutes"},"schema":{"@context":"https:\/\/schema.org","@graph":[{"@type":"Article","@id":"https:\/\/www.investincotedazur.com\/en\/labeling-of-55-competitiveness-clusters-in-france-for-phase-v-2023-2026\/#article","isPartOf":{"@id":"https:\/\/www.investincotedazur.com\/en\/labeling-of-55-competitiveness-clusters-in-france-for-phase-v-2023-2026\/"},"author":{"name":"Jose Perez Gabarron","@id":"https:\/\/www.investincotedazur.com\/en\/#\/schema\/person\/ebbeede4229d29e0861488f2bd1036d9"},"headline":"Labeling of 55 competitiveness clusters in France and 7 for the South Region","datePublished":"2023-03-30T07:59:07+00:00","dateModified":"2023-03-30T08:31:11+00:00","mainEntityOfPage":{"@id":"https:\/\/www.investincotedazur.com\/en\/labeling-of-55-competitiveness-clusters-in-france-for-phase-v-2023-2026\/"},"wordCount":816,"publisher":{"@id":"https:\/\/www.investincotedazur.com\/en\/#organization"},"articleSection":["Artificial Intelligence","Biotechnologies","Cleantech","HealthTech","Innovation","IT","New Space"],"inLanguage":"en-US"},{"@type":"WebPage","@id":"https:\/\/www.investincotedazur.com\/en\/labeling-of-55-competitiveness-clusters-in-france-for-phase-v-2023-2026\/","url":"https:\/\/www.investincotedazur.com\/en\/labeling-of-55-competitiveness-clusters-in-france-for-phase-v-2023-2026\/","name":"Labeling of competitiveness clusters for phase V (2023-2026) in France- Invest in C\u00f4te d&#039;Azur","isPartOf":{"@id":"https:\/\/www.investincotedazur.com\/en\/#website"},"datePublished":"2023-03-30T07:59:07+00:00","dateModified":"2023-03-30T08:31:11+00:00","description":"55 competitiveness clusters labeled for phase V (2023-2026) in France, discover how they will contribute to strengthening innovation, green reindustrialization and energy transition.","inLanguage":"en-US","potentialAction":[{"@type":"ReadAction","target":["https:\/\/www.investincotedazur.com\/en\/labeling-of-55-competitiveness-clusters-in-france-for-phase-v-2023-2026\/"]}]},{"@type":"WebSite","@id":"https:\/\/www.investincotedazur.com\/en\/#website","url":"https:\/\/www.investincotedazur.com\/en\/","name":"Invest in C\u00f4te d'Azur","description":"","publisher":{"@id":"https:\/\/www.investincotedazur.com\/en\/#organization"},"alternateName":"Invest in C\u00f4te d'Azur","potentialAction":[{"@type":"SearchAction","target":{"@type":"EntryPoint","urlTemplate":"https:\/\/www.investincotedazur.com\/en\/?s={search_term_string}"},"query-input":"required name=search_term_string"}],"inLanguage":"en-US"},{"@type":"Organization","@id":"https:\/\/www.investincotedazur.com\/en\/#organization","name":"Invest in C\u00f4te d'Azur","alternateName":"Invest in C\u00f4te d'Azur","url":"https:\/\/www.investincotedazur.com\/en\/","logo":{"@type":"ImageObject","inLanguage":"en-US","@id":"https:\/\/www.investincotedazur.com\/en\/#\/schema\/logo\/image\/","url":"https:\/\/www.investincotedazur.com\/wp-content\/uploads\/2023\/05\/cropped-New-missions-3.png","contentUrl":"https:\/\/www.investincotedazur.com\/wp-content\/uploads\/2023\/05\/cropped-New-missions-3.png","width":512,"height":512,"caption":"Invest in C\u00f4te d'Azur"},"image":{"@id":"https:\/\/www.investincotedazur.com\/en\/#\/schema\/logo\/image\/"},"sameAs":["https:\/\/www.linkedin.com\/company\/investincotedazur\/","https:\/\/twitter.com\/Investcotedazur"]},{"@type":"Person","@id":"https:\/\/www.investincotedazur.com\/en\/#\/schema\/person\/ebbeede4229d29e0861488f2bd1036d9","name":"Jose Perez Gabarron","image":{"@type":"ImageObject","inLanguage":"en-US","@id":"https:\/\/www.investincotedazur.com\/en\/#\/schema\/person\/image\/","url":"https:\/\/secure.gravatar.com\/avatar\/20ec9e74f48620b8ee4253da6b114950?s=96&d=mm&r=g","contentUrl":"https:\/\/secure.gravatar.com\/avatar\/20ec9e74f48620b8ee4253da6b114950?s=96&d=mm&r=g","caption":"Jose Perez Gabarron"}}]}},"_links":{"self":[{"href":"https:\/\/www.investincotedazur.com\/en\/wp-json\/wp\/v2\/posts\/14924"}],"collection":[{"href":"https:\/\/www.investincotedazur.com\/en\/wp-json\/wp\/v2\/posts"}],"about":[{"href":"https:\/\/www.investincotedazur.com\/en\/wp-json\/wp\/v2\/types\/post"}],"author":[{"embeddable":true,"href":"https:\/\/www.investincotedazur.com\/en\/wp-json\/wp\/v2\/users\/14"}],"replies":[{"embeddable":true,"href":"https:\/\/www.investincotedazur.com\/en\/wp-json\/wp\/v2\/comments?post=14924"}],"version-history":[{"count":5,"href":"https:\/\/www.investincotedazur.com\/en\/wp-json\/wp\/v2\/posts\/14924\/revisions"}],"predecessor-version":[{"id":14934,"href":"https:\/\/www.investincotedazur.com\/en\/wp-json\/wp\/v2\/posts\/14924\/revisions\/14934"}],"wp:featuredmedia":[{"embeddable":true,"href":"https:\/\/www.investincotedazur.com\/en\/wp-json\/wp\/v2\/media\/14921"}],"wp:attachment":[{"href":"https:\/\/www.investincotedazur.com\/en\/wp-json\/wp\/v2\/media?parent=14924"}],"wp:term":[{"taxonomy":"category","embeddable":true,"href":"https:\/\/www.investincotedazur.com\/en\/wp-json\/wp\/v2\/categories?post=14924"},{"taxonomy":"post_tag","embeddable":true,"href":"https:\/\/www.investincotedazur.com\/en\/wp-json\/wp\/v2\/tags?post=14924"}],"curies":[{"name":"wp","href":"https:\/\/api.w.org\/{rel}","templated":true}]}}