{"id":14848,"date":"2023-03-24T16:22:44","date_gmt":"2023-03-24T15:22:44","guid":{"rendered":"https:\/\/www.investincotedazur.com\/?p=14848"},"modified":"2023-03-24T16:32:38","modified_gmt":"2023-03-24T15:32:38","slug":"nice-creation-of-two-major-venues-for-conferences-and-trade-shows-around-the-united-nations-conference-on-the-oceans","status":"publish","type":"post","link":"https:\/\/www.investincotedazur.com\/en\/nice-creation-of-two-major-venues-for-conferences-and-trade-shows-around-the-united-nations-conference-on-the-oceans\/","title":{"rendered":"Nice: Creation of two major venues for conferences and trade shows around the United Nations Conference on the Oceans."},"content":{"rendered":"\n<figure class=\"wp-block-image size-large\"><img width=\"1024\" height=\"279\" src=\"https:\/\/www.investincotedazur.com\/wp-content\/uploads\/2023\/03\/congres-salons-nice-cote-dazur-1024x279.png\" alt=\"\" class=\"wp-image-14843\" srcset=\"https:\/\/www.investincotedazur.com\/wp-content\/uploads\/2023\/03\/congres-salons-nice-cote-dazur-1024x279.png 1024w, https:\/\/www.investincotedazur.com\/wp-content\/uploads\/2023\/03\/congres-salons-nice-cote-dazur-300x82.png 300w, https:\/\/www.investincotedazur.com\/wp-content\/uploads\/2023\/03\/congres-salons-nice-cote-dazur-768x209.png 768w, https:\/\/www.investincotedazur.com\/wp-content\/uploads\/2023\/03\/congres-salons-nice-cote-dazur.png 1100w\" sizes=\"(max-width: 1024px) 100vw, 1024px\" \/><\/figure>\n\n\n\n<div style=\"height:16px\" aria-hidden=\"true\" class=\"wp-block-spacer\"><\/div>\n\n\n\n<h2>Nice C\u00f4te d&#8217;Azur Metropolis and the CCI Nice C\u00f4te d&#8217;Azur are strengthening their collaboration to host the United Nations Conference on the Oceans.<\/h2>\n\n\n\n<p><a href=\"https:\/\/www.investincotedazur.com\/en\/nice-will-host-the-united-nations-conference-on-oceans-in-2025\/\">&#8220;The 3rd United Nations Conference on the Oceans, UNOC 2025<\/a>, which will bring together nearly 120 heads of state and government and over 20,000 representatives, <strong>will be held at the Port of Nice in June 2025.<\/strong> <\/p>\n\n\n\n<p>The organization of this summit involves the creation of a Public Interest Group (GIP) between France, the UN, Costa Rica, and the City of Nice for the development of necessary infrastructure at the Port of Nice.<\/p>\n\n\n\n<p><strong>The Nice C\u00f4te d&#8217;Azur Metropolis, owner of the Port, and the Nice C\u00f4te d&#8217;Azur Chamber of Commerce and Industry, current concessionaire, in the continuity of a trusted partnership around the economic development of the region, support for businesses, education, and vocational training, have reached an agreement aimed at enabling optimal organization of the Ocean Summit, while widely mobilizing stakeholders in the region.<\/strong><\/p>\n\n\n\n<p><\/p>\n\n\n\n<h2>This collaboration will enable the establishment of two major venues to host international-scale events.<\/h2>\n\n\n\n<p><strong>&#8220;To the west of Nice:<\/strong> the Exhibition Park within the current MIN Fleurs hall, with a capacity 30% higher than the current Exhibition Palace. <em><strong>It will be built without soil sealing.<\/strong><\/em> <\/p>\n\n\n\n<p><strong>&#8220;To the east of Nice:<\/strong> a permanent structure of around 10,000 m\u00b2 on the Quai Amiral Infernet of the Port of Nice, designed to host the Ocean Summit and future conferences It will be equipped with a plenary hall with more than 1,200 amphitheater-style seats and adjoining meeting rooms, increasing the total capacity to 1,500 seats. &#8220;The financial realization of this structure will be integrated into the organization of the Summit, of which 90% of the costs will be covered by the United Nations, France, and Costa Rica.<\/p>\n\n\n\n<p><a href=\"https:\/\/www.meet-in-nicecotedazur.com\/\" target=\"_blank\" rel=\"noreferrer noopener\"><strong>This second structure will be maintained after the Summit, allowing for future conferences to be hosted.<\/strong> <\/a><\/p>\n\n\n\n<p><\/p>\n\n\n\n<p>In parallel, the Nice C\u00f4te d&#8217;Azur Metropolis and the CCI Nice C\u00f4te d&#8217;Azur will work on a new port strategy with the direct management of the Port of Nice from July 1, 2023, ensuring continuity for employees and users. <\/p>\n\n\n\n<p>Finally, the training and apprenticeship policy in the region will be strengthened through the project to expand the Campus Sud des M\u00e9tiers, which already has 95 training programs and 1500 partner companies, supported by the M\u00e9tropole Nice C\u00f4te d&#8217;Azur on land-related issues related to this expansion.<\/p>\n\n\n\n<p><\/p>\n\n\n\n<div style=\"height:100px\" aria-hidden=\"true\" class=\"wp-block-spacer\"><\/div>\n\n\n\n<hr class=\"wp-block-separator has-text-color has-vivid-cyan-blue-color has-alpha-channel-opacity has-vivid-cyan-blue-background-color has-background\"\/>\n\n\n\n<h2 class=\"has-vivid-cyan-blue-color has-text-color\">International News Nice C\u00f4te d&#8217;Azur<\/h2>\n\n\n\n<div style=\"height:32px\" aria-hidden=\"true\" class=\"wp-block-spacer\"><\/div>\n\n\n<ul class=\"wp-block-latest-posts__list is-grid columns-2 wp-block-latest-posts\"><li><div class=\"wp-block-latest-posts__featured-image alignleft\"><img width=\"150\" height=\"150\" src=\"https:\/\/www.investincotedazur.com\/wp-content\/uploads\/2026\/04\/Twin-Jet-vols-Nice-Olbia-et-Nice-Minorque-ete-2026-150x150.png\" class=\"attachment-thumbnail size-thumbnail wp-post-image\" alt=\"Twin Jet  vols Nice-Olbia et Nice-Minorque \u00e9t\u00e9 2026\" style=\"max-width:50px;\" loading=\"lazy\" srcset=\"https:\/\/www.investincotedazur.com\/wp-content\/uploads\/2026\/04\/Twin-Jet-vols-Nice-Olbia-et-Nice-Minorque-ete-2026-150x150.png 150w, https:\/\/www.investincotedazur.com\/wp-content\/uploads\/2026\/04\/Twin-Jet-vols-Nice-Olbia-et-Nice-Minorque-ete-2026-700x700.png 700w\" sizes=\"(max-width: 150px) 100vw, 150px\" \/><\/div><a class=\"wp-block-latest-posts__post-title\" href=\"https:\/\/www.investincotedazur.com\/en\/twin-jet-new-routes-nice-olbia-and-nice-menorca-summer-2026\/\">Twin Jet new routes Nice\u2013Olbia and Nice\u2013Menorca summer 2026<\/a><\/li>\n<li><div class=\"wp-block-latest-posts__featured-image alignleft\"><img width=\"150\" height=\"150\" src=\"https:\/\/www.investincotedazur.com\/wp-content\/uploads\/2026\/04\/investincotedazur-2026-04-16T170826.346-150x150.png\" class=\"attachment-thumbnail size-thumbnail wp-post-image\" alt=\"extension t2 nice\" style=\"max-width:50px;\" loading=\"lazy\" srcset=\"https:\/\/www.investincotedazur.com\/wp-content\/uploads\/2026\/04\/investincotedazur-2026-04-16T170826.346-150x150.png 150w, https:\/\/www.investincotedazur.com\/wp-content\/uploads\/2026\/04\/investincotedazur-2026-04-16T170826.346-700x700.png 700w\" sizes=\"(max-width: 150px) 100vw, 150px\" \/><\/div><a class=\"wp-block-latest-posts__post-title\" href=\"https:\/\/www.investincotedazur.com\/en\/nice-cote-dazur-airport-terminal-2-extension-23000-sq-m-and-capacity-increased-to-18-million-passengers\/\">Nice C\u00f4te d\u2019Azur Airport Terminal 2 extension: 23,000 sq m and capacity increased to 18 million passengers<\/a><\/li>\n<li><div class=\"wp-block-latest-posts__featured-image alignleft\"><img width=\"150\" height=\"150\" src=\"https:\/\/www.investincotedazur.com\/wp-content\/uploads\/2026\/03\/aeroport-nice-cote-dazur-ete-2026-reseau-150x150.jpg\" class=\"attachment-thumbnail size-thumbnail wp-post-image\" alt=\"a\u00e9roport nice c\u00f4te d\u2019azur \u00e9t\u00e9 2026 r\u00e9seau\" style=\"max-width:50px;\" loading=\"lazy\" srcset=\"https:\/\/www.investincotedazur.com\/wp-content\/uploads\/2026\/03\/aeroport-nice-cote-dazur-ete-2026-reseau-150x150.jpg 150w, https:\/\/www.investincotedazur.com\/wp-content\/uploads\/2026\/03\/aeroport-nice-cote-dazur-ete-2026-reseau-300x300.jpg 300w, https:\/\/www.investincotedazur.com\/wp-content\/uploads\/2026\/03\/aeroport-nice-cote-dazur-ete-2026-reseau.jpg 700w\" sizes=\"(max-width: 150px) 100vw, 150px\" \/><\/div><a class=\"wp-block-latest-posts__post-title\" href=\"https:\/\/www.investincotedazur.com\/en\/nice-cote-dazur-airport-summer-2026-a-record-network-of-130-destinations\/\">Nice C\u00f4te d\u2019Azur Airport summer 2026: a record network of 130 destinations<\/a><\/li>\n<li><div class=\"wp-block-latest-posts__featured-image alignleft\"><img width=\"150\" height=\"150\" src=\"https:\/\/www.investincotedazur.com\/wp-content\/uploads\/2026\/03\/nice-cork-2026-150x150.jpg\" class=\"attachment-thumbnail size-thumbnail wp-post-image\" alt=\"nice cork 2026\" style=\"max-width:50px;\" loading=\"lazy\" srcset=\"https:\/\/www.investincotedazur.com\/wp-content\/uploads\/2026\/03\/nice-cork-2026-150x150.jpg 150w, https:\/\/www.investincotedazur.com\/wp-content\/uploads\/2026\/03\/nice-cork-2026-300x300.jpg 300w, https:\/\/www.investincotedazur.com\/wp-content\/uploads\/2026\/03\/nice-cork-2026.jpg 700w\" sizes=\"(max-width: 150px) 100vw, 150px\" \/><\/div><a class=\"wp-block-latest-posts__post-title\" href=\"https:\/\/www.investincotedazur.com\/en\/cork-nice-direct-aer-lingus-service-from-may-2026\/\">Cork\u2013Nice: Direct Aer Lingus service from May 2026<\/a><\/li>\n<li><div class=\"wp-block-latest-posts__featured-image alignleft\"><img width=\"150\" height=\"150\" src=\"https:\/\/www.investincotedazur.com\/wp-content\/uploads\/2024\/01\/aeroport-cote-azur-2023-150x150.png\" class=\"attachment-thumbnail size-thumbnail wp-post-image\" alt=\"aeroport-cote-azur-2023\" style=\"max-width:50px;\" loading=\"lazy\" srcset=\"https:\/\/www.investincotedazur.com\/wp-content\/uploads\/2024\/01\/aeroport-cote-azur-2023-150x150.png 150w, https:\/\/www.investincotedazur.com\/wp-content\/uploads\/2024\/01\/aeroport-cote-azur-2023-300x300.png 300w, https:\/\/www.investincotedazur.com\/wp-content\/uploads\/2024\/01\/aeroport-cote-azur-2023.png 700w\" sizes=\"(max-width: 150px) 100vw, 150px\" \/><\/div><a class=\"wp-block-latest-posts__post-title\" href=\"https:\/\/www.investincotedazur.com\/en\/e2-8-billion-in-economic-impact-in-2024-for-nice-cote-dazur-and-cannes-mandelieu-airports\/\">\u20ac2.8 billion in economic impact in 2024 for Nice C\u00f4te d\u2019Azur and Cannes-Mandelieu Airports<\/a><\/li>\n<li><div class=\"wp-block-latest-posts__featured-image alignleft\"><img width=\"150\" height=\"150\" src=\"https:\/\/www.investincotedazur.com\/wp-content\/uploads\/2026\/01\/mobilite-arienne-decarbonee-150x150.png\" class=\"attachment-thumbnail size-thumbnail wp-post-image\" alt=\"mobilit\u00e9 arienne decarbonee\" style=\"max-width:50px;\" loading=\"lazy\" srcset=\"https:\/\/www.investincotedazur.com\/wp-content\/uploads\/2026\/01\/mobilite-arienne-decarbonee-150x150.png 150w, https:\/\/www.investincotedazur.com\/wp-content\/uploads\/2026\/01\/mobilite-arienne-decarbonee-700x700.png 700w\" sizes=\"(max-width: 150px) 100vw, 150px\" \/><\/div><a class=\"wp-block-latest-posts__post-title\" href=\"https:\/\/www.investincotedazur.com\/en\/the-cote-dazur-is-emerging-as-a-testing-ground-for-decarbonised-air-mobility\/\">The C\u00f4te d\u2019Azur is emerging as a testing ground for decarbonised air mobility<\/a><\/li>\n<li><div class=\"wp-block-latest-posts__featured-image alignleft\"><img width=\"150\" height=\"150\" src=\"https:\/\/www.investincotedazur.com\/wp-content\/uploads\/2026\/01\/washington-nice-french-riviera-nice-2026-150x150.jpg\" class=\"attachment-thumbnail size-thumbnail wp-post-image\" alt=\"washington nice french riviera nice 2026\" style=\"max-width:50px;\" loading=\"lazy\" srcset=\"https:\/\/www.investincotedazur.com\/wp-content\/uploads\/2026\/01\/washington-nice-french-riviera-nice-2026-150x150.jpg 150w, https:\/\/www.investincotedazur.com\/wp-content\/uploads\/2026\/01\/washington-nice-french-riviera-nice-2026-300x300.jpg 300w, https:\/\/www.investincotedazur.com\/wp-content\/uploads\/2026\/01\/washington-nice-french-riviera-nice-2026.jpg 700w\" sizes=\"(max-width: 150px) 100vw, 150px\" \/><\/div><a class=\"wp-block-latest-posts__post-title\" href=\"https:\/\/www.investincotedazur.com\/en\/united-airlines-washington-nice-2026\/\">United Airlines reactivates the Nice\u2013Washington route in summer 2026<\/a><\/li>\n<li><div class=\"wp-block-latest-posts__featured-image alignleft\"><img width=\"150\" height=\"150\" src=\"https:\/\/www.investincotedazur.com\/wp-content\/uploads\/2026\/01\/investincotedazur-2026-01-21T104349.359-150x150.jpg\" class=\"attachment-thumbnail size-thumbnail wp-post-image\" alt=\"barometre arthur loyd nice\" style=\"max-width:50px;\" loading=\"lazy\" srcset=\"https:\/\/www.investincotedazur.com\/wp-content\/uploads\/2026\/01\/investincotedazur-2026-01-21T104349.359-150x150.jpg 150w, https:\/\/www.investincotedazur.com\/wp-content\/uploads\/2026\/01\/investincotedazur-2026-01-21T104349.359-300x300.jpg 300w, https:\/\/www.investincotedazur.com\/wp-content\/uploads\/2026\/01\/investincotedazur-2026-01-21T104349.359.jpg 700w\" sizes=\"(max-width: 150px) 100vw, 150px\" \/><\/div><a class=\"wp-block-latest-posts__post-title\" href=\"https:\/\/www.investincotedazur.com\/en\/nice-cote-dazur-quality-of-life-arthur-loyd-2025\/\">Nice C\u00f4te d\u2019Azur: Second Place in Quality of Life Among Major French Metropolises in the 2025 Arthur Loyd Barometer<\/a><\/li>\n<\/ul>","protected":false},"excerpt":{"rendered":"<p>Nice C\u00f4te d&#8217;Azur Metropolis and the CCI Nice C\u00f4te d&#8217;Azur are strengthening their collaboration to host the United Nations Conference on the Oceans. &#8220;The 3rd United Nations Conference on the Oceans, UNOC 2025, which will bring together nearly 120 heads of state and government and over 20,000 representatives, will be held at the Port of [&hellip;]<\/p>\n","protected":false},"author":14,"featured_media":14846,"comment_status":"closed","ping_status":"closed","sticky":false,"template":"","format":"standard","meta":{"_mi_skip_tracking":false,"_monsterinsights_sitenote_active":false,"_monsterinsights_sitenote_note":"","_monsterinsights_sitenote_category":0},"categories":[92,137,99,135,102,134],"tags":[],"acf":[],"yoast_head":"<!-- This site is optimized with the Yoast SEO plugin v19.12 - https:\/\/yoast.com\/wordpress\/plugins\/seo\/ -->\n<title>Nice: Creation of two major venues for conferences and trade shows around the United Nations Conference on the Oceans. - Invest in C\u00f4te d&#039;Azur<\/title>\n<meta name=\"description\" content=\"The Nice C\u00f4te d&#039;Azur Metropolis and the CCI Nice C\u00f4te d&#039;Azur are creating a new joint legal entity for the development and management of conferences and trade shows in the region. Two major venues will be set up to host international-scale events.\" \/>\n<meta name=\"robots\" content=\"index, follow, max-snippet:-1, max-image-preview:large, max-video-preview:-1\" \/>\n<link rel=\"canonical\" href=\"https:\/\/www.investincotedazur.com\/en\/nice-creation-of-two-major-venues-for-conferences-and-trade-shows-around-the-united-nations-conference-on-the-oceans\/\" \/>\n<meta property=\"og:locale\" content=\"en_US\" \/>\n<meta property=\"og:type\" content=\"article\" \/>\n<meta property=\"og:title\" content=\"Nice: Creation of two major venues for conferences and trade shows around the United Nations Conference on the Oceans. - Invest in C\u00f4te d&#039;Azur\" \/>\n<meta property=\"og:description\" content=\"The Nice C\u00f4te d&#039;Azur Metropolis and the CCI Nice C\u00f4te d&#039;Azur are creating a new joint legal entity for the development and management of conferences and trade shows in the region. Two major venues will be set up to host international-scale events.\" \/>\n<meta property=\"og:url\" content=\"https:\/\/www.investincotedazur.com\/en\/nice-creation-of-two-major-venues-for-conferences-and-trade-shows-around-the-united-nations-conference-on-the-oceans\/\" \/>\n<meta property=\"og:site_name\" content=\"Invest in C\u00f4te d&#039;Azur\" \/>\n<meta property=\"article:published_time\" content=\"2023-03-24T15:22:44+00:00\" \/>\n<meta property=\"article:modified_time\" content=\"2023-03-24T15:32:38+00:00\" \/>\n<meta property=\"og:image\" content=\"https:\/\/www.investincotedazur.com\/wp-content\/uploads\/2023\/03\/Metropole-NCA-CC-NCA-UNOC2025.png\" \/>\n\t<meta property=\"og:image:width\" content=\"1080\" \/>\n\t<meta property=\"og:image:height\" content=\"1080\" \/>\n\t<meta property=\"og:image:type\" content=\"image\/png\" \/>\n<meta name=\"author\" content=\"Jose Perez Gabarron\" \/>\n<meta name=\"twitter:card\" content=\"summary_large_image\" \/>\n<meta name=\"twitter:creator\" content=\"@Investcotedazur\" \/>\n<meta name=\"twitter:site\" content=\"@Investcotedazur\" \/>\n<meta name=\"twitter:label1\" content=\"Written by\" \/>\n\t<meta name=\"twitter:data1\" content=\"Jose Perez Gabarron\" \/>\n\t<meta name=\"twitter:label2\" content=\"Est. reading time\" \/>\n\t<meta name=\"twitter:data2\" content=\"3 minutes\" \/>\n<script type=\"application\/ld+json\" class=\"yoast-schema-graph\">{\"@context\":\"https:\/\/schema.org\",\"@graph\":[{\"@type\":\"Article\",\"@id\":\"https:\/\/www.investincotedazur.com\/en\/nice-creation-of-two-major-venues-for-conferences-and-trade-shows-around-the-united-nations-conference-on-the-oceans\/#article\",\"isPartOf\":{\"@id\":\"https:\/\/www.investincotedazur.com\/en\/nice-creation-of-two-major-venues-for-conferences-and-trade-shows-around-the-united-nations-conference-on-the-oceans\/\"},\"author\":{\"name\":\"Jose Perez Gabarron\",\"@id\":\"https:\/\/www.investincotedazur.com\/en\/#\/schema\/person\/ebbeede4229d29e0861488f2bd1036d9\"},\"headline\":\"Nice: Creation of two major venues for conferences and trade shows around the United Nations Conference on the Oceans.\",\"datePublished\":\"2023-03-24T15:22:44+00:00\",\"dateModified\":\"2023-03-24T15:32:38+00:00\",\"mainEntityOfPage\":{\"@id\":\"https:\/\/www.investincotedazur.com\/en\/nice-creation-of-two-major-venues-for-conferences-and-trade-shows-around-the-united-nations-conference-on-the-oceans\/\"},\"wordCount\":412,\"publisher\":{\"@id\":\"https:\/\/www.investincotedazur.com\/en\/#organization\"},\"articleSection\":[\"C\u00f4te d'Azur Planning\",\"Events\",\"Infrastructures\",\"International\",\"Nice C\u00f4te d'Azur Metropolis\",\"Nice Ecovall\u00e9e\"],\"inLanguage\":\"en-US\"},{\"@type\":\"WebPage\",\"@id\":\"https:\/\/www.investincotedazur.com\/en\/nice-creation-of-two-major-venues-for-conferences-and-trade-shows-around-the-united-nations-conference-on-the-oceans\/\",\"url\":\"https:\/\/www.investincotedazur.com\/en\/nice-creation-of-two-major-venues-for-conferences-and-trade-shows-around-the-united-nations-conference-on-the-oceans\/\",\"name\":\"Nice: Creation of two major venues for conferences and trade shows around the United Nations Conference on the Oceans. - Invest in C\u00f4te d&#039;Azur\",\"isPartOf\":{\"@id\":\"https:\/\/www.investincotedazur.com\/en\/#website\"},\"datePublished\":\"2023-03-24T15:22:44+00:00\",\"dateModified\":\"2023-03-24T15:32:38+00:00\",\"description\":\"The Nice C\u00f4te d'Azur Metropolis and the CCI Nice C\u00f4te d'Azur are creating a new joint legal entity for the development and management of conferences and trade shows in the region. Two major venues will be set up to host international-scale events.\",\"inLanguage\":\"en-US\",\"potentialAction\":[{\"@type\":\"ReadAction\",\"target\":[\"https:\/\/www.investincotedazur.com\/en\/nice-creation-of-two-major-venues-for-conferences-and-trade-shows-around-the-united-nations-conference-on-the-oceans\/\"]}]},{\"@type\":\"WebSite\",\"@id\":\"https:\/\/www.investincotedazur.com\/en\/#website\",\"url\":\"https:\/\/www.investincotedazur.com\/en\/\",\"name\":\"Invest in C\u00f4te d'Azur\",\"description\":\"\",\"publisher\":{\"@id\":\"https:\/\/www.investincotedazur.com\/en\/#organization\"},\"alternateName\":\"Invest in C\u00f4te d'Azur\",\"potentialAction\":[{\"@type\":\"SearchAction\",\"target\":{\"@type\":\"EntryPoint\",\"urlTemplate\":\"https:\/\/www.investincotedazur.com\/en\/?s={search_term_string}\"},\"query-input\":\"required name=search_term_string\"}],\"inLanguage\":\"en-US\"},{\"@type\":\"Organization\",\"@id\":\"https:\/\/www.investincotedazur.com\/en\/#organization\",\"name\":\"Invest in C\u00f4te d'Azur\",\"alternateName\":\"Invest in C\u00f4te d'Azur\",\"url\":\"https:\/\/www.investincotedazur.com\/en\/\",\"logo\":{\"@type\":\"ImageObject\",\"inLanguage\":\"en-US\",\"@id\":\"https:\/\/www.investincotedazur.com\/en\/#\/schema\/logo\/image\/\",\"url\":\"https:\/\/www.investincotedazur.com\/wp-content\/uploads\/2023\/05\/cropped-New-missions-3.png\",\"contentUrl\":\"https:\/\/www.investincotedazur.com\/wp-content\/uploads\/2023\/05\/cropped-New-missions-3.png\",\"width\":512,\"height\":512,\"caption\":\"Invest in C\u00f4te d'Azur\"},\"image\":{\"@id\":\"https:\/\/www.investincotedazur.com\/en\/#\/schema\/logo\/image\/\"},\"sameAs\":[\"https:\/\/www.linkedin.com\/company\/investincotedazur\/\",\"https:\/\/twitter.com\/Investcotedazur\"]},{\"@type\":\"Person\",\"@id\":\"https:\/\/www.investincotedazur.com\/en\/#\/schema\/person\/ebbeede4229d29e0861488f2bd1036d9\",\"name\":\"Jose Perez Gabarron\",\"image\":{\"@type\":\"ImageObject\",\"inLanguage\":\"en-US\",\"@id\":\"https:\/\/www.investincotedazur.com\/en\/#\/schema\/person\/image\/\",\"url\":\"https:\/\/secure.gravatar.com\/avatar\/20ec9e74f48620b8ee4253da6b114950?s=96&d=mm&r=g\",\"contentUrl\":\"https:\/\/secure.gravatar.com\/avatar\/20ec9e74f48620b8ee4253da6b114950?s=96&d=mm&r=g\",\"caption\":\"Jose Perez Gabarron\"}}]}<\/script>\n<!-- \/ Yoast SEO plugin. -->","yoast_head_json":{"title":"Nice: Creation of two major venues for conferences and trade shows around the United Nations Conference on the Oceans. - Invest in C\u00f4te d&#039;Azur","description":"The Nice C\u00f4te d'Azur Metropolis and the CCI Nice C\u00f4te d'Azur are creating a new joint legal entity for the development and management of conferences and trade shows in the region. Two major venues will be set up to host international-scale events.","robots":{"index":"index","follow":"follow","max-snippet":"max-snippet:-1","max-image-preview":"max-image-preview:large","max-video-preview":"max-video-preview:-1"},"canonical":"https:\/\/www.investincotedazur.com\/en\/nice-creation-of-two-major-venues-for-conferences-and-trade-shows-around-the-united-nations-conference-on-the-oceans\/","og_locale":"en_US","og_type":"article","og_title":"Nice: Creation of two major venues for conferences and trade shows around the United Nations Conference on the Oceans. - Invest in C\u00f4te d&#039;Azur","og_description":"The Nice C\u00f4te d'Azur Metropolis and the CCI Nice C\u00f4te d'Azur are creating a new joint legal entity for the development and management of conferences and trade shows in the region. Two major venues will be set up to host international-scale events.","og_url":"https:\/\/www.investincotedazur.com\/en\/nice-creation-of-two-major-venues-for-conferences-and-trade-shows-around-the-united-nations-conference-on-the-oceans\/","og_site_name":"Invest in C\u00f4te d&#039;Azur","article_published_time":"2023-03-24T15:22:44+00:00","article_modified_time":"2023-03-24T15:32:38+00:00","og_image":[{"width":1080,"height":1080,"url":"https:\/\/www.investincotedazur.com\/wp-content\/uploads\/2023\/03\/Metropole-NCA-CC-NCA-UNOC2025.png","type":"image\/png"}],"author":"Jose Perez Gabarron","twitter_card":"summary_large_image","twitter_creator":"@Investcotedazur","twitter_site":"@Investcotedazur","twitter_misc":{"Written by":"Jose Perez Gabarron","Est. reading time":"3 minutes"},"schema":{"@context":"https:\/\/schema.org","@graph":[{"@type":"Article","@id":"https:\/\/www.investincotedazur.com\/en\/nice-creation-of-two-major-venues-for-conferences-and-trade-shows-around-the-united-nations-conference-on-the-oceans\/#article","isPartOf":{"@id":"https:\/\/www.investincotedazur.com\/en\/nice-creation-of-two-major-venues-for-conferences-and-trade-shows-around-the-united-nations-conference-on-the-oceans\/"},"author":{"name":"Jose Perez Gabarron","@id":"https:\/\/www.investincotedazur.com\/en\/#\/schema\/person\/ebbeede4229d29e0861488f2bd1036d9"},"headline":"Nice: Creation of two major venues for conferences and trade shows around the United Nations Conference on the Oceans.","datePublished":"2023-03-24T15:22:44+00:00","dateModified":"2023-03-24T15:32:38+00:00","mainEntityOfPage":{"@id":"https:\/\/www.investincotedazur.com\/en\/nice-creation-of-two-major-venues-for-conferences-and-trade-shows-around-the-united-nations-conference-on-the-oceans\/"},"wordCount":412,"publisher":{"@id":"https:\/\/www.investincotedazur.com\/en\/#organization"},"articleSection":["C\u00f4te d'Azur Planning","Events","Infrastructures","International","Nice C\u00f4te d'Azur Metropolis","Nice Ecovall\u00e9e"],"inLanguage":"en-US"},{"@type":"WebPage","@id":"https:\/\/www.investincotedazur.com\/en\/nice-creation-of-two-major-venues-for-conferences-and-trade-shows-around-the-united-nations-conference-on-the-oceans\/","url":"https:\/\/www.investincotedazur.com\/en\/nice-creation-of-two-major-venues-for-conferences-and-trade-shows-around-the-united-nations-conference-on-the-oceans\/","name":"Nice: Creation of two major venues for conferences and trade shows around the United Nations Conference on the Oceans. - Invest in C\u00f4te d&#039;Azur","isPartOf":{"@id":"https:\/\/www.investincotedazur.com\/en\/#website"},"datePublished":"2023-03-24T15:22:44+00:00","dateModified":"2023-03-24T15:32:38+00:00","description":"The Nice C\u00f4te d'Azur Metropolis and the CCI Nice C\u00f4te d'Azur are creating a new joint legal entity for the development and management of conferences and trade shows in the region. Two major venues will be set up to host international-scale events.","inLanguage":"en-US","potentialAction":[{"@type":"ReadAction","target":["https:\/\/www.investincotedazur.com\/en\/nice-creation-of-two-major-venues-for-conferences-and-trade-shows-around-the-united-nations-conference-on-the-oceans\/"]}]},{"@type":"WebSite","@id":"https:\/\/www.investincotedazur.com\/en\/#website","url":"https:\/\/www.investincotedazur.com\/en\/","name":"Invest in C\u00f4te d'Azur","description":"","publisher":{"@id":"https:\/\/www.investincotedazur.com\/en\/#organization"},"alternateName":"Invest in C\u00f4te d'Azur","potentialAction":[{"@type":"SearchAction","target":{"@type":"EntryPoint","urlTemplate":"https:\/\/www.investincotedazur.com\/en\/?s={search_term_string}"},"query-input":"required name=search_term_string"}],"inLanguage":"en-US"},{"@type":"Organization","@id":"https:\/\/www.investincotedazur.com\/en\/#organization","name":"Invest in C\u00f4te d'Azur","alternateName":"Invest in C\u00f4te d'Azur","url":"https:\/\/www.investincotedazur.com\/en\/","logo":{"@type":"ImageObject","inLanguage":"en-US","@id":"https:\/\/www.investincotedazur.com\/en\/#\/schema\/logo\/image\/","url":"https:\/\/www.investincotedazur.com\/wp-content\/uploads\/2023\/05\/cropped-New-missions-3.png","contentUrl":"https:\/\/www.investincotedazur.com\/wp-content\/uploads\/2023\/05\/cropped-New-missions-3.png","width":512,"height":512,"caption":"Invest in C\u00f4te d'Azur"},"image":{"@id":"https:\/\/www.investincotedazur.com\/en\/#\/schema\/logo\/image\/"},"sameAs":["https:\/\/www.linkedin.com\/company\/investincotedazur\/","https:\/\/twitter.com\/Investcotedazur"]},{"@type":"Person","@id":"https:\/\/www.investincotedazur.com\/en\/#\/schema\/person\/ebbeede4229d29e0861488f2bd1036d9","name":"Jose Perez Gabarron","image":{"@type":"ImageObject","inLanguage":"en-US","@id":"https:\/\/www.investincotedazur.com\/en\/#\/schema\/person\/image\/","url":"https:\/\/secure.gravatar.com\/avatar\/20ec9e74f48620b8ee4253da6b114950?s=96&d=mm&r=g","contentUrl":"https:\/\/secure.gravatar.com\/avatar\/20ec9e74f48620b8ee4253da6b114950?s=96&d=mm&r=g","caption":"Jose Perez Gabarron"}}]}},"_links":{"self":[{"href":"https:\/\/www.investincotedazur.com\/en\/wp-json\/wp\/v2\/posts\/14848"}],"collection":[{"href":"https:\/\/www.investincotedazur.com\/en\/wp-json\/wp\/v2\/posts"}],"about":[{"href":"https:\/\/www.investincotedazur.com\/en\/wp-json\/wp\/v2\/types\/post"}],"author":[{"embeddable":true,"href":"https:\/\/www.investincotedazur.com\/en\/wp-json\/wp\/v2\/users\/14"}],"replies":[{"embeddable":true,"href":"https:\/\/www.investincotedazur.com\/en\/wp-json\/wp\/v2\/comments?post=14848"}],"version-history":[{"count":4,"href":"https:\/\/www.investincotedazur.com\/en\/wp-json\/wp\/v2\/posts\/14848\/revisions"}],"predecessor-version":[{"id":14852,"href":"https:\/\/www.investincotedazur.com\/en\/wp-json\/wp\/v2\/posts\/14848\/revisions\/14852"}],"wp:featuredmedia":[{"embeddable":true,"href":"https:\/\/www.investincotedazur.com\/en\/wp-json\/wp\/v2\/media\/14846"}],"wp:attachment":[{"href":"https:\/\/www.investincotedazur.com\/en\/wp-json\/wp\/v2\/media?parent=14848"}],"wp:term":[{"taxonomy":"category","embeddable":true,"href":"https:\/\/www.investincotedazur.com\/en\/wp-json\/wp\/v2\/categories?post=14848"},{"taxonomy":"post_tag","embeddable":true,"href":"https:\/\/www.investincotedazur.com\/en\/wp-json\/wp\/v2\/tags?post=14848"}],"curies":[{"name":"wp","href":"https:\/\/api.w.org\/{rel}","templated":true}]}}