{"id":14654,"date":"2023-03-13T14:37:57","date_gmt":"2023-03-13T13:37:57","guid":{"rendered":"https:\/\/www.investincotedazur.com\/?p=14654"},"modified":"2025-08-06T11:58:48","modified_gmt":"2025-08-06T09:58:48","slug":"centrale-mediterranee-in-nice-inauguration","status":"publish","type":"post","link":"https:\/\/www.investincotedazur.com\/en\/centrale-mediterranee-in-nice-inauguration\/","title":{"rendered":"Centrale M\u00e9diterran\u00e9e in Nice: Inauguration"},"content":{"rendered":"\n<p>Centrale Marseille has undergone a transformation by becoming Centrale M\u00e9diterran\u00e9e, but it has also expanded. <\/p>\n\n\n\n<p>Centrale M\u00e9diterran\u00e9e is a public Grande \u00c9cole of engineering within the prestigious Groupe des \u00c9coles Centrale, and is located in two cities: Marseille and Nice. <\/p>\n\n\n\n<p>It offers a complete range of training courses, from post-baccalaureate to doctorate level.<\/p>\n\n\n\n<p>The Nice campus is located in the heart of Nice Ecovall\u00e9e, within the Premium building in the Nice Meridia eco-district. <\/p>\n\n\n\n<p>Currently, a postgraduate program dedicated to digital transformation called &#8220;Centrale DigitalLab&#8221; is offered for students with a Bachelor&#8217;s degree, at the Nice campus. <\/p>\n\n\n\n<p><a href=\"https:\/\/www.investincotedazur.com\/en\/nice-centrale-mediterranee-is-launching-a-bachelors-degree-program-in-responsible-engineering-and-digital-transformations-for-the-academic-year-starting-in-2023\/\">A three-year program for Bachelor&#8217;s degree holders called &#8220;Bachelor of Science and Engineering: Responsible Engineering and Digital Transformations&#8221;<\/a> will have its first intake in September 2023. <\/p>\n\n\n\n<p>Soon, options for students pursuing an engineering curriculum will also be taught at the Nice campus. <\/p>\n\n\n\n<p>The establishment of this second campus in Nice is the result of a convergence of shared aspirations between the school&#8217;s expansion plans and a dynamic region that is committed to developing more engineering talent to meet the demands of businesses.<\/p>\n\n\n\n<p><\/p>\n\n\n\n<p>Centrale M\u00e9diterran\u00e9e has undertaken significant changes in the programs it offers in Marseille and Nice in response to current challenges. &#8220;In a changing world, our ambition is to train engineers who are involved in the community&#8221;, stated Carole Deumi\u00e9, director of Centrale M\u00e9diterran\u00e9e. &#8220;Our pedagogy is based on scientific rigor, creativity, and ethics. Centralien engineers distinguish themselves by their ability to find solutions to adapt to the environmental and social challenges of our time,&#8221; added Carole Deumi\u00e9, director of Centrale M\u00e9diterran\u00e9e.<\/p>\n\n\n\n<p><em>Centrale M\u00e9diterran\u00e9e has three goals,&#8221; Carole Deumi\u00e9 reiterated, &#8220;to attract through education, innovate through science, and grow through collaboration. In addition to our generalist and interdisciplinary scientific DNA, our pedagogy integrates the essential skills needed to accompany the transformation of companies and organizations: the ability to make decisions in uncertainty, to manage complex projects, to cooperate and be open to diversity, and to have a thoughtful perspective on technology.&#8221;<\/em><\/p>\n\n\n\n<p><em>&#8220;It is with great pleasure,&#8221; added Christian Estrosi, Mayor of Nice and President of Nice C\u00f4te d&#8217;Azur Metropolis &#8220;that in 2022, <a href=\"https:\/\/www.investincotedazur.com\/centrale-marseille-nice\/\">the city of Nice welcomed the brand new campus of Centrale Marseille on its territory<\/a>, a public school of generalist engineering, heir to 130 years of engineering training in the Sud region.&#8221;<\/em><\/p>\n\n\n\n<p><\/p>\n\n\n\n<p><\/p>\n\n\n\n<p><\/p>\n\n\n\n<h2 class=\"has-vivid-cyan-blue-color has-text-color\">Centrale M\u00e9diterran\u00e9e is being launched in Nice<\/h2>\n\n\n\n<figure class=\"wp-block-embed is-type-video is-provider-youtube wp-block-embed-youtube wp-embed-aspect-16-9 wp-has-aspect-ratio\"><div class=\"wp-block-embed__wrapper\">\n<iframe title=\"Lancement de Centrale M\u00e9diterran\u00e9e \u00e0 Nice\" width=\"800\" height=\"450\" src=\"https:\/\/www.youtube.com\/embed\/kB6it88QsiU?feature=oembed&#038;enablejsapi=1&#038;origin=https:\/\/www.investincotedazur.com\" frameborder=\"0\" allow=\"accelerometer; autoplay; clipboard-write; encrypted-media; gyroscope; picture-in-picture; web-share\" allowfullscreen><\/iframe>\n<\/div><\/figure>\n\n\n\n<div style=\"height:100px\" aria-hidden=\"true\" class=\"wp-block-spacer\"><\/div>\n\n\n\n<hr class=\"wp-block-separator has-text-color has-vivid-cyan-blue-color has-alpha-channel-opacity has-vivid-cyan-blue-background-color has-background\"\/>\n\n\n\n<h2 class=\"has-vivid-cyan-blue-color has-text-color\">Higher Education Nice C\u00f4te d&#8217;Azur<\/h2>\n\n\n\n<div style=\"height:18px\" aria-hidden=\"true\" class=\"wp-block-spacer\"><\/div>\n\n\n<ul class=\"wp-block-latest-posts__list is-grid columns-2 wp-block-latest-posts\"><li><div class=\"wp-block-latest-posts__featured-image alignleft\"><img width=\"150\" height=\"150\" src=\"https:\/\/www.investincotedazur.com\/wp-content\/uploads\/2026\/01\/nice-5eme-ville-de-france-150x150.jpg\" class=\"attachment-thumbnail size-thumbnail wp-post-image\" alt=\"nice 5eme ville de france\" style=\"max-width:50px;\" loading=\"lazy\" srcset=\"https:\/\/www.investincotedazur.com\/wp-content\/uploads\/2026\/01\/nice-5eme-ville-de-france-150x150.jpg 150w, https:\/\/www.investincotedazur.com\/wp-content\/uploads\/2026\/01\/nice-5eme-ville-de-france-300x300.jpg 300w, https:\/\/www.investincotedazur.com\/wp-content\/uploads\/2026\/01\/nice-5eme-ville-de-france.jpg 700w\" sizes=\"(max-width: 150px) 100vw, 150px\" \/><\/div><a class=\"wp-block-latest-posts__post-title\" href=\"https:\/\/www.investincotedazur.com\/en\/nice-5th-largest-city-in-france-by-population\/\">Nice, 5th largest city in France by population<\/a><\/li>\n<li><div class=\"wp-block-latest-posts__featured-image alignleft\"><img width=\"150\" height=\"150\" src=\"https:\/\/www.investincotedazur.com\/wp-content\/uploads\/2025\/11\/conference-de-presse-CHU-DE-NICE-Bourret-Levraut-Dellamonica-Lagorce-Carles-Contenti-scaled-1-150x150.jpg\" class=\"attachment-thumbnail size-thumbnail wp-post-image\" alt=\"conference-de-presse-CHU-DE-NICE-Bourret-Levraut-Dellamonica-Lagorce-Carles-Contenti-scaled\" style=\"max-width:50px;\" loading=\"lazy\" srcset=\"https:\/\/www.investincotedazur.com\/wp-content\/uploads\/2025\/11\/conference-de-presse-CHU-DE-NICE-Bourret-Levraut-Dellamonica-Lagorce-Carles-Contenti-scaled-1-150x150.jpg 150w, https:\/\/www.investincotedazur.com\/wp-content\/uploads\/2025\/11\/conference-de-presse-CHU-DE-NICE-Bourret-Levraut-Dellamonica-Lagorce-Carles-Contenti-scaled-1-700x700.jpg 700w\" sizes=\"(max-width: 150px) 100vw, 150px\" \/><\/div><a class=\"wp-block-latest-posts__post-title\" href=\"https:\/\/www.investincotedazur.com\/en\/nice-university-hospital-chu-a-living-laboratory-of-hospital-transformation\/\">Nice University Hospital (CHU): a living laboratory of hospital transformation<\/a><\/li>\n<li><div class=\"wp-block-latest-posts__featured-image alignleft\"><img width=\"150\" height=\"150\" src=\"https:\/\/www.investincotedazur.com\/wp-content\/uploads\/2025\/11\/investincotedazur-2025-11-07T130718.994-150x150.jpg\" class=\"attachment-thumbnail size-thumbnail wp-post-image\" alt=\"\" style=\"max-width:50px;\" loading=\"lazy\" srcset=\"https:\/\/www.investincotedazur.com\/wp-content\/uploads\/2025\/11\/investincotedazur-2025-11-07T130718.994-150x150.jpg 150w, https:\/\/www.investincotedazur.com\/wp-content\/uploads\/2025\/11\/investincotedazur-2025-11-07T130718.994-300x300.jpg 300w, https:\/\/www.investincotedazur.com\/wp-content\/uploads\/2025\/11\/investincotedazur-2025-11-07T130718.994.jpg 700w\" sizes=\"(max-width: 150px) 100vw, 150px\" \/><\/div><a class=\"wp-block-latest-posts__post-title\" href=\"https:\/\/www.investincotedazur.com\/en\/universite-cote-dazur-60-years-of-territorial-anchoring-and-innovation\/\">Universit\u00e9 C\u00f4te d\u2019Azur: 60 years of territorial anchoring and innovation<\/a><\/li>\n<li><div class=\"wp-block-latest-posts__featured-image alignleft\"><img width=\"150\" height=\"150\" src=\"https:\/\/www.investincotedazur.com\/wp-content\/uploads\/2025\/09\/enseignement-superieur-nice-150x150.jpg\" class=\"attachment-thumbnail size-thumbnail wp-post-image\" alt=\"enseignement sup\u00e9rieur nice\" style=\"max-width:50px;\" loading=\"lazy\" srcset=\"https:\/\/www.investincotedazur.com\/wp-content\/uploads\/2025\/09\/enseignement-superieur-nice-150x150.jpg 150w, https:\/\/www.investincotedazur.com\/wp-content\/uploads\/2025\/09\/enseignement-superieur-nice-700x700.jpg 700w\" sizes=\"(max-width: 150px) 100vw, 150px\" \/><\/div><a class=\"wp-block-latest-posts__post-title\" href=\"https:\/\/www.investincotedazur.com\/en\/higher-education-in-nice-a-structured-development-strategy\/\">Higher education in Nice: a structured development strategy<\/a><\/li>\n<li><div class=\"wp-block-latest-posts__featured-image alignleft\"><img width=\"150\" height=\"150\" src=\"https:\/\/www.investincotedazur.com\/wp-content\/uploads\/2025\/07\/rentree-universite-cote-dazur-150x150.jpg\" class=\"attachment-thumbnail size-thumbnail wp-post-image\" alt=\"rentr\u00e9e universite cote dazur\" style=\"max-width:50px;\" loading=\"lazy\" srcset=\"https:\/\/www.investincotedazur.com\/wp-content\/uploads\/2025\/07\/rentree-universite-cote-dazur-150x150.jpg 150w, https:\/\/www.investincotedazur.com\/wp-content\/uploads\/2025\/07\/rentree-universite-cote-dazur-300x300.jpg 300w, https:\/\/www.investincotedazur.com\/wp-content\/uploads\/2025\/07\/rentree-universite-cote-dazur.jpg 700w\" sizes=\"(max-width: 150px) 100vw, 150px\" \/><\/div><a class=\"wp-block-latest-posts__post-title\" href=\"https:\/\/www.investincotedazur.com\/en\/back-to-school-2025-at-universite-cote-dazur\/\">Back-to-school 2025 at Universit\u00e9 C\u00f4te d\u2019Azur<\/a><\/li>\n<li><div class=\"wp-block-latest-posts__featured-image alignleft\"><img width=\"150\" height=\"150\" src=\"https:\/\/www.investincotedazur.com\/wp-content\/uploads\/2025\/06\/faculte-pharmacie-nice-150x150.jpg\" class=\"attachment-thumbnail size-thumbnail wp-post-image\" alt=\"faculte-pharmacie-nice\" style=\"max-width:50px;\" loading=\"lazy\" srcset=\"https:\/\/www.investincotedazur.com\/wp-content\/uploads\/2025\/06\/faculte-pharmacie-nice-150x150.jpg 150w, https:\/\/www.investincotedazur.com\/wp-content\/uploads\/2025\/06\/faculte-pharmacie-nice-300x300.jpg 300w, https:\/\/www.investincotedazur.com\/wp-content\/uploads\/2025\/06\/faculte-pharmacie-nice.jpg 700w\" sizes=\"(max-width: 150px) 100vw, 150px\" \/><\/div><a class=\"wp-block-latest-posts__post-title\" href=\"https:\/\/www.investincotedazur.com\/en\/universite-cote-dazur-to-open-a-pharmacy-department\/\">Nice welcomes its first faculty of pharmacy: a major step forward for health education on the C\u00f4te d\u2019Azur.<\/a><\/li>\n<li><div class=\"wp-block-latest-posts__featured-image alignleft\"><img width=\"150\" height=\"150\" src=\"https:\/\/www.investincotedazur.com\/wp-content\/uploads\/2025\/06\/Copie-de-investincotedazur-59-150x150.png\" class=\"attachment-thumbnail size-thumbnail wp-post-image\" alt=\"Nice Ville \u00e9tudiante\" style=\"max-width:50px;\" loading=\"lazy\" srcset=\"https:\/\/www.investincotedazur.com\/wp-content\/uploads\/2025\/06\/Copie-de-investincotedazur-59-150x150.png 150w, https:\/\/www.investincotedazur.com\/wp-content\/uploads\/2025\/06\/Copie-de-investincotedazur-59-700x700.png 700w\" sizes=\"(max-width: 150px) 100vw, 150px\" \/><\/div><a class=\"wp-block-latest-posts__post-title\" href=\"https:\/\/www.investincotedazur.com\/en\/nice-climbs-15-places-in-the-student-city-ranking-by-letudiant-magazine\/\">Nice climbs 15 places in the student city ranking by L\u2019\u00c9tudiant magazine<\/a><\/li>\n<li><div class=\"wp-block-latest-posts__featured-image alignleft\"><img width=\"150\" height=\"150\" src=\"https:\/\/www.investincotedazur.com\/wp-content\/uploads\/2022\/08\/land-your-business-nice-cote-dazur-1024x1024-1-150x150.png\" class=\"attachment-thumbnail size-thumbnail wp-post-image\" alt=\"\" style=\"max-width:50px;\" loading=\"lazy\" srcset=\"https:\/\/www.investincotedazur.com\/wp-content\/uploads\/2022\/08\/land-your-business-nice-cote-dazur-1024x1024-1-150x150.png 150w, https:\/\/www.investincotedazur.com\/wp-content\/uploads\/2022\/08\/land-your-business-nice-cote-dazur-1024x1024-1-300x300.png 300w, https:\/\/www.investincotedazur.com\/wp-content\/uploads\/2022\/08\/land-your-business-nice-cote-dazur-1024x1024-1.png 1024w, https:\/\/www.investincotedazur.com\/wp-content\/uploads\/2022\/08\/land-your-business-nice-cote-dazur-1024x1024-1-768x768.png 768w, https:\/\/www.investincotedazur.com\/wp-content\/uploads\/2022\/08\/land-your-business-nice-cote-dazur-1024x1024-1-700x700.png 700w\" sizes=\"(max-width: 150px) 100vw, 150px\" \/><\/div><a class=\"wp-block-latest-posts__post-title\" href=\"https:\/\/www.investincotedazur.com\/en\/business-landing-nice-cote-dazur-support-for-business-set-up-in-france\/\">Business Landing Nice C\u00f4te d&#8217;Azur: Support for business set up in France<\/a><\/li>\n<li><div class=\"wp-block-latest-posts__featured-image alignleft\"><img width=\"150\" height=\"150\" src=\"https:\/\/www.investincotedazur.com\/wp-content\/uploads\/2025\/04\/investincotedazur-1-150x150.png\" class=\"attachment-thumbnail size-thumbnail wp-post-image\" alt=\"Recherche US Universit\u00e9 Cote d&#039;Azur\" style=\"max-width:50px;\" loading=\"lazy\" srcset=\"https:\/\/www.investincotedazur.com\/wp-content\/uploads\/2025\/04\/investincotedazur-1-150x150.png 150w, https:\/\/www.investincotedazur.com\/wp-content\/uploads\/2025\/04\/investincotedazur-1-300x300.png 300w, https:\/\/www.investincotedazur.com\/wp-content\/uploads\/2025\/04\/investincotedazur-1.png 700w\" sizes=\"(max-width: 150px) 100vw, 150px\" \/><\/div><a class=\"wp-block-latest-posts__post-title\" href=\"https:\/\/www.investincotedazur.com\/en\/universite-cote-dazur-structures-its-welcome-for-american-scientists\/\">Universit\u00e9 C\u00f4te d&#8217;Azur structures its welcome for American scientists<\/a><\/li>\n<li><div class=\"wp-block-latest-posts__featured-image alignleft\"><img width=\"150\" height=\"150\" src=\"https:\/\/www.investincotedazur.com\/wp-content\/uploads\/2025\/01\/INPHYNI-Nice-Meridia-150x150.jpg\" class=\"attachment-thumbnail size-thumbnail wp-post-image\" alt=\"INPHYNI Nice Meridia\" style=\"max-width:50px;\" loading=\"lazy\" srcset=\"https:\/\/www.investincotedazur.com\/wp-content\/uploads\/2025\/01\/INPHYNI-Nice-Meridia-150x150.jpg 150w, https:\/\/www.investincotedazur.com\/wp-content\/uploads\/2025\/01\/INPHYNI-Nice-Meridia-300x300.jpg 300w, https:\/\/www.investincotedazur.com\/wp-content\/uploads\/2025\/01\/INPHYNI-Nice-Meridia.jpg 700w\" sizes=\"(max-width: 150px) 100vw, 150px\" \/><\/div><a class=\"wp-block-latest-posts__post-title\" href=\"https:\/\/www.investincotedazur.com\/en\/institut-de-physique-de-nice-inphyni-a-center-of-excellence-at-the-heart-of-nice-meridia\/\">Institut de Physique de Nice (INPHYNI): A Center of Excellence at the Heart of Nice M\u00e9ridia<\/a><\/li>\n<\/ul>","protected":false},"excerpt":{"rendered":"<p>Centrale Marseille has undergone a transformation by becoming Centrale M\u00e9diterran\u00e9e, but it has also expanded. Centrale M\u00e9diterran\u00e9e is a public Grande \u00c9cole of engineering within the prestigious Groupe des \u00c9coles Centrale, and is located in two cities: Marseille and Nice. It offers a complete range of training courses, from post-baccalaureate to doctorate level. The Nice [&hellip;]<\/p>\n","protected":false},"author":14,"featured_media":14421,"comment_status":"closed","ping_status":"closed","sticky":false,"template":"","format":"standard","meta":{"_mi_skip_tracking":false,"_monsterinsights_sitenote_active":false,"_monsterinsights_sitenote_note":"","_monsterinsights_sitenote_category":0},"categories":[98,94,101,102,134],"tags":[],"acf":[],"yoast_head":"<!-- This site is optimized with the Yoast SEO plugin v19.12 - https:\/\/yoast.com\/wordpress\/plugins\/seo\/ -->\n<title>Centrale M\u00e9diterran\u00e9e in Nice: Inauguration - Invest in C\u00f4te d&#039;Azur France<\/title>\n<meta name=\"description\" content=\"Centrale M\u00e9diterran\u00e9e settles in Nice, at the heart of the Nice M\u00e9ridia eco-district (Nice Ecovall\u00e9e). The inauguration took place in the presence of Christian Estrosi, Mayor of Nice and President of the Nice C\u00f4te d&#039;Azur Metropolis.\" \/>\n<meta name=\"robots\" content=\"index, follow, max-snippet:-1, max-image-preview:large, max-video-preview:-1\" \/>\n<link rel=\"canonical\" href=\"https:\/\/www.investincotedazur.com\/en\/centrale-mediterranee-in-nice-inauguration\/\" \/>\n<meta property=\"og:locale\" content=\"en_US\" \/>\n<meta property=\"og:type\" content=\"article\" \/>\n<meta property=\"og:title\" content=\"Centrale M\u00e9diterran\u00e9e in Nice: Inauguration - Invest in C\u00f4te d&#039;Azur France\" \/>\n<meta property=\"og:description\" content=\"Centrale M\u00e9diterran\u00e9e settles in Nice, at the heart of the Nice M\u00e9ridia eco-district (Nice Ecovall\u00e9e). The inauguration took place in the presence of Christian Estrosi, Mayor of Nice and President of the Nice C\u00f4te d&#039;Azur Metropolis.\" \/>\n<meta property=\"og:url\" content=\"https:\/\/www.investincotedazur.com\/en\/centrale-mediterranee-in-nice-inauguration\/\" \/>\n<meta property=\"og:site_name\" content=\"Invest in C\u00f4te d&#039;Azur\" \/>\n<meta property=\"article:published_time\" content=\"2023-03-13T13:37:57+00:00\" \/>\n<meta property=\"article:modified_time\" content=\"2025-08-06T09:58:48+00:00\" \/>\n<meta property=\"og:image\" content=\"https:\/\/www.investincotedazur.com\/wp-content\/uploads\/2023\/02\/Centrale-Mediterrannee-Nice.png\" \/>\n\t<meta property=\"og:image:width\" content=\"1080\" \/>\n\t<meta property=\"og:image:height\" content=\"1080\" \/>\n\t<meta property=\"og:image:type\" content=\"image\/png\" \/>\n<meta name=\"author\" content=\"Jose Perez Gabarron\" \/>\n<meta name=\"twitter:card\" content=\"summary_large_image\" \/>\n<meta name=\"twitter:creator\" content=\"@Investcotedazur\" \/>\n<meta name=\"twitter:site\" content=\"@Investcotedazur\" \/>\n<meta name=\"twitter:label1\" content=\"Written by\" \/>\n\t<meta name=\"twitter:data1\" content=\"Jose Perez Gabarron\" \/>\n\t<meta name=\"twitter:label2\" content=\"Est. reading time\" \/>\n\t<meta name=\"twitter:data2\" content=\"3 minutes\" \/>\n<script type=\"application\/ld+json\" class=\"yoast-schema-graph\">{\"@context\":\"https:\/\/schema.org\",\"@graph\":[{\"@type\":\"Article\",\"@id\":\"https:\/\/www.investincotedazur.com\/en\/centrale-mediterranee-in-nice-inauguration\/#article\",\"isPartOf\":{\"@id\":\"https:\/\/www.investincotedazur.com\/en\/centrale-mediterranee-in-nice-inauguration\/\"},\"author\":{\"name\":\"Jose Perez Gabarron\",\"@id\":\"https:\/\/www.investincotedazur.com\/en\/#\/schema\/person\/ebbeede4229d29e0861488f2bd1036d9\"},\"headline\":\"Centrale M\u00e9diterran\u00e9e in Nice: Inauguration\",\"datePublished\":\"2023-03-13T13:37:57+00:00\",\"dateModified\":\"2025-08-06T09:58:48+00:00\",\"mainEntityOfPage\":{\"@id\":\"https:\/\/www.investincotedazur.com\/en\/centrale-mediterranee-in-nice-inauguration\/\"},\"wordCount\":423,\"publisher\":{\"@id\":\"https:\/\/www.investincotedazur.com\/en\/#organization\"},\"articleSection\":[\"Business Setup\",\"Higher Education\",\"IT\",\"Nice C\u00f4te d'Azur Metropolis\",\"Nice Ecovall\u00e9e\"],\"inLanguage\":\"en-US\"},{\"@type\":\"WebPage\",\"@id\":\"https:\/\/www.investincotedazur.com\/en\/centrale-mediterranee-in-nice-inauguration\/\",\"url\":\"https:\/\/www.investincotedazur.com\/en\/centrale-mediterranee-in-nice-inauguration\/\",\"name\":\"Centrale M\u00e9diterran\u00e9e in Nice: Inauguration - Invest in C\u00f4te d&#039;Azur France\",\"isPartOf\":{\"@id\":\"https:\/\/www.investincotedazur.com\/en\/#website\"},\"datePublished\":\"2023-03-13T13:37:57+00:00\",\"dateModified\":\"2025-08-06T09:58:48+00:00\",\"description\":\"Centrale M\u00e9diterran\u00e9e settles in Nice, at the heart of the Nice M\u00e9ridia eco-district (Nice Ecovall\u00e9e). The inauguration took place in the presence of Christian Estrosi, Mayor of Nice and President of the Nice C\u00f4te d'Azur Metropolis.\",\"inLanguage\":\"en-US\",\"potentialAction\":[{\"@type\":\"ReadAction\",\"target\":[\"https:\/\/www.investincotedazur.com\/en\/centrale-mediterranee-in-nice-inauguration\/\"]}]},{\"@type\":\"WebSite\",\"@id\":\"https:\/\/www.investincotedazur.com\/en\/#website\",\"url\":\"https:\/\/www.investincotedazur.com\/en\/\",\"name\":\"Invest in C\u00f4te d'Azur\",\"description\":\"\",\"publisher\":{\"@id\":\"https:\/\/www.investincotedazur.com\/en\/#organization\"},\"alternateName\":\"Invest in C\u00f4te d'Azur\",\"potentialAction\":[{\"@type\":\"SearchAction\",\"target\":{\"@type\":\"EntryPoint\",\"urlTemplate\":\"https:\/\/www.investincotedazur.com\/en\/?s={search_term_string}\"},\"query-input\":\"required name=search_term_string\"}],\"inLanguage\":\"en-US\"},{\"@type\":\"Organization\",\"@id\":\"https:\/\/www.investincotedazur.com\/en\/#organization\",\"name\":\"Invest in C\u00f4te d'Azur\",\"alternateName\":\"Invest in C\u00f4te d'Azur\",\"url\":\"https:\/\/www.investincotedazur.com\/en\/\",\"logo\":{\"@type\":\"ImageObject\",\"inLanguage\":\"en-US\",\"@id\":\"https:\/\/www.investincotedazur.com\/en\/#\/schema\/logo\/image\/\",\"url\":\"https:\/\/www.investincotedazur.com\/wp-content\/uploads\/2023\/05\/cropped-New-missions-3.png\",\"contentUrl\":\"https:\/\/www.investincotedazur.com\/wp-content\/uploads\/2023\/05\/cropped-New-missions-3.png\",\"width\":512,\"height\":512,\"caption\":\"Invest in C\u00f4te d'Azur\"},\"image\":{\"@id\":\"https:\/\/www.investincotedazur.com\/en\/#\/schema\/logo\/image\/\"},\"sameAs\":[\"https:\/\/www.linkedin.com\/company\/investincotedazur\/\",\"https:\/\/twitter.com\/Investcotedazur\"]},{\"@type\":\"Person\",\"@id\":\"https:\/\/www.investincotedazur.com\/en\/#\/schema\/person\/ebbeede4229d29e0861488f2bd1036d9\",\"name\":\"Jose Perez Gabarron\",\"image\":{\"@type\":\"ImageObject\",\"inLanguage\":\"en-US\",\"@id\":\"https:\/\/www.investincotedazur.com\/en\/#\/schema\/person\/image\/\",\"url\":\"https:\/\/secure.gravatar.com\/avatar\/20ec9e74f48620b8ee4253da6b114950?s=96&d=mm&r=g\",\"contentUrl\":\"https:\/\/secure.gravatar.com\/avatar\/20ec9e74f48620b8ee4253da6b114950?s=96&d=mm&r=g\",\"caption\":\"Jose Perez Gabarron\"}}]}<\/script>\n<!-- \/ Yoast SEO plugin. -->","yoast_head_json":{"title":"Centrale M\u00e9diterran\u00e9e in Nice: Inauguration - Invest in C\u00f4te d&#039;Azur France","description":"Centrale M\u00e9diterran\u00e9e settles in Nice, at the heart of the Nice M\u00e9ridia eco-district (Nice Ecovall\u00e9e). The inauguration took place in the presence of Christian Estrosi, Mayor of Nice and President of the Nice C\u00f4te d'Azur Metropolis.","robots":{"index":"index","follow":"follow","max-snippet":"max-snippet:-1","max-image-preview":"max-image-preview:large","max-video-preview":"max-video-preview:-1"},"canonical":"https:\/\/www.investincotedazur.com\/en\/centrale-mediterranee-in-nice-inauguration\/","og_locale":"en_US","og_type":"article","og_title":"Centrale M\u00e9diterran\u00e9e in Nice: Inauguration - Invest in C\u00f4te d&#039;Azur France","og_description":"Centrale M\u00e9diterran\u00e9e settles in Nice, at the heart of the Nice M\u00e9ridia eco-district (Nice Ecovall\u00e9e). The inauguration took place in the presence of Christian Estrosi, Mayor of Nice and President of the Nice C\u00f4te d'Azur Metropolis.","og_url":"https:\/\/www.investincotedazur.com\/en\/centrale-mediterranee-in-nice-inauguration\/","og_site_name":"Invest in C\u00f4te d&#039;Azur","article_published_time":"2023-03-13T13:37:57+00:00","article_modified_time":"2025-08-06T09:58:48+00:00","og_image":[{"width":1080,"height":1080,"url":"https:\/\/www.investincotedazur.com\/wp-content\/uploads\/2023\/02\/Centrale-Mediterrannee-Nice.png","type":"image\/png"}],"author":"Jose Perez Gabarron","twitter_card":"summary_large_image","twitter_creator":"@Investcotedazur","twitter_site":"@Investcotedazur","twitter_misc":{"Written by":"Jose Perez Gabarron","Est. reading time":"3 minutes"},"schema":{"@context":"https:\/\/schema.org","@graph":[{"@type":"Article","@id":"https:\/\/www.investincotedazur.com\/en\/centrale-mediterranee-in-nice-inauguration\/#article","isPartOf":{"@id":"https:\/\/www.investincotedazur.com\/en\/centrale-mediterranee-in-nice-inauguration\/"},"author":{"name":"Jose Perez Gabarron","@id":"https:\/\/www.investincotedazur.com\/en\/#\/schema\/person\/ebbeede4229d29e0861488f2bd1036d9"},"headline":"Centrale M\u00e9diterran\u00e9e in Nice: Inauguration","datePublished":"2023-03-13T13:37:57+00:00","dateModified":"2025-08-06T09:58:48+00:00","mainEntityOfPage":{"@id":"https:\/\/www.investincotedazur.com\/en\/centrale-mediterranee-in-nice-inauguration\/"},"wordCount":423,"publisher":{"@id":"https:\/\/www.investincotedazur.com\/en\/#organization"},"articleSection":["Business Setup","Higher Education","IT","Nice C\u00f4te d'Azur Metropolis","Nice Ecovall\u00e9e"],"inLanguage":"en-US"},{"@type":"WebPage","@id":"https:\/\/www.investincotedazur.com\/en\/centrale-mediterranee-in-nice-inauguration\/","url":"https:\/\/www.investincotedazur.com\/en\/centrale-mediterranee-in-nice-inauguration\/","name":"Centrale M\u00e9diterran\u00e9e in Nice: Inauguration - Invest in C\u00f4te d&#039;Azur France","isPartOf":{"@id":"https:\/\/www.investincotedazur.com\/en\/#website"},"datePublished":"2023-03-13T13:37:57+00:00","dateModified":"2025-08-06T09:58:48+00:00","description":"Centrale M\u00e9diterran\u00e9e settles in Nice, at the heart of the Nice M\u00e9ridia eco-district (Nice Ecovall\u00e9e). The inauguration took place in the presence of Christian Estrosi, Mayor of Nice and President of the Nice C\u00f4te d'Azur Metropolis.","inLanguage":"en-US","potentialAction":[{"@type":"ReadAction","target":["https:\/\/www.investincotedazur.com\/en\/centrale-mediterranee-in-nice-inauguration\/"]}]},{"@type":"WebSite","@id":"https:\/\/www.investincotedazur.com\/en\/#website","url":"https:\/\/www.investincotedazur.com\/en\/","name":"Invest in C\u00f4te d'Azur","description":"","publisher":{"@id":"https:\/\/www.investincotedazur.com\/en\/#organization"},"alternateName":"Invest in C\u00f4te d'Azur","potentialAction":[{"@type":"SearchAction","target":{"@type":"EntryPoint","urlTemplate":"https:\/\/www.investincotedazur.com\/en\/?s={search_term_string}"},"query-input":"required name=search_term_string"}],"inLanguage":"en-US"},{"@type":"Organization","@id":"https:\/\/www.investincotedazur.com\/en\/#organization","name":"Invest in C\u00f4te d'Azur","alternateName":"Invest in C\u00f4te d'Azur","url":"https:\/\/www.investincotedazur.com\/en\/","logo":{"@type":"ImageObject","inLanguage":"en-US","@id":"https:\/\/www.investincotedazur.com\/en\/#\/schema\/logo\/image\/","url":"https:\/\/www.investincotedazur.com\/wp-content\/uploads\/2023\/05\/cropped-New-missions-3.png","contentUrl":"https:\/\/www.investincotedazur.com\/wp-content\/uploads\/2023\/05\/cropped-New-missions-3.png","width":512,"height":512,"caption":"Invest in C\u00f4te d'Azur"},"image":{"@id":"https:\/\/www.investincotedazur.com\/en\/#\/schema\/logo\/image\/"},"sameAs":["https:\/\/www.linkedin.com\/company\/investincotedazur\/","https:\/\/twitter.com\/Investcotedazur"]},{"@type":"Person","@id":"https:\/\/www.investincotedazur.com\/en\/#\/schema\/person\/ebbeede4229d29e0861488f2bd1036d9","name":"Jose Perez Gabarron","image":{"@type":"ImageObject","inLanguage":"en-US","@id":"https:\/\/www.investincotedazur.com\/en\/#\/schema\/person\/image\/","url":"https:\/\/secure.gravatar.com\/avatar\/20ec9e74f48620b8ee4253da6b114950?s=96&d=mm&r=g","contentUrl":"https:\/\/secure.gravatar.com\/avatar\/20ec9e74f48620b8ee4253da6b114950?s=96&d=mm&r=g","caption":"Jose Perez Gabarron"}}]}},"_links":{"self":[{"href":"https:\/\/www.investincotedazur.com\/en\/wp-json\/wp\/v2\/posts\/14654"}],"collection":[{"href":"https:\/\/www.investincotedazur.com\/en\/wp-json\/wp\/v2\/posts"}],"about":[{"href":"https:\/\/www.investincotedazur.com\/en\/wp-json\/wp\/v2\/types\/post"}],"author":[{"embeddable":true,"href":"https:\/\/www.investincotedazur.com\/en\/wp-json\/wp\/v2\/users\/14"}],"replies":[{"embeddable":true,"href":"https:\/\/www.investincotedazur.com\/en\/wp-json\/wp\/v2\/comments?post=14654"}],"version-history":[{"count":3,"href":"https:\/\/www.investincotedazur.com\/en\/wp-json\/wp\/v2\/posts\/14654\/revisions"}],"predecessor-version":[{"id":24273,"href":"https:\/\/www.investincotedazur.com\/en\/wp-json\/wp\/v2\/posts\/14654\/revisions\/24273"}],"wp:featuredmedia":[{"embeddable":true,"href":"https:\/\/www.investincotedazur.com\/en\/wp-json\/wp\/v2\/media\/14421"}],"wp:attachment":[{"href":"https:\/\/www.investincotedazur.com\/en\/wp-json\/wp\/v2\/media?parent=14654"}],"wp:term":[{"taxonomy":"category","embeddable":true,"href":"https:\/\/www.investincotedazur.com\/en\/wp-json\/wp\/v2\/categories?post=14654"},{"taxonomy":"post_tag","embeddable":true,"href":"https:\/\/www.investincotedazur.com\/en\/wp-json\/wp\/v2\/tags?post=14654"}],"curies":[{"name":"wp","href":"https:\/\/api.w.org\/{rel}","templated":true}]}}